{"id":3824,"date":"2019-08-14T01:56:25","date_gmt":"2019-08-14T01:56:25","guid":{"rendered":"https:\/\/jorgezanoni.com.br\/2019\/?p=3824"},"modified":"2019-08-14T01:56:25","modified_gmt":"2019-08-14T01:56:25","slug":"incendio-atinge-area-verde-de-ilha-no-rio-parana-na-regiao-de-castilho","status":"publish","type":"post","link":"https:\/\/jorgezanoni.com.br\/2019\/incendio-atinge-area-verde-de-ilha-no-rio-parana-na-regiao-de-castilho\/","title":{"rendered":"Inc\u00eandio atinge \u00e1rea verde de ilha no Rio Paran\u00e1 na regi\u00e3o de Castilho"},"content":{"rendered":"<h2 class=\"content-head__subtitle\" style=\"text-align: justify;\"><strong>Ilha \u00e9 extensa e tem cerca de 18 quil\u00f4metros de uma ponta a outra.<\/strong><\/h2>\n<div class=\"mc-column content-text active-extra-styles \" data-block-type=\"unstyled\" data-block-weight=\"39\" data-block-id=\"2\">\n<p class=\"content-text__container \" style=\"text-align: justify;\" data-track-category=\"Link no Texto\" data-track-links=\"\">Durou pelo menos tr\u00eas dias o inc\u00eandio que destruiu uma das maiores ilhas de \u00e1gua doce do centro sul brasileiro \u2013 que fica em Castilho (SP), na regi\u00e3o noroeste paulista, na divisa com o Mato Grosso do Sul.<\/p>\n<\/div>\n<div class=\"wall protected-content\">\n<div class=\"mc-column content-text active-extra-styles \" style=\"text-align: justify;\" data-block-type=\"unstyled\" data-block-weight=\"31\" data-block-id=\"3\">\n<p class=\"content-text__container \" data-track-category=\"Link no Texto\" data-track-links=\"\">Na \u00e1rea por onde o fogo passou, restaram apenas cinzas e troncos de \u00e1rvores totalmente queimados. A ilha \u00e9 extensa e tem cerca de 18 quil\u00f4metros de uma ponta a outra.<\/p>\n<\/div>\n<div class=\"mc-column content-text active-extra-styles \" style=\"text-align: justify;\" data-block-type=\"unstyled\" data-block-weight=\"33\" data-block-id=\"4\">\n<p class=\"content-text__container \" data-track-category=\"Link no Texto\" data-track-links=\"\">Segundo os moradores da regi\u00e3o, o fogo come\u00e7ou no fim de semana. Por causa do vento e da vegeta\u00e7\u00e3o bem seca se alastrou com facilidade. Ainda n\u00e3o se sabe as causas do inc\u00eandio.<\/p>\n<\/div>\n<div class=\"mc-column content-text active-extra-styles \" style=\"text-align: justify;\" data-block-type=\"unstyled\" data-block-weight=\"40\" data-block-id=\"5\">\n<p class=\"content-text__container \" data-track-category=\"Link no Texto\" data-track-links=\"\">A Ilha Comprida, que j\u00e1 foi habitada, era distrito de Tr\u00eas Lagoas (MS). Ela fica no meio do Rio Paran\u00e1, na divisa com o Estado de S\u00e3o Paulo, num trecho que faz parte do reservat\u00f3rio da hidrel\u00e9trica de Porto Primavera.<\/p>\n<\/div>\n<div class=\"mc-column content-text active-extra-styles \" data-block-type=\"unstyled\" data-block-weight=\"35\" data-block-id=\"6\">\n<p class=\"content-text__container \" style=\"text-align: justify;\" data-track-category=\"Link no Texto\" data-track-links=\"\">A \u00e1rea \u00e9 uma RPPN (Reserva Particular do Patrim\u00f4nio Natural) e pertence a concession\u00e1ria da usina. Sem moradores h\u00e1 quase 20 anos, a ilha \u00e9 ref\u00fagio de v\u00e1rias esp\u00e9cies de aves, r\u00e9pteis e mam\u00edferos.<\/p>\n<div class=\"mc-column content-text active-extra-styles \" style=\"text-align: justify;\" data-block-type=\"unstyled\" data-block-weight=\"26\" data-block-id=\"9\">\n<p class=\"content-text__container \" data-track-category=\"Link no Texto\" data-track-links=\"\">\u201c\u00c9 um local que tem on\u00e7a, capivara, cateto, p\u00e1ssaros. Creio que nessa propor\u00e7\u00e3o muitos morreram\u201d, afirma o dono de pousada na regi\u00e3o Marcelo Carlos Pinto.<\/p>\n<\/div>\n<div class=\"mc-column content-text active-extra-styles \" style=\"text-align: justify;\" data-block-type=\"unstyled\" data-block-weight=\"31\" data-block-id=\"10\">\n<p class=\"content-text__container \" data-track-category=\"Link no Texto\" data-track-links=\"\">No fim da tarde desta ter\u00e7a-feira (13), equipes da Pol\u00edcia Militar sobrevoaram a \u00e1rea com o helic\u00f3ptero \u00c1guia e bombeiros tamb\u00e9m foram at\u00e9 o local pra fazer um monitoramento do local.<\/p>\n<\/div>\n<div class=\"mc-column content-text active-extra-styles \" data-block-type=\"unstyled\" data-block-weight=\"38\" data-block-id=\"11\">\n<p class=\"content-text__container \" style=\"text-align: justify;\" data-track-category=\"Link no Texto\" data-track-links=\"\">Eles disseram que o fogo queimou boa parte da ilha, mas que o inc\u00eandio j\u00e1 foi controlado. A Cesp, concession\u00e1ria da hidrel\u00e9trica mais pr\u00f3xima dessa ilha, disse que vai mandar equipes para a ilha para avaliar esse estrago.<\/p>\n<p data-track-category=\"Link no Texto\" data-track-links=\"\"><img loading=\"lazy\" decoding=\"async\" class=\"alignnone size-full wp-image-3825\" src=\"https:\/\/jorgezanoni.com.br\/2019\/wp-content\/uploads\/2019\/08\/ilha-1.jpg\" alt=\"\" width=\"1000\" height=\"561\" srcset=\"https:\/\/jorgezanoni.com.br\/2019\/wp-content\/uploads\/2019\/08\/ilha-1.jpg 1000w, https:\/\/jorgezanoni.com.br\/2019\/wp-content\/uploads\/2019\/08\/ilha-1-300x168.jpg 300w, https:\/\/jorgezanoni.com.br\/2019\/wp-content\/uploads\/2019\/08\/ilha-1-768x431.jpg 768w, https:\/\/jorgezanoni.com.br\/2019\/wp-content\/uploads\/2019\/08\/ilha-1-696x390.jpg 696w, https:\/\/jorgezanoni.com.br\/2019\/wp-content\/uploads\/2019\/08\/ilha-1-749x420.jpg 749w\" sizes=\"auto, (max-width: 1000px) 100vw, 1000px\" \/><\/p>\n<p data-track-category=\"Link no Texto\" data-track-links=\"\"><strong>Fuma\u00e7a na ilha d\u00e1 para ser vista de longe no Rio Paran\u00e1 \u2014 Foto: Reprodu\u00e7\u00e3o\/TV TEM<\/strong><\/p>\n<p style=\"text-align: justify;\" data-track-category=\"Link no Texto\" data-track-links=\"\">Fonte: https:\/\/g1.globo.com\/sp\/sao-jose-do-rio-preto-aracatuba\/noticia\/2019\/08\/13\/incendio-atinge-area-verde-de-ilha-no-rio-parana-na-regiao-de-castilho.ghtml<\/p>\n<\/div>\n<\/div>\n<\/div>\n","protected":false},"excerpt":{"rendered":"<p>Ilha \u00e9 extensa e tem cerca de 18 quil\u00f4metros de uma ponta a outra. Durou pelo menos tr\u00eas dias o inc\u00eandio que destruiu uma das maiores ilhas de \u00e1gua doce do centro sul brasileiro \u2013 que fica em Castilho (SP), na regi\u00e3o noroeste paulista, na divisa com o Mato Grosso do Sul. Na \u00e1rea por [&hellip;]<\/p>\n","protected":false},"author":1,"featured_media":3826,"comment_status":"closed","ping_status":"open","sticky":false,"template":"","format":"standard","meta":{"footnotes":""},"categories":[176,110],"tags":[],"class_list":["post-3824","post","type-post","status-publish","format-standard","has-post-thumbnail","hentry","category-meioambienteeagricultura","category-noticiasdestaque"],"_links":{"self":[{"href":"https:\/\/jorgezanoni.com.br\/2019\/wp-json\/wp\/v2\/posts\/3824","targetHints":{"allow":["GET"]}}],"collection":[{"href":"https:\/\/jorgezanoni.com.br\/2019\/wp-json\/wp\/v2\/posts"}],"about":[{"href":"https:\/\/jorgezanoni.com.br\/2019\/wp-json\/wp\/v2\/types\/post"}],"author":[{"embeddable":true,"href":"https:\/\/jorgezanoni.com.br\/2019\/wp-json\/wp\/v2\/users\/1"}],"replies":[{"embeddable":true,"href":"https:\/\/jorgezanoni.com.br\/2019\/wp-json\/wp\/v2\/comments?post=3824"}],"version-history":[{"count":0,"href":"https:\/\/jorgezanoni.com.br\/2019\/wp-json\/wp\/v2\/posts\/3824\/revisions"}],"wp:featuredmedia":[{"embeddable":true,"href":"https:\/\/jorgezanoni.com.br\/2019\/wp-json\/wp\/v2\/media\/3826"}],"wp:attachment":[{"href":"https:\/\/jorgezanoni.com.br\/2019\/wp-json\/wp\/v2\/media?parent=3824"}],"wp:term":[{"taxonomy":"category","embeddable":true,"href":"https:\/\/jorgezanoni.com.br\/2019\/wp-json\/wp\/v2\/categories?post=3824"},{"taxonomy":"post_tag","embeddable":true,"href":"https:\/\/jorgezanoni.com.br\/2019\/wp-json\/wp\/v2\/tags?post=3824"}],"curies":[{"name":"wp","href":"https:\/\/api.w.org\/{rel}","templated":true}]}}