{"id":38193,"date":"2020-11-06T01:47:56","date_gmt":"2020-11-06T01:47:56","guid":{"rendered":"https:\/\/jorgezanoni.com.br\/2019\/?p=38193"},"modified":"2020-11-06T01:47:56","modified_gmt":"2020-11-06T01:47:56","slug":"radio-liberal-fm-completa-hoje-30-anos-de-fundacao","status":"publish","type":"post","link":"https:\/\/jorgezanoni.com.br\/2019\/radio-liberal-fm-completa-hoje-30-anos-de-fundacao\/","title":{"rendered":"R\u00e1dio Liberal FM completa hoje, 30 anos de funda\u00e7\u00e3o"},"content":{"rendered":"<p style=\"text-align: justify;\">R\u00e1dio Liberal, primeira emissora FM de Dracena, inaugurada em 5 de novembro de 1990 tendo como fundador e idealizador Oswaldo Paulino dos Santos (in mem\u00f3ria).\u00a0Iniciou com pot\u00eancia de mil watts e equipamentos anal\u00f3gicos sendo os melhores para \u00e9poca. Em 98, teve uma grande virada, aumentando a pot\u00eancia para 10 mil watts. Atualmente j\u00e1 opera com 20 mil watts de pot\u00eancia, utilizando equipamentos digitais no est\u00fadio, bem como em seu transmissor. Em 2016, completou 26 anos no ar.\u00a0Renato Rocha, Titio Alem\u00e3o, Alex Santos, Fernando Pereira, Rodrigo Teodoro e Cris Marques s\u00e3o os respons\u00e1veis por levarem a m\u00fasica, o entretenimento e a informa\u00e7\u00e3o at\u00e9 o seu r\u00e1dio. O comando fica a cargo dos diretores Rui Palma e Gisele Palma, al\u00e9m do gerente comercial Luiz Antonio Jacon.\u00a0 Com uma programa\u00e7\u00e3o variada nos estilos sertanejo e popular, a Liberal firma cada dia mais seu nome na regi\u00e3o. Liberal Fm, aqui \u00e9 bem melhor!<\/p>\n<ul id=\"lista-de-equipe\">\n<li><\/li>\n<li><center><img decoding=\"async\" src=\"http:\/\/www.liberalfm.com.br\/arquivo\/equipe\/thumb217x161\/marco-antoniojpg15241390685ad8843c7f366.jpg\" alt=\"Marco Antonio\" \/>\u00a0Marco Antonio<br \/>\nLocutor<\/center><\/li>\n<li><\/li>\n<li><center><img decoding=\"async\" src=\"http:\/\/www.liberalfm.com.br\/arquivo\/equipe\/thumb217x161\/estudio-principal-da-liberal-fmjpg13373439204fb63fb057fd5.JPG\" alt=\"Espa\u00e7o F\u00edsico\" \/>\u00a0Espa\u00e7o F\u00edsico<br \/>\nEst\u00fadio Principal<\/center><\/li>\n<li><\/li>\n<li><center><img decoding=\"async\" src=\"http:\/\/www.liberalfm.com.br\/arquivo\/equipe\/thumb217x161\/rui-palmajpg13372819784fb54dba092eb.JPG\" alt=\"Rui Palma\" \/>\u00a0Rui Palma<br \/>\nDiretor Presidente<\/center><\/li>\n<li><\/li>\n<li><center><img decoding=\"async\" src=\"http:\/\/www.liberalfm.com.br\/arquivo\/equipe\/thumb217x161\/luiz-jacon-gerente-cialjpg13366786104fac18d219cf7.JPG\" alt=\"Luis Jacon\" \/>\u00a0Luis Jacon<br \/>\nGerente Comercial<\/center><\/li>\n<li><\/li>\n<li><center><img decoding=\"async\" src=\"http:\/\/www.liberalfm.com.br\/arquivo\/equipe\/thumb217x161\/katia-regina-dept-financeirojpg13366786514fac18fbd4317.JPG\" alt=\"K\u00e1tia Regina\" \/>\u00a0K\u00e1tia Regina<br \/>\nDepartamento Financeiro<\/center><\/li>\n<li><\/li>\n<li><center><img decoding=\"async\" src=\"http:\/\/www.liberalfm.com.br\/arquivo\/equipe\/thumb217x161\/rodrigo-teodoro-locutorjpg13376053114fba3cbfc1dce.JPG\" alt=\"Rodrigo Teodoro\" \/>\u00a0Rodrigo Teodoro<br \/>\nLocutor<\/center><\/li>\n<li><\/li>\n<li><center><img decoding=\"async\" src=\"http:\/\/www.liberalfm.com.br\/arquivo\/equipe\/thumb217x161\/alex-santos-locutorjpg13366773144fac13c2c9eb3.JPG\" alt=\"Alex Santos\" \/>\u00a0Alex Santos<br \/>\nProdutor Comercial e Locutor<\/center><\/li>\n<li><\/li>\n<li><center><img decoding=\"async\" src=\"http:\/\/www.liberalfm.com.br\/arquivo\/equipe\/thumb217x161\/fernando-pereira-locutorjpg13366772874fac13a7eee16.JPG\" alt=\"Fernando Pereira\" \/>\u00a0Fernando Pereira<br \/>\nLocutor<\/center><\/li>\n<li><\/li>\n<li><center><img decoding=\"async\" src=\"http:\/\/www.liberalfm.com.br\/arquivo\/equipe\/thumb217x161\/renato-rocha-locutor-sertanejojpg13366771794fac133be6286.JPG\" alt=\"Renato Rocha\" \/>\u00a0Renato Rocha<br \/>\nLocutor<\/center><\/li>\n<li><\/li>\n<li><center><img decoding=\"async\" src=\"http:\/\/www.liberalfm.com.br\/arquivo\/equipe\/thumb217x161\/titio-alemao-locutorjpg13366772594fac138b8bd37.JPG\" alt=\"Titio Alem\u00e3o\" \/>\u00a0Titio Alem\u00e3o<br \/>\nLocutor<\/center><\/li>\n<li><\/li>\n<li><center><img decoding=\"async\" src=\"http:\/\/www.liberalfm.com.br\/arquivo\/equipe\/thumb217x161\/cris-marques-apresentadora-do-jornal-da-liberal-e-produtorajpg13366773604fac13f09f8a7.JPG\" alt=\"Cris Marques\" \/>\u00a0Cris Marques<br \/>\nLocutora<\/center><\/li>\n<\/ul>\n<p><img loading=\"lazy\" decoding=\"async\" class=\"alignnone size-full wp-image-38194\" src=\"https:\/\/jorgezanoni.com.br\/2019\/wp-content\/uploads\/2020\/11\/Liberal.jpg\" alt=\"\" width=\"1280\" height=\"1280\" srcset=\"https:\/\/jorgezanoni.com.br\/2019\/wp-content\/uploads\/2020\/11\/Liberal.jpg 1280w, https:\/\/jorgezanoni.com.br\/2019\/wp-content\/uploads\/2020\/11\/Liberal-300x300.jpg 300w, https:\/\/jorgezanoni.com.br\/2019\/wp-content\/uploads\/2020\/11\/Liberal-1024x1024.jpg 1024w, https:\/\/jorgezanoni.com.br\/2019\/wp-content\/uploads\/2020\/11\/Liberal-150x150.jpg 150w, https:\/\/jorgezanoni.com.br\/2019\/wp-content\/uploads\/2020\/11\/Liberal-768x768.jpg 768w, https:\/\/jorgezanoni.com.br\/2019\/wp-content\/uploads\/2020\/11\/Liberal-696x696.jpg 696w, https:\/\/jorgezanoni.com.br\/2019\/wp-content\/uploads\/2020\/11\/Liberal-1068x1068.jpg 1068w, https:\/\/jorgezanoni.com.br\/2019\/wp-content\/uploads\/2020\/11\/Liberal-420x420.jpg 420w\" sizes=\"auto, (max-width: 1280px) 100vw, 1280px\" \/> <img loading=\"lazy\" decoding=\"async\" class=\"alignnone size-full wp-image-38195\" src=\"https:\/\/jorgezanoni.com.br\/2019\/wp-content\/uploads\/2020\/11\/Liberal1.jpg\" alt=\"\" width=\"1280\" height=\"1280\" srcset=\"https:\/\/jorgezanoni.com.br\/2019\/wp-content\/uploads\/2020\/11\/Liberal1.jpg 1280w, https:\/\/jorgezanoni.com.br\/2019\/wp-content\/uploads\/2020\/11\/Liberal1-300x300.jpg 300w, https:\/\/jorgezanoni.com.br\/2019\/wp-content\/uploads\/2020\/11\/Liberal1-1024x1024.jpg 1024w, https:\/\/jorgezanoni.com.br\/2019\/wp-content\/uploads\/2020\/11\/Liberal1-150x150.jpg 150w, https:\/\/jorgezanoni.com.br\/2019\/wp-content\/uploads\/2020\/11\/Liberal1-768x768.jpg 768w, https:\/\/jorgezanoni.com.br\/2019\/wp-content\/uploads\/2020\/11\/Liberal1-696x696.jpg 696w, https:\/\/jorgezanoni.com.br\/2019\/wp-content\/uploads\/2020\/11\/Liberal1-1068x1068.jpg 1068w, https:\/\/jorgezanoni.com.br\/2019\/wp-content\/uploads\/2020\/11\/Liberal1-420x420.jpg 420w\" sizes=\"auto, (max-width: 1280px) 100vw, 1280px\" \/> <img loading=\"lazy\" decoding=\"async\" class=\"alignnone size-full wp-image-38196\" src=\"https:\/\/jorgezanoni.com.br\/2019\/wp-content\/uploads\/2020\/11\/Liberal2.jpg\" alt=\"\" width=\"1280\" height=\"1280\" srcset=\"https:\/\/jorgezanoni.com.br\/2019\/wp-content\/uploads\/2020\/11\/Liberal2.jpg 1280w, https:\/\/jorgezanoni.com.br\/2019\/wp-content\/uploads\/2020\/11\/Liberal2-300x300.jpg 300w, https:\/\/jorgezanoni.com.br\/2019\/wp-content\/uploads\/2020\/11\/Liberal2-1024x1024.jpg 1024w, https:\/\/jorgezanoni.com.br\/2019\/wp-content\/uploads\/2020\/11\/Liberal2-150x150.jpg 150w, https:\/\/jorgezanoni.com.br\/2019\/wp-content\/uploads\/2020\/11\/Liberal2-768x768.jpg 768w, https:\/\/jorgezanoni.com.br\/2019\/wp-content\/uploads\/2020\/11\/Liberal2-696x696.jpg 696w, https:\/\/jorgezanoni.com.br\/2019\/wp-content\/uploads\/2020\/11\/Liberal2-1068x1068.jpg 1068w, https:\/\/jorgezanoni.com.br\/2019\/wp-content\/uploads\/2020\/11\/Liberal2-420x420.jpg 420w\" sizes=\"auto, (max-width: 1280px) 100vw, 1280px\" \/><\/p>\n<p style=\"text-align: justify;\"><strong>O SITE JORGE ZANONI PARABENIZA OS DIRETORES E FUNCION\u00c1RIOS PELOS 30 ANOS DE SUCESSO EM DRACENA E REGI\u00c3O.<\/strong><\/p>\n","protected":false},"excerpt":{"rendered":"<p>R\u00e1dio Liberal, primeira emissora FM de Dracena, inaugurada em 5 de novembro de 1990 tendo como fundador e idealizador Oswaldo Paulino dos Santos (in mem\u00f3ria).\u00a0Iniciou com pot\u00eancia de mil watts e equipamentos anal\u00f3gicos sendo os melhores para \u00e9poca. Em 98, teve uma grande virada, aumentando a pot\u00eancia para 10 mil watts. Atualmente j\u00e1 opera com [&hellip;]<\/p>\n","protected":false},"author":1,"featured_media":38197,"comment_status":"closed","ping_status":"open","sticky":false,"template":"","format":"standard","meta":{"footnotes":""},"categories":[114,110],"tags":[],"class_list":["post-38193","post","type-post","status-publish","format-standard","has-post-thumbnail","hentry","category-geralecomercio","category-noticiasdestaque"],"_links":{"self":[{"href":"https:\/\/jorgezanoni.com.br\/2019\/wp-json\/wp\/v2\/posts\/38193","targetHints":{"allow":["GET"]}}],"collection":[{"href":"https:\/\/jorgezanoni.com.br\/2019\/wp-json\/wp\/v2\/posts"}],"about":[{"href":"https:\/\/jorgezanoni.com.br\/2019\/wp-json\/wp\/v2\/types\/post"}],"author":[{"embeddable":true,"href":"https:\/\/jorgezanoni.com.br\/2019\/wp-json\/wp\/v2\/users\/1"}],"replies":[{"embeddable":true,"href":"https:\/\/jorgezanoni.com.br\/2019\/wp-json\/wp\/v2\/comments?post=38193"}],"version-history":[{"count":0,"href":"https:\/\/jorgezanoni.com.br\/2019\/wp-json\/wp\/v2\/posts\/38193\/revisions"}],"wp:featuredmedia":[{"embeddable":true,"href":"https:\/\/jorgezanoni.com.br\/2019\/wp-json\/wp\/v2\/media\/38197"}],"wp:attachment":[{"href":"https:\/\/jorgezanoni.com.br\/2019\/wp-json\/wp\/v2\/media?parent=38193"}],"wp:term":[{"taxonomy":"category","embeddable":true,"href":"https:\/\/jorgezanoni.com.br\/2019\/wp-json\/wp\/v2\/categories?post=38193"},{"taxonomy":"post_tag","embeddable":true,"href":"https:\/\/jorgezanoni.com.br\/2019\/wp-json\/wp\/v2\/tags?post=38193"}],"curies":[{"name":"wp","href":"https:\/\/api.w.org\/{rel}","templated":true}]}}