{"id":38186,"date":"2020-11-06T00:13:13","date_gmt":"2020-11-06T00:13:13","guid":{"rendered":"https:\/\/jorgezanoni.com.br\/2019\/?p=38186"},"modified":"2020-11-06T00:13:13","modified_gmt":"2020-11-06T00:13:13","slug":"a-morte-da-pandemia","status":"publish","type":"post","link":"https:\/\/jorgezanoni.com.br\/2019\/a-morte-da-pandemia\/","title":{"rendered":"A Morte da Pandemia"},"content":{"rendered":"<p style=\"text-align: justify;\"><strong>A MORTE NA PANDEMIA<\/strong><\/p>\n<p style=\"text-align: justify;\">Por for\u00e7a do instinto de conserva\u00e7\u00e3o temos medo de morrer. Tanto as incertezas quanto a possibilidade de deixar de existir assustam as pessoas, e por esse motivo preferem ignorar a morte.\u00a0 Todos n\u00f3s vamos morrer um dia, a morte \u00e9 um fato natural da vida.<br \/>\nSe preparar para a morte \u00e9 viver uma vida mais digna. A aceita\u00e7\u00e3o d\u00e1 um suporte para que vivamos com leveza.<\/p>\n<p style=\"text-align: justify;\">As ocorr\u00eancias desta pandemia planet\u00e1ria, e outras formas de morrer, mostram que a morte pode chegar inesperadamente. Ent\u00e3o, a pessoa sensata n\u00e3o ir\u00e1 esperar uma incerta velhice para pensar e se organizar para a morte. \u00c9 preciso estar com a mala pronta.<\/p>\n<p style=\"text-align: justify;\">Essa realidade sobreleva em nossas vidas. Nossa perman\u00eancia aqui na terra tem por finalidade o desenvolvimento das nossas virtudes e nos conduzir \u00e0 felicidade plena.<\/p>\n<p style=\"text-align: justify;\">Por isso, a nossa maior preocupa\u00e7\u00e3o nesta terra \u00e9 o nosso aperfei\u00e7oamento intelectual, moral e dedica\u00e7\u00e3o com aqueles que est\u00e3o sob a nossa tutela e nossa amizade. Muitos se preocupam em garantir aos familiares os recursos materiais necess\u00e1rios e n\u00e3o se lembram do preparo para a vida moral, religiosa, espiritual.<\/p>\n<p style=\"text-align: justify;\">Pensando na possibilidade da terminalidade devemos nos organizar para transmitir um bom legado para nossos entes queridos.<\/p>\n<p style=\"text-align: justify;\">Postado por Cidinha Pascoaloto &#8211; Psic\u00f3loga &#8211; CRP 06\/158174<\/p>\n","protected":false},"excerpt":{"rendered":"<p>A MORTE NA PANDEMIA Por for\u00e7a do instinto de conserva\u00e7\u00e3o temos medo de morrer. Tanto as incertezas quanto a possibilidade de deixar de existir assustam as pessoas, e por esse motivo preferem ignorar a morte.\u00a0 Todos n\u00f3s vamos morrer um dia, a morte \u00e9 um fato natural da vida. Se preparar para a morte \u00e9 [&hellip;]<\/p>\n","protected":false},"author":1,"featured_media":38187,"comment_status":"closed","ping_status":"open","sticky":false,"template":"","format":"standard","meta":{"footnotes":""},"categories":[175],"tags":[],"class_list":["post-38186","post","type-post","status-publish","format-standard","has-post-thumbnail","hentry","category-artigos"],"_links":{"self":[{"href":"https:\/\/jorgezanoni.com.br\/2019\/wp-json\/wp\/v2\/posts\/38186","targetHints":{"allow":["GET"]}}],"collection":[{"href":"https:\/\/jorgezanoni.com.br\/2019\/wp-json\/wp\/v2\/posts"}],"about":[{"href":"https:\/\/jorgezanoni.com.br\/2019\/wp-json\/wp\/v2\/types\/post"}],"author":[{"embeddable":true,"href":"https:\/\/jorgezanoni.com.br\/2019\/wp-json\/wp\/v2\/users\/1"}],"replies":[{"embeddable":true,"href":"https:\/\/jorgezanoni.com.br\/2019\/wp-json\/wp\/v2\/comments?post=38186"}],"version-history":[{"count":0,"href":"https:\/\/jorgezanoni.com.br\/2019\/wp-json\/wp\/v2\/posts\/38186\/revisions"}],"wp:featuredmedia":[{"embeddable":true,"href":"https:\/\/jorgezanoni.com.br\/2019\/wp-json\/wp\/v2\/media\/38187"}],"wp:attachment":[{"href":"https:\/\/jorgezanoni.com.br\/2019\/wp-json\/wp\/v2\/media?parent=38186"}],"wp:term":[{"taxonomy":"category","embeddable":true,"href":"https:\/\/jorgezanoni.com.br\/2019\/wp-json\/wp\/v2\/categories?post=38186"},{"taxonomy":"post_tag","embeddable":true,"href":"https:\/\/jorgezanoni.com.br\/2019\/wp-json\/wp\/v2\/tags?post=38186"}],"curies":[{"name":"wp","href":"https:\/\/api.w.org\/{rel}","templated":true}]}}