{"id":38183,"date":"2020-11-06T00:00:57","date_gmt":"2020-11-06T00:00:57","guid":{"rendered":"https:\/\/jorgezanoni.com.br\/2019\/?p=38183"},"modified":"2020-11-06T00:00:57","modified_gmt":"2020-11-06T00:00:57","slug":"alunos-de-enfermagem-da-unifadra-realizam-atividades-de-prevencao-a-saude","status":"publish","type":"post","link":"https:\/\/jorgezanoni.com.br\/2019\/alunos-de-enfermagem-da-unifadra-realizam-atividades-de-prevencao-a-saude\/","title":{"rendered":"Alunos de Enfermagem da Unifadra realizam atividades de preven\u00e7\u00e3o \u00e0 sa\u00fade"},"content":{"rendered":"<p dir=\"ltr\" style=\"text-align: justify;\">Os alunos do 8\u00ba termo do curso de Enfermagem da Unifadra\/Fundec, que atuam no Est\u00e1gio Supervisionado em Aten\u00e7\u00e3o B\u00e1sica, modalidade Internato, est\u00e3o realizando atividades de conscientiza\u00e7\u00e3o e preven\u00e7\u00e3o \u00e0 sa\u00fade na feira livre de Dracena.<\/p>\n<p dir=\"ltr\" style=\"text-align: justify;\">No dia 28 de outubro, sob supervis\u00e3o da Profa. Esp. Regiane Palomo, os alunos realizaram a\u00e7\u00f5es de preven\u00e7\u00e3o voltadas para diab\u00e9ticos, hipertensos e tamb\u00e9m para a popula\u00e7\u00e3o de feminina, finalizando a campanha do Outubro Rosa.<\/p>\n<p style=\"text-align: justify;\"><span id=\"gmail-docs-internal-guid-e6e2d943-7fff-d5d1-308b-750d27bf6c08\">A coordenadora do curso de Enfermagem da Unifadra Profa. Dra. Lilian Carla Ferrari Sossai Panicio explicou que, ao desenvolverem essas a\u00e7\u00f5es, os estudantes t\u00eam a oportunidade de demonstrar suas habilidades t\u00e9cnicas e de comunica\u00e7\u00e3o como futuros profissionais. &#8220;Este momento de intera\u00e7\u00e3o com a comunidade \u00e9 de grande enriquecimento acad\u00eamico. Essa a\u00e7\u00e3o teve como finalidade orientar a comunidade, com foco na melhora da qualidade de vida&#8221;, completou a coordenadora.<br \/>\nO diretor acad\u00eamico da Unifadra Prof. Dr. Enio Garbelini destacou que os alunos da Unifadra sempre participam de a\u00e7\u00f5es desse tipo em Dracena e regi\u00e3o, como atividades pr\u00e1ticas de seus cursos. <\/span><\/p>\n<div class=\"gmail_signature\" dir=\"ltr\">\n<div dir=\"ltr\" style=\"text-align: justify;\">Carolina Colnago<br \/>\nAssistente de Comunica\u00e7\u00e3o<br \/>\nFunda\u00e7\u00e3o Dracenense de Educa\u00e7\u00e3o e Cultura<\/div>\n<\/div>\n","protected":false},"excerpt":{"rendered":"<p>Os alunos do 8\u00ba termo do curso de Enfermagem da Unifadra\/Fundec, que atuam no Est\u00e1gio Supervisionado em Aten\u00e7\u00e3o B\u00e1sica, modalidade Internato, est\u00e3o realizando atividades de conscientiza\u00e7\u00e3o e preven\u00e7\u00e3o \u00e0 sa\u00fade na feira livre de Dracena. No dia 28 de outubro, sob supervis\u00e3o da Profa. Esp. Regiane Palomo, os alunos realizaram a\u00e7\u00f5es de preven\u00e7\u00e3o voltadas para [&hellip;]<\/p>\n","protected":false},"author":1,"featured_media":38184,"comment_status":"closed","ping_status":"open","sticky":false,"template":"","format":"standard","meta":{"footnotes":""},"categories":[122],"tags":[],"class_list":["post-38183","post","type-post","status-publish","format-standard","has-post-thumbnail","hentry","category-saudeeducacaoeconcurso"],"_links":{"self":[{"href":"https:\/\/jorgezanoni.com.br\/2019\/wp-json\/wp\/v2\/posts\/38183","targetHints":{"allow":["GET"]}}],"collection":[{"href":"https:\/\/jorgezanoni.com.br\/2019\/wp-json\/wp\/v2\/posts"}],"about":[{"href":"https:\/\/jorgezanoni.com.br\/2019\/wp-json\/wp\/v2\/types\/post"}],"author":[{"embeddable":true,"href":"https:\/\/jorgezanoni.com.br\/2019\/wp-json\/wp\/v2\/users\/1"}],"replies":[{"embeddable":true,"href":"https:\/\/jorgezanoni.com.br\/2019\/wp-json\/wp\/v2\/comments?post=38183"}],"version-history":[{"count":0,"href":"https:\/\/jorgezanoni.com.br\/2019\/wp-json\/wp\/v2\/posts\/38183\/revisions"}],"wp:featuredmedia":[{"embeddable":true,"href":"https:\/\/jorgezanoni.com.br\/2019\/wp-json\/wp\/v2\/media\/38184"}],"wp:attachment":[{"href":"https:\/\/jorgezanoni.com.br\/2019\/wp-json\/wp\/v2\/media?parent=38183"}],"wp:term":[{"taxonomy":"category","embeddable":true,"href":"https:\/\/jorgezanoni.com.br\/2019\/wp-json\/wp\/v2\/categories?post=38183"},{"taxonomy":"post_tag","embeddable":true,"href":"https:\/\/jorgezanoni.com.br\/2019\/wp-json\/wp\/v2\/tags?post=38183"}],"curies":[{"name":"wp","href":"https:\/\/api.w.org\/{rel}","templated":true}]}}