{"id":38180,"date":"2020-11-05T23:46:57","date_gmt":"2020-11-05T23:46:57","guid":{"rendered":"https:\/\/jorgezanoni.com.br\/2019\/?p=38180"},"modified":"2020-11-05T23:46:57","modified_gmt":"2020-11-05T23:46:57","slug":"fundec-abre-processo-seletivo-e-concurso-publico-para-contratacoes","status":"publish","type":"post","link":"https:\/\/jorgezanoni.com.br\/2019\/fundec-abre-processo-seletivo-e-concurso-publico-para-contratacoes\/","title":{"rendered":"Fundec abre processo seletivo e concurso p\u00fablico para contrata\u00e7\u00f5es"},"content":{"rendered":"<p dir=\"ltr\" style=\"text-align: justify;\">A Funda\u00e7\u00e3o Dracenense de Educa\u00e7\u00e3o e Cultura abriu inscri\u00e7\u00f5es para o Concurso P\u00fablico 02\/2020 e para o Processo Seletivo 03\/2020 para vaga administrativa e de docentes.<br \/>\nNo Concurso P\u00fablico, as vagas s\u00e3o para docentes de ensino superior na \u00e1rea de Medicina em Ci\u00eancias M\u00e9dicas, Histologia e Patologia.<\/p>\n<p dir=\"ltr\" style=\"text-align: justify;\">No Processo Seletivo, a vaga administrativa \u00e9 para Assistente de Biot\u00e9rio. As vagas para docentes s\u00e3o no Ensino Fundamental Polivalente, Ensinos Fundamental e M\u00e9dio, Educa\u00e7\u00e3o Musical, Hist\u00f3ria e Qu\u00edmica. No ensino profissionalizante, as vagas s\u00e3o para o curso T\u00e9cnico em Est\u00e9tica, nas \u00e1reas Est\u00e9tica Corporal e Est\u00e9tica Facial.<br \/>\nNo ensino superior, as vagas s\u00e3o em Ci\u00eancias M\u00e9dicas, Imaginologia, Educa\u00e7\u00e3o F\u00edsica: Aprendizagem e Controle Motor, Educa\u00e7\u00e3o F\u00edsica: Atividade F\u00edsica para Popula\u00e7\u00f5es Especiais.<br \/>\nAs inscri\u00e7\u00f5es para o Processo Seletivo e para o Concurso P\u00fablico v\u00e3o at\u00e9 16 de novembro e devem ser feitas no site da Fundec (<a href=\"http:\/\/www.fundec.edu.br\/\" target=\"_blank\" rel=\"noopener noreferrer\">www.fundec.edu.br<\/a>). Os editais podem ser encontrados no link: <a href=\"https:\/\/fundec.edu.br\/editais\" target=\"_blank\" rel=\"noopener noreferrer\">https:\/\/fundec.edu.br\/editais<\/a> .<\/p>\n<p style=\"text-align: justify;\">Carolina Colnago<\/p>\n<div class=\"gmail_signature\" dir=\"ltr\">\n<div dir=\"ltr\" style=\"text-align: justify;\">Assistente de Comunica\u00e7\u00e3o<br \/>\nFunda\u00e7\u00e3o Dracenense de Educa\u00e7\u00e3o e Cultura<\/div>\n<\/div>\n","protected":false},"excerpt":{"rendered":"<p>A Funda\u00e7\u00e3o Dracenense de Educa\u00e7\u00e3o e Cultura abriu inscri\u00e7\u00f5es para o Concurso P\u00fablico 02\/2020 e para o Processo Seletivo 03\/2020 para vaga administrativa e de docentes. No Concurso P\u00fablico, as vagas s\u00e3o para docentes de ensino superior na \u00e1rea de Medicina em Ci\u00eancias M\u00e9dicas, Histologia e Patologia. No Processo Seletivo, a vaga administrativa \u00e9 para [&hellip;]<\/p>\n","protected":false},"author":1,"featured_media":38181,"comment_status":"closed","ping_status":"open","sticky":false,"template":"","format":"standard","meta":{"footnotes":""},"categories":[122],"tags":[],"class_list":["post-38180","post","type-post","status-publish","format-standard","has-post-thumbnail","hentry","category-saudeeducacaoeconcurso"],"_links":{"self":[{"href":"https:\/\/jorgezanoni.com.br\/2019\/wp-json\/wp\/v2\/posts\/38180","targetHints":{"allow":["GET"]}}],"collection":[{"href":"https:\/\/jorgezanoni.com.br\/2019\/wp-json\/wp\/v2\/posts"}],"about":[{"href":"https:\/\/jorgezanoni.com.br\/2019\/wp-json\/wp\/v2\/types\/post"}],"author":[{"embeddable":true,"href":"https:\/\/jorgezanoni.com.br\/2019\/wp-json\/wp\/v2\/users\/1"}],"replies":[{"embeddable":true,"href":"https:\/\/jorgezanoni.com.br\/2019\/wp-json\/wp\/v2\/comments?post=38180"}],"version-history":[{"count":0,"href":"https:\/\/jorgezanoni.com.br\/2019\/wp-json\/wp\/v2\/posts\/38180\/revisions"}],"wp:featuredmedia":[{"embeddable":true,"href":"https:\/\/jorgezanoni.com.br\/2019\/wp-json\/wp\/v2\/media\/38181"}],"wp:attachment":[{"href":"https:\/\/jorgezanoni.com.br\/2019\/wp-json\/wp\/v2\/media?parent=38180"}],"wp:term":[{"taxonomy":"category","embeddable":true,"href":"https:\/\/jorgezanoni.com.br\/2019\/wp-json\/wp\/v2\/categories?post=38180"},{"taxonomy":"post_tag","embeddable":true,"href":"https:\/\/jorgezanoni.com.br\/2019\/wp-json\/wp\/v2\/tags?post=38180"}],"curies":[{"name":"wp","href":"https:\/\/api.w.org\/{rel}","templated":true}]}}