{"id":38177,"date":"2020-11-05T23:37:43","date_gmt":"2020-11-05T23:37:43","guid":{"rendered":"https:\/\/jorgezanoni.com.br\/2019\/?p=38177"},"modified":"2020-11-05T23:37:43","modified_gmt":"2020-11-05T23:37:43","slug":"visitas-presenciais-nos-presidios-paulistas-comecam-ja-no-sabado","status":"publish","type":"post","link":"https:\/\/jorgezanoni.com.br\/2019\/visitas-presenciais-nos-presidios-paulistas-comecam-ja-no-sabado\/","title":{"rendered":"Visitas presenciais nos pres\u00eddios paulistas come\u00e7am j\u00e1 no s\u00e1bado\u00a0"},"content":{"rendered":"<p style=\"text-align: justify;\"><strong>A retomada gradual e controlada de visitas em pris\u00f5es da SAP faz parte da 3\u00aa fase do projeto Conex\u00e3o Familiar.<\/strong><em>\u00a0<\/em><\/p>\n<p style=\"text-align: justify;\">A Secretaria da Administra\u00e7\u00e3o Penitenci\u00e1ria (SAP) retoma as visitas presenciais no pr\u00f3ximo s\u00e1bado e domingo, dias 7 e 8, na maioria dos pres\u00eddios, pois ainda existem a\u00e7\u00f5es judiciais que impedem a retomada em algumas regi\u00f5es. \u00a0O governo paulista, por meio da Procuradoria Geral do Estado (PGE) tem trabalhado para reverter essas decis\u00f5es.<\/p>\n<p style=\"text-align: justify;\">Na Coordenadoria das Unidades Prisionais da Regi\u00e3o Oeste (Croeste), 44 unidades que abrange as regi\u00f5es de Ara\u00e7atuba\/S\u00e3o Jos\u00e9 do Rio Preto, Presidente Prudente e Bauru\/Mar\u00edlia foram liberadas para\u00a0retomada das visitas graduais e controladas, seguindo todos os protocolos de seguran\u00e7a. A \u00fanica unidade da Coordenadoria que n\u00e3o ter\u00e1 visita\u00e7\u00e3o no final de semana \u00e9 a Penitenci\u00e1ria de Paragua\u00e7u Paulista, por ter apresentado surto recente de casos de Covid-19. As demais seguem com a programa\u00e7\u00e3o normal de retomada gradual das visitas.<\/p>\n<p style=\"text-align: justify;\">Pela regra, neste fim de semana haver\u00e1 visitas somente nos pavilh\u00f5es pares e com limita\u00e7\u00e3o a uma pessoa por preso e somente pelo per\u00edodo de duas horas. Poder\u00e3o entrar visitantes de 18 a 59 anos, sendo proibido crian\u00e7as, idosos, gestantes e pessoas com sintomas gripais. \u00a0As visitas \u00edntimas tamb\u00e9m seguem suspensas e n\u00e3o ser\u00e1 permitido contato f\u00edsico a fim de evitar a dissemina\u00e7\u00e3o da Covid-19.<\/p>\n<p style=\"text-align: justify;\">Todos os visitantes dever\u00e3o usar m\u00e1scaras e, logo na entrada dos pres\u00eddios, ter\u00e3o medidas a temperatura e satura\u00e7\u00e3o de oxig\u00eanio. Ser\u00e1 proibida a entrada de bolsas, mochilas, sacolas, comida, itens de higiene e roupas. Os produtos continuar\u00e3o sendo enviados por correspond\u00eancia.<\/p>\n<p style=\"text-align: justify;\">O Conex\u00e3o Familiar passou, at\u00e9 o momento, por duas fases, por conta do per\u00edodo de pandemia. A primeira foi \u00e0 cria\u00e7\u00e3o de um sistema de troca de mensagens por e-mail entre presos e seus parentes. Na segunda fase, foram ofertadas as visitas virtuais, realizadas remotamente. J\u00e1 neste terceiro momento, a SAP inicia o processo de contato do familiar com os reeducandos.<\/p>\n<p style=\"text-align: justify;\">Os protocolos com o novo regramento para a visita\u00e7\u00e3o foram submetidos \u00e0 an\u00e1lise e aprovados pelo Centro de Conting\u00eancia do Coronav\u00edrus. As medidas incluem uma s\u00e9rie de restri\u00e7\u00f5es necess\u00e1rias \u00e0 conten\u00e7\u00e3o das taxas de contamina\u00e7\u00e3o da Covid-19 dentro do sistema prisional.<\/p>\n<p style=\"text-align: justify;\">Das 177 unidades prisionais do estado de S\u00e3o Paulo, 16 n\u00e3o retomaram as visitas, pois ainda existem decis\u00f5es judiciais vigentes que impedem o retorno gradual e controlado, conforme protocolo. Contudo, a listagem est\u00e1 em constante atualiza\u00e7\u00e3o no site da Secretaria.<\/p>\n<p style=\"text-align: justify;\">Respeitosamente,<\/p>\n<p style=\"text-align: justify;\">Jo\u00e3o Paulo Hercolino &#8211; Estagi\u00e1rio<img decoding=\"async\" class=\"EmojiInsert\" src=\"https:\/\/jorgezanoni.com.br:2096\/cpsess3882356960\/3rdparty\/roundcube\/?_task=mail&amp;_action=get&amp;_mbox=INBOX&amp;_uid=18534&amp;_token=Yi4mmo8I3SI31CJH1fgNNyplU4KI0HhC&amp;_part=2&amp;_embed=1&amp;_mimeclass=image\" \/><\/p>\n<p>Foto Arquivo<\/p>\n","protected":false},"excerpt":{"rendered":"<p>A retomada gradual e controlada de visitas em pris\u00f5es da SAP faz parte da 3\u00aa fase do projeto Conex\u00e3o Familiar.\u00a0 A Secretaria da Administra\u00e7\u00e3o Penitenci\u00e1ria (SAP) retoma as visitas presenciais no pr\u00f3ximo s\u00e1bado e domingo, dias 7 e 8, na maioria dos pres\u00eddios, pois ainda existem a\u00e7\u00f5es judiciais que impedem a retomada em algumas regi\u00f5es. [&hellip;]<\/p>\n","protected":false},"author":1,"featured_media":38178,"comment_status":"closed","ping_status":"open","sticky":false,"template":"","format":"standard","meta":{"footnotes":""},"categories":[110,2],"tags":[],"class_list":["post-38177","post","type-post","status-publish","format-standard","has-post-thumbnail","hentry","category-noticiasdestaque","category-policial"],"_links":{"self":[{"href":"https:\/\/jorgezanoni.com.br\/2019\/wp-json\/wp\/v2\/posts\/38177","targetHints":{"allow":["GET"]}}],"collection":[{"href":"https:\/\/jorgezanoni.com.br\/2019\/wp-json\/wp\/v2\/posts"}],"about":[{"href":"https:\/\/jorgezanoni.com.br\/2019\/wp-json\/wp\/v2\/types\/post"}],"author":[{"embeddable":true,"href":"https:\/\/jorgezanoni.com.br\/2019\/wp-json\/wp\/v2\/users\/1"}],"replies":[{"embeddable":true,"href":"https:\/\/jorgezanoni.com.br\/2019\/wp-json\/wp\/v2\/comments?post=38177"}],"version-history":[{"count":0,"href":"https:\/\/jorgezanoni.com.br\/2019\/wp-json\/wp\/v2\/posts\/38177\/revisions"}],"wp:featuredmedia":[{"embeddable":true,"href":"https:\/\/jorgezanoni.com.br\/2019\/wp-json\/wp\/v2\/media\/38178"}],"wp:attachment":[{"href":"https:\/\/jorgezanoni.com.br\/2019\/wp-json\/wp\/v2\/media?parent=38177"}],"wp:term":[{"taxonomy":"category","embeddable":true,"href":"https:\/\/jorgezanoni.com.br\/2019\/wp-json\/wp\/v2\/categories?post=38177"},{"taxonomy":"post_tag","embeddable":true,"href":"https:\/\/jorgezanoni.com.br\/2019\/wp-json\/wp\/v2\/tags?post=38177"}],"curies":[{"name":"wp","href":"https:\/\/api.w.org\/{rel}","templated":true}]}}