{"id":38172,"date":"2020-11-05T23:20:51","date_gmt":"2020-11-05T23:20:51","guid":{"rendered":"https:\/\/jorgezanoni.com.br\/2019\/?p=38172"},"modified":"2020-11-05T23:20:51","modified_gmt":"2020-11-05T23:20:51","slug":"gestao-da-comunicacao-nestes-novos-tempos-e-tema-de-videoconferencia-no-curso-de-administracao-da-unifai","status":"publish","type":"post","link":"https:\/\/jorgezanoni.com.br\/2019\/gestao-da-comunicacao-nestes-novos-tempos-e-tema-de-videoconferencia-no-curso-de-administracao-da-unifai\/","title":{"rendered":"\u201cGest\u00e3o da Comunica\u00e7\u00e3o nestes Novos Tempos\u201d \u00e9 tema de Videoconfer\u00eancia no Curso de Administra\u00e7\u00e3o da UNIFAI."},"content":{"rendered":"<p style=\"text-align: justify;\"><strong>\u201cGest\u00e3o da Comunica\u00e7\u00e3o nestes Novos Tempos\u201d \u00e9 tema de Videoconfer\u00eancia no Curso de Administra\u00e7\u00e3o da UNIFAI.<\/strong><\/p>\n<p style=\"text-align: justify;\"><strong><em>\u201cCada momento \u00e9 um novo come\u00e7o.\u201d (<\/em><\/strong><a href=\"https:\/\/www.pensador.com\/autor\/t_s_eliot\/\"><strong><em>T. S. Eliot<\/em><\/strong><\/a><strong><em>)<\/em><\/strong><\/p>\n<p style=\"text-align: justify;\"><strong><em>\u00a0<\/em><\/strong><\/p>\n<p style=\"text-align: justify;\"><strong><em>S\u00e9rgio Barbosa (*)<\/em><\/strong><\/p>\n<p style=\"text-align: justify;\">Em tempo de PANDEMIA, torna-se necess\u00e1rio desenvolver estrat\u00e9gias diversas em busca da CRIATIVIDADE por meio dos processos mercadol\u00f3gicos e atividades afins aos objetivos na presta\u00e7\u00e3o de servi\u00e7os em geral&#8230;<\/p>\n<p style=\"text-align: justify;\">Tamb\u00e9m, devem-se levar em considera\u00e7\u00e3o todas as alternativas mediadas pela proposta da COMUNICA\u00c7\u00c3O e de acordo com o EMISSOR em conex\u00e3o com o RECEPTOR&#8230;<\/p>\n<p style=\"text-align: justify;\">Os NOVOS TEMPOS est\u00e3o exigindo cada vez mais dos profissionais de todas as \u00e1reas do Mercado, entretanto, a GEST\u00c3O deve estar de acordo com tais propostas para uma sintonia com o PRODUTO ou SERVI\u00c7O&#8230;<\/p>\n<p style=\"text-align: justify;\">Nesta ter\u00e7a-feira, 3 de novembro, participaram via V\u00cdDECONFER\u00caNCIA com o IV Termo de ADMINSITRA\u00c7\u00c3O da UNIFAI, das 19h20 \u00e0s 21h, o Professor e Publicit\u00e1rio, EDUARDO PEINADO, Diretor de Marketing da LETTERA COMUNICA\u00c7\u00c3O E MARKETING de Maring\u00e1, Pr&#8230;<\/p>\n<p style=\"text-align: justify;\">PEINADO, tamb\u00e9m, desenvolve atividades como docente na FACULDADE MARING\u00c1, bem como, possui experi\u00eancia de Mercado em diversas \u00e1reas, ainda, gradua\u00e7\u00e3o em HIST\u00d3RIA pela PUC\/SP e Mestrado em Educa\u00e7\u00e3o pela UNOESTE (PP)&#8230;<\/p>\n<p style=\"text-align: justify;\"><strong>Marketing Gerencial II<\/strong><\/p>\n<p style=\"text-align: justify;\">Tais atividades pedag\u00f3gicas foram desenvolvidas por meio da plataforma utilizada pela UNIFAI nos cursos oferecidos pela Institui\u00e7\u00e3o nestes NOVOS TEMPOS em tempo de PANDEMIA&#8230;<\/p>\n<p style=\"text-align: justify;\">A proposta apresentada pelo convidado destacou as op\u00e7\u00f5es existentes no Mercado atual e de acordo com as denominadas REDES SOCIAIS e o cen\u00e1rio envolvendo profissionais e alternativas quanto aos produtos e presta\u00e7\u00e3o de servi\u00e7os&#8230;<\/p>\n<p style=\"text-align: justify;\">Portanto, EDUARDO abordou por meio de CASES do Mercado, diversas situa\u00e7\u00f5es envolvendo o CLIENTE quanto ao contexto do Mercado e relacionando a import\u00e2ncia da CRITIVIDADE e da COMUNICA\u00c7\u00c3O nestes NOVOS TEMPOS&#8230;<\/p>\n<p style=\"text-align: justify;\">Destacou, tamb\u00e9m, a conceitua\u00e7\u00e3o da GEST\u00c3O em meio aos desencontros patrocinados pela PANDEMIA, assim, pode-se registrar que PEINADO apresentou aos discentes do curso de Administra\u00e7\u00e3o (IV Termo), a import\u00e2ncia do GERENCIAMENTO DE MARKETING em uma Organiza\u00e7\u00e3o que desenvolve atividades na PRODU\u00c7\u00c3O ou nos SERVI\u00c7OS&#8230;<\/p>\n<p style=\"text-align: justify;\"><em>________________________________<\/em><\/p>\n<p style=\"text-align: justify;\"><em>(*) jornalista diplomado (fcs\/ims), mestre em ci\u00eancias da religi\u00e3o (ppg.cr\/umesp), pesquisador-colaborador da c\u00e1tedra unesco\/metodista de comunica\u00e7\u00e3o para o desenvolvimento regional (1.998-2.018), professor dos cursos de administra\u00e7\u00e3o e hist\u00f3ria da unifai e consultor de gest\u00e3o em comunica\u00e7\u00e3o organizacional.<\/em><\/p>\n<p><img loading=\"lazy\" decoding=\"async\" class=\"alignnone size-full wp-image-38173\" src=\"https:\/\/jorgezanoni.com.br\/2019\/wp-content\/uploads\/2020\/11\/Sergio.jpg\" alt=\"\" width=\"720\" height=\"720\" srcset=\"https:\/\/jorgezanoni.com.br\/2019\/wp-content\/uploads\/2020\/11\/Sergio.jpg 720w, https:\/\/jorgezanoni.com.br\/2019\/wp-content\/uploads\/2020\/11\/Sergio-300x300.jpg 300w, https:\/\/jorgezanoni.com.br\/2019\/wp-content\/uploads\/2020\/11\/Sergio-150x150.jpg 150w, https:\/\/jorgezanoni.com.br\/2019\/wp-content\/uploads\/2020\/11\/Sergio-696x696.jpg 696w, https:\/\/jorgezanoni.com.br\/2019\/wp-content\/uploads\/2020\/11\/Sergio-420x420.jpg 420w\" sizes=\"auto, (max-width: 720px) 100vw, 720px\" \/> <img loading=\"lazy\" decoding=\"async\" class=\"alignnone size-full wp-image-38174\" src=\"https:\/\/jorgezanoni.com.br\/2019\/wp-content\/uploads\/2020\/11\/Sergio1.jpg\" alt=\"\" width=\"1280\" height=\"719\" srcset=\"https:\/\/jorgezanoni.com.br\/2019\/wp-content\/uploads\/2020\/11\/Sergio1.jpg 1280w, https:\/\/jorgezanoni.com.br\/2019\/wp-content\/uploads\/2020\/11\/Sergio1-300x169.jpg 300w, https:\/\/jorgezanoni.com.br\/2019\/wp-content\/uploads\/2020\/11\/Sergio1-1024x575.jpg 1024w, https:\/\/jorgezanoni.com.br\/2019\/wp-content\/uploads\/2020\/11\/Sergio1-768x431.jpg 768w, https:\/\/jorgezanoni.com.br\/2019\/wp-content\/uploads\/2020\/11\/Sergio1-696x391.jpg 696w, https:\/\/jorgezanoni.com.br\/2019\/wp-content\/uploads\/2020\/11\/Sergio1-1068x600.jpg 1068w, https:\/\/jorgezanoni.com.br\/2019\/wp-content\/uploads\/2020\/11\/Sergio1-748x420.jpg 748w\" sizes=\"auto, (max-width: 1280px) 100vw, 1280px\" \/><\/p>\n","protected":false},"excerpt":{"rendered":"<p>\u201cGest\u00e3o da Comunica\u00e7\u00e3o nestes Novos Tempos\u201d \u00e9 tema de Videoconfer\u00eancia no Curso de Administra\u00e7\u00e3o da UNIFAI. \u201cCada momento \u00e9 um novo come\u00e7o.\u201d (T. S. Eliot) \u00a0 S\u00e9rgio Barbosa (*) Em tempo de PANDEMIA, torna-se necess\u00e1rio desenvolver estrat\u00e9gias diversas em busca da CRIATIVIDADE por meio dos processos mercadol\u00f3gicos e atividades afins aos objetivos na presta\u00e7\u00e3o de [&hellip;]<\/p>\n","protected":false},"author":1,"featured_media":38175,"comment_status":"closed","ping_status":"open","sticky":false,"template":"","format":"standard","meta":{"footnotes":""},"categories":[122],"tags":[],"class_list":["post-38172","post","type-post","status-publish","format-standard","has-post-thumbnail","hentry","category-saudeeducacaoeconcurso"],"_links":{"self":[{"href":"https:\/\/jorgezanoni.com.br\/2019\/wp-json\/wp\/v2\/posts\/38172","targetHints":{"allow":["GET"]}}],"collection":[{"href":"https:\/\/jorgezanoni.com.br\/2019\/wp-json\/wp\/v2\/posts"}],"about":[{"href":"https:\/\/jorgezanoni.com.br\/2019\/wp-json\/wp\/v2\/types\/post"}],"author":[{"embeddable":true,"href":"https:\/\/jorgezanoni.com.br\/2019\/wp-json\/wp\/v2\/users\/1"}],"replies":[{"embeddable":true,"href":"https:\/\/jorgezanoni.com.br\/2019\/wp-json\/wp\/v2\/comments?post=38172"}],"version-history":[{"count":0,"href":"https:\/\/jorgezanoni.com.br\/2019\/wp-json\/wp\/v2\/posts\/38172\/revisions"}],"wp:featuredmedia":[{"embeddable":true,"href":"https:\/\/jorgezanoni.com.br\/2019\/wp-json\/wp\/v2\/media\/38175"}],"wp:attachment":[{"href":"https:\/\/jorgezanoni.com.br\/2019\/wp-json\/wp\/v2\/media?parent=38172"}],"wp:term":[{"taxonomy":"category","embeddable":true,"href":"https:\/\/jorgezanoni.com.br\/2019\/wp-json\/wp\/v2\/categories?post=38172"},{"taxonomy":"post_tag","embeddable":true,"href":"https:\/\/jorgezanoni.com.br\/2019\/wp-json\/wp\/v2\/tags?post=38172"}],"curies":[{"name":"wp","href":"https:\/\/api.w.org\/{rel}","templated":true}]}}