{"id":3809,"date":"2019-08-14T00:48:00","date_gmt":"2019-08-14T00:48:00","guid":{"rendered":"https:\/\/jorgezanoni.com.br\/2019\/?p=3809"},"modified":"2019-08-14T00:58:18","modified_gmt":"2019-08-14T00:58:18","slug":"projeto-guri-polo-dracena-esta-com-inscricoes-abertas-para-criancas-e-adolescentes","status":"publish","type":"post","link":"https:\/\/jorgezanoni.com.br\/2019\/projeto-guri-polo-dracena-esta-com-inscricoes-abertas-para-criancas-e-adolescentes\/","title":{"rendered":"Projeto Guri Polo Dracena est\u00e1 com inscri\u00e7\u00f5es abertas\u00a0para crian\u00e7as e adolescentes."},"content":{"rendered":"<p><img loading=\"lazy\" decoding=\"async\" class=\"alignnone size-full wp-image-3810\" src=\"https:\/\/jorgezanoni.com.br\/2019\/wp-content\/uploads\/2019\/08\/guri1.jpeg\" alt=\"\" width=\"628\" height=\"489\" srcset=\"https:\/\/jorgezanoni.com.br\/2019\/wp-content\/uploads\/2019\/08\/guri1.jpeg 628w, https:\/\/jorgezanoni.com.br\/2019\/wp-content\/uploads\/2019\/08\/guri1-300x234.jpeg 300w, https:\/\/jorgezanoni.com.br\/2019\/wp-content\/uploads\/2019\/08\/guri1-539x420.jpeg 539w\" sizes=\"auto, (max-width: 628px) 100vw, 628px\" \/><\/p>\n<p style=\"text-align: justify;\">O Polo do Projeto Guri de Dracena est\u00e1 com inscri\u00e7\u00f5es abertas para crian\u00e7as e adolescentes, com idade de 8 \u00e0 18 anos. As matr\u00edculas podem ser feitas at\u00e9 o dia 23 de agosto, no pr\u00f3prio Projeto. As vagas s\u00e3o limitadas e toda a atividade \u00e9 gratuita.<\/p>\n<p style=\"text-align: justify;\">De acordo com a coordenadora Luciene de Souza Paula, para crian\u00e7as e adolescentes que estudam no per\u00edodo da manh\u00e3, h\u00e1 vagas de coral no per\u00edodo da tarde. J\u00e1 para os jovens que estudam \u00e0 tarde, h\u00e1 vagas para viol\u00e3o, violino, percuss\u00e3o, trompete, trombone, euf\u00f4nio, saxofone e clarinete.<\/p>\n<p style=\"text-align: justify;\">Para se matricular, os interessados devem apresentar c\u00f3pia da certid\u00e3o de nascimento ou RG, c\u00f3pia de comprovante de resid\u00eancia e atestado escolar. N\u00e3o \u00e9 preciso ter conhecimento pr\u00e9vio de m\u00fasica, nem possuir instrumento musical.<\/p>\n<p style=\"text-align: justify;\">Em Dracena as aulas ocorrem toda segunda e quarta-feira. O endere\u00e7o \u00e9 Rua Tup\u00e3, n\u00ba 601, Bairro S\u00e3o Francisco. \u00c9 poss\u00edvel ligar e agendar a vaga pelo telefone (18)3822-5242.<\/p>\n<div>\n<p style=\"text-align: justify;\">Fonte: Diretoria de Comunica\u00e7\u00e3o<\/p>\n<\/div>\n","protected":false},"excerpt":{"rendered":"<p>O Polo do Projeto Guri de Dracena est\u00e1 com inscri\u00e7\u00f5es abertas para crian\u00e7as e adolescentes, com idade de 8 \u00e0 18 anos. As matr\u00edculas podem ser feitas at\u00e9 o dia 23 de agosto, no pr\u00f3prio Projeto. As vagas s\u00e3o limitadas e toda a atividade \u00e9 gratuita. De acordo com a coordenadora Luciene de Souza Paula, [&hellip;]<\/p>\n","protected":false},"author":1,"featured_media":3815,"comment_status":"closed","ping_status":"open","sticky":false,"template":"","format":"standard","meta":{"footnotes":""},"categories":[183],"tags":[],"class_list":["post-3809","post","type-post","status-publish","format-standard","has-post-thumbnail","hentry","category-musicaeturismo"],"_links":{"self":[{"href":"https:\/\/jorgezanoni.com.br\/2019\/wp-json\/wp\/v2\/posts\/3809","targetHints":{"allow":["GET"]}}],"collection":[{"href":"https:\/\/jorgezanoni.com.br\/2019\/wp-json\/wp\/v2\/posts"}],"about":[{"href":"https:\/\/jorgezanoni.com.br\/2019\/wp-json\/wp\/v2\/types\/post"}],"author":[{"embeddable":true,"href":"https:\/\/jorgezanoni.com.br\/2019\/wp-json\/wp\/v2\/users\/1"}],"replies":[{"embeddable":true,"href":"https:\/\/jorgezanoni.com.br\/2019\/wp-json\/wp\/v2\/comments?post=3809"}],"version-history":[{"count":0,"href":"https:\/\/jorgezanoni.com.br\/2019\/wp-json\/wp\/v2\/posts\/3809\/revisions"}],"wp:featuredmedia":[{"embeddable":true,"href":"https:\/\/jorgezanoni.com.br\/2019\/wp-json\/wp\/v2\/media\/3815"}],"wp:attachment":[{"href":"https:\/\/jorgezanoni.com.br\/2019\/wp-json\/wp\/v2\/media?parent=3809"}],"wp:term":[{"taxonomy":"category","embeddable":true,"href":"https:\/\/jorgezanoni.com.br\/2019\/wp-json\/wp\/v2\/categories?post=3809"},{"taxonomy":"post_tag","embeddable":true,"href":"https:\/\/jorgezanoni.com.br\/2019\/wp-json\/wp\/v2\/tags?post=3809"}],"curies":[{"name":"wp","href":"https:\/\/api.w.org\/{rel}","templated":true}]}}