{"id":3806,"date":"2019-08-14T00:26:52","date_gmt":"2019-08-14T00:26:52","guid":{"rendered":"https:\/\/jorgezanoni.com.br\/2019\/?p=3806"},"modified":"2019-08-14T00:26:52","modified_gmt":"2019-08-14T00:26:52","slug":"inscricoes-abertas-para-vestibulares-da-unifadra-fundec-de-dracena","status":"publish","type":"post","link":"https:\/\/jorgezanoni.com.br\/2019\/inscricoes-abertas-para-vestibulares-da-unifadra-fundec-de-dracena\/","title":{"rendered":"Inscri\u00e7\u00f5es abertas para vestibulares da Unifadra\/Fundec de Dracena"},"content":{"rendered":"<p style=\"font-weight: 400; text-align: justify;\">J\u00e1 est\u00e3o abertas as inscri\u00e7\u00f5es para os vestibulares da Unifadra\/Fundec Dracena. As inscri\u00e7\u00f5es para o curso de Medicina podem ser feitas at\u00e9 o dia 30 de setembro, pelo site da Vunesp (<a href=\"http:\/\/www.vunesp.com.br\/\">www.vunesp.com.br<\/a>) e a prova ser\u00e1 realizada no dia 20 de outubro, \u00e0s 13h. Para os cursos de Artes Visuais, An\u00e1lise e Desenvolvimento de Sistemas, Educa\u00e7\u00e3o F\u00edsica, Enfermagem, Letras, Pedagogia, Ci\u00eancias Biol\u00f3gicas, Psicologia e Servi\u00e7o Social, as inscri\u00e7\u00f5es podem ser feitas at\u00e9 4 de dezembro no site<a href=\"http:\/\/www.fundec.edu.br\/\">www.fundec.edu.br<\/a>\u00a0ou at\u00e9 o dia 6 de dezembro na Secretaria Geral da Fundec. A prova para estes cursos ser\u00e1 realizada no dia 8 de dezembro, \u00e0s 10h. O candidato pode conferir no site da Fundec informa\u00e7\u00f5es de todos os cursos superiores, editais dos vestibulares, bolsas e todos os contatos.<\/p>\n<p style=\"font-weight: 400; text-align: justify;\">Mais informa\u00e7\u00f5es: (18) 3821-9004.<\/p>\n<p style=\"font-weight: 400; text-align: justify;\">Carolina Colnago<\/p>\n<p style=\"font-weight: 400; text-align: justify;\">Assessora de Comunica\u00e7\u00e3o da Fundec &#8211; Jornalista<\/p>\n","protected":false},"excerpt":{"rendered":"<p>J\u00e1 est\u00e3o abertas as inscri\u00e7\u00f5es para os vestibulares da Unifadra\/Fundec Dracena. As inscri\u00e7\u00f5es para o curso de Medicina podem ser feitas at\u00e9 o dia 30 de setembro, pelo site da Vunesp (www.vunesp.com.br) e a prova ser\u00e1 realizada no dia 20 de outubro, \u00e0s 13h. Para os cursos de Artes Visuais, An\u00e1lise e Desenvolvimento de Sistemas, [&hellip;]<\/p>\n","protected":false},"author":1,"featured_media":3807,"comment_status":"closed","ping_status":"open","sticky":false,"template":"","format":"standard","meta":{"footnotes":""},"categories":[110,122],"tags":[],"class_list":["post-3806","post","type-post","status-publish","format-standard","has-post-thumbnail","hentry","category-noticiasdestaque","category-saudeeducacaoeconcurso"],"_links":{"self":[{"href":"https:\/\/jorgezanoni.com.br\/2019\/wp-json\/wp\/v2\/posts\/3806","targetHints":{"allow":["GET"]}}],"collection":[{"href":"https:\/\/jorgezanoni.com.br\/2019\/wp-json\/wp\/v2\/posts"}],"about":[{"href":"https:\/\/jorgezanoni.com.br\/2019\/wp-json\/wp\/v2\/types\/post"}],"author":[{"embeddable":true,"href":"https:\/\/jorgezanoni.com.br\/2019\/wp-json\/wp\/v2\/users\/1"}],"replies":[{"embeddable":true,"href":"https:\/\/jorgezanoni.com.br\/2019\/wp-json\/wp\/v2\/comments?post=3806"}],"version-history":[{"count":0,"href":"https:\/\/jorgezanoni.com.br\/2019\/wp-json\/wp\/v2\/posts\/3806\/revisions"}],"wp:featuredmedia":[{"embeddable":true,"href":"https:\/\/jorgezanoni.com.br\/2019\/wp-json\/wp\/v2\/media\/3807"}],"wp:attachment":[{"href":"https:\/\/jorgezanoni.com.br\/2019\/wp-json\/wp\/v2\/media?parent=3806"}],"wp:term":[{"taxonomy":"category","embeddable":true,"href":"https:\/\/jorgezanoni.com.br\/2019\/wp-json\/wp\/v2\/categories?post=3806"},{"taxonomy":"post_tag","embeddable":true,"href":"https:\/\/jorgezanoni.com.br\/2019\/wp-json\/wp\/v2\/tags?post=3806"}],"curies":[{"name":"wp","href":"https:\/\/api.w.org\/{rel}","templated":true}]}}