{"id":38054,"date":"2020-11-03T01:13:33","date_gmt":"2020-11-03T01:13:33","guid":{"rendered":"https:\/\/jorgezanoni.com.br\/2019\/?p=38054"},"modified":"2020-11-03T01:14:16","modified_gmt":"2020-11-03T01:14:16","slug":"jovem-morre-vitima-de-acidente-de-transito-em-rodovia-henrique-moreno-milan","status":"publish","type":"post","link":"https:\/\/jorgezanoni.com.br\/2019\/jovem-morre-vitima-de-acidente-de-transito-em-rodovia-henrique-moreno-milan\/","title":{"rendered":"Jovem morre v\u00edtima de acidente de tr\u00e2nsito em Rodovia"},"content":{"rendered":"<h2 class=\"content-head__subtitle\" style=\"text-align: justify;\">V\u00edtima, de 20 anos, foi socorrida ainda com vida pelo Corpo de Bombeiros e encaminhada ao HR, em Presidente Prudente, para receber atendimento m\u00e9dico, mas n\u00e3o resistiu aos ferimentos. Acidente aconteceu na\u00a0Rodovia Henrique Moreno Milan.<\/h2>\n<div class=\"mc-column content-text active-extra-styles \" data-block-type=\"unstyled\" data-block-weight=\"27\" data-block-id=\"2\">\n<p class=\"content-text__container \" style=\"text-align: justify;\" data-track-category=\"Link no Texto\" data-track-links=\"\">Uma jovem de 20 anos morreu v\u00edtima de um acidente de tr\u00e2nsito na manh\u00e3 desta segunda-feira (2), na Rodovia Henrique Moreno Milan (SPA-553\/270), em\u00a0<a href=\"https:\/\/g1.globo.com\/sp\/presidente-prudente-regiao\/cidade\/regente-feijo\/\">Regente Feij\u00f3 (SP)<\/a>.<\/p>\n<\/div>\n<div class=\"wall protected-content\">\n<div class=\"mc-column content-text active-extra-styles \" style=\"text-align: justify;\" data-block-type=\"unstyled\" data-block-weight=\"33\" data-block-id=\"3\">\n<p class=\"content-text__container \" data-track-category=\"Link no Texto\" data-track-links=\"\">Ela era a condutora de um carro, com placas de\u00a0<a href=\"https:\/\/g1.globo.com\/sp\/sao-paulo\/cidade\/barueri\/\">Barueri (SP)<\/a>, e trafegava no sentido de\u00a0<a href=\"https:\/\/g1.globo.com\/sp\/presidente-prudente-regiao\/cidade\/anhumas\/\">Anhumas (SP)<\/a>, quando, por volta das 9h, perdeu o controle da dire\u00e7\u00e3o e saiu da pista.<\/p>\n<\/div>\n<div class=\"mc-column content-text active-extra-styles \" style=\"text-align: justify;\" data-block-type=\"unstyled\" data-block-weight=\"41\" data-block-id=\"4\">\n<p class=\"content-text__container \" data-track-category=\"Link no Texto\" data-track-links=\"\">De acordo com as informa\u00e7\u00f5es do Boletim de Ocorr\u00eancia registrado na Delegacia da Pol\u00edcia Civil, o carro bateu em arbustos que ficam \u00e0 margem da rodovia e em seguida capotou, na altura do km 2,950, nas proximidades do Bairro do Popi.<\/p>\n<\/div>\n<div class=\"mc-column content-text active-extra-styles \" style=\"text-align: justify;\" data-block-type=\"unstyled\" data-block-weight=\"18\" data-block-id=\"5\">\n<p class=\"content-text__container \" data-track-category=\"Link no Texto\" data-track-links=\"\">Ainda segundo o Boletim de Ocorr\u00eancia, a motorista foi arremessada contra o ch\u00e3o com o impacto do acidente.<\/p>\n<\/div>\n<div class=\"mc-column content-text active-extra-styles \" style=\"text-align: justify;\" data-block-type=\"unstyled\" data-block-weight=\"34\" data-block-id=\"6\">\n<p class=\"content-text__container \" data-track-category=\"Link no Texto\" data-track-links=\"\">De acordo com as informa\u00e7\u00f5es fornecidas pelo Corpo de Bombeiros, a v\u00edtima foi socorrida e encaminhada ainda com vida, em estado grave, ao Hospital Regional (HR), em\u00a0<a href=\"https:\/\/g1.globo.com\/sp\/presidente-prudente-regiao\/cidade\/presidente-prudente\/\">Presidente Prudente (SP)<\/a>, para receber atendimento m\u00e9dico.<\/p>\n<\/div>\n<div class=\"mc-column content-text active-extra-styles \" style=\"text-align: justify;\" data-block-type=\"unstyled\" data-block-weight=\"19\" data-block-id=\"7\">\n<p class=\"content-text__container \" data-track-category=\"Link no Texto\" data-track-links=\"\">Uma viatura de resgate da Concession\u00e1ria Auto Raposo Tavares (Cart) tamb\u00e9m foi acionada para ajudar no atendimento \u00e0 motorista.<\/p>\n<\/div>\n<div class=\"mc-column content-text active-extra-styles \" style=\"text-align: justify;\" data-block-type=\"unstyled\" data-block-weight=\"18\" data-block-id=\"8\">\n<p class=\"content-text__container \" data-track-category=\"Link no Texto\" data-track-links=\"\">No entanto, ela, que era moradora de Barueri, n\u00e3o resistiu aos ferimentos e morreu \u00e0s 11h20 no hospital.<\/p>\n<\/div>\n<div class=\"mc-column content-text active-extra-styles \" style=\"text-align: justify;\" data-block-type=\"unstyled\" data-block-weight=\"30\" data-block-id=\"9\">\n<p class=\"content-text__container \" data-track-category=\"Link no Texto\" data-track-links=\"\">Em nota ao\u00a0<strong>G1<\/strong>, o HR informou que a paciente deu entrada no pronto-socorro da unidade por volta das 9h30 e recebeu todos os cuidados da equipe m\u00e9dica e multiprofissional.<\/p>\n<\/div>\n<div class=\"content-ads content-ads--reveal\" style=\"text-align: justify;\" data-block-type=\"ads\" data-block-id=\"10\">\n<div id=\"banner_materia2\" class=\"tag-manager-publicidade-container mc-has-reveal mc-has-ad-lazyload\" data-id=\"banner_materia2\"><\/div>\n<\/div>\n<div class=\"mc-column content-text active-extra-styles \" style=\"text-align: justify;\" data-block-type=\"unstyled\" data-block-weight=\"18\" data-block-id=\"11\">\n<p class=\"content-text__container \" data-track-category=\"Link no Texto\" data-track-links=\"\">Por\u00e9m, devido \u00e0 gravidade do seu quadro cl\u00ednico, a morte foi registrada \u00e0s 11h20, ainda segundo o HR.<\/p>\n<\/div>\n<div class=\"mc-column content-text active-extra-styles \" style=\"text-align: justify;\" data-block-type=\"unstyled\" data-block-weight=\"18\" data-block-id=\"12\">\n<p class=\"content-text__container \" data-track-category=\"Link no Texto\" data-track-links=\"\">A Pol\u00edcia Cient\u00edfica foi acionada para periciar o local e a Pol\u00edcia Civil investiga as causas do acidente.<\/p>\n<\/div>\n<div class=\"row medium-uncollapsed content-media content-photo\" style=\"text-align: justify;\" data-block-type=\"backstage-photo\" data-block-id=\"13\">\n<div class=\"mc-column content-media__container\">\n<figure><img decoding=\"async\" class=\"i-amphtml-fill-content i-amphtml-replaced-content\" src=\"https:\/\/s2.glbimg.com\/NXS_zz9k0DqmT_4LGYOpZGlvXps=\/0x252:780x791\/984x0\/smart\/filters:strip_icc()\/i.s3.glbimg.com\/v1\/AUTH_59edd422c0c84a879bd37670ae4f538a\/internal_photos\/bs\/2020\/b\/R\/7a778kTT6lbASH5FJkQg\/bate-6.jpeg\" sizes=\"(max-width: 1366px) 648px, 100vw\" srcset=\"https:\/\/s2.glbimg.com\/vQ7TGyyhvhs-B4qdWNjpgOfzsrk=\/0x252:780x791\/1000x0\/smart\/filters:strip_icc()\/i.s3.glbimg.com\/v1\/AUTH_59edd422c0c84a879bd37670ae4f538a\/internal_photos\/bs\/2020\/b\/R\/7a778kTT6lbASH5FJkQg\/bate-6.jpeg 1000w, https:\/\/s2.glbimg.com\/NXS_zz9k0DqmT_4LGYOpZGlvXps=\/0x252:780x791\/984x0\/smart\/filters:strip_icc()\/i.s3.glbimg.com\/v1\/AUTH_59edd422c0c84a879bd37670ae4f538a\/internal_photos\/bs\/2020\/b\/R\/7a778kTT6lbASH5FJkQg\/bate-6.jpeg 984w, https:\/\/s2.glbimg.com\/qrisDMhP2UnuqIDo2uBCudt5IVA=\/0x252:780x791\/640x0\/smart\/filters:strip_icc()\/i.s3.glbimg.com\/v1\/AUTH_59edd422c0c84a879bd37670ae4f538a\/internal_photos\/bs\/2020\/b\/R\/7a778kTT6lbASH5FJkQg\/bate-6.jpeg 640w, https:\/\/s2.glbimg.com\/fqVyB1F41kdmG6lua1njuKlBEEw=\/0x252:780x791\/600x0\/smart\/filters:strip_icc()\/i.s3.glbimg.com\/v1\/AUTH_59edd422c0c84a879bd37670ae4f538a\/internal_photos\/bs\/2020\/b\/R\/7a778kTT6lbASH5FJkQg\/bate-6.jpeg 600w\" alt=\"V\u00edtima morreu ap\u00f3s acidente na Rodovia Henrique Moreno Milan \u2014 Foto: Cedida\" \/><\/figure>\n<p class=\"content-media__description \">V\u00edtima morreu ap\u00f3s acidente na Rodovia Henrique Moreno Milan \u2014 Foto: Cedida<\/p>\n<\/div>\n<\/div>\n<div class=\"row medium-uncollapsed content-media content-photo\" style=\"text-align: justify;\" data-block-type=\"backstage-photo\" data-block-id=\"14\">\n<div class=\"mc-column content-media__container\">\n<figure><img decoding=\"async\" class=\"i-amphtml-fill-content i-amphtml-replaced-content\" src=\"https:\/\/s2.glbimg.com\/ZqpKorBnkJp9_-g-4U5McP-XwSw=\/0x153:780x860\/984x0\/smart\/filters:strip_icc()\/i.s3.glbimg.com\/v1\/AUTH_59edd422c0c84a879bd37670ae4f538a\/internal_photos\/bs\/2020\/E\/T\/WLPtu7SlubsOoAM2hkWw\/bate-9.jpeg\" sizes=\"(max-width: 1366px) 648px, 100vw\" srcset=\"https:\/\/s2.glbimg.com\/dHajxPX17Px3wNi7ovxMak72fN8=\/0x153:780x860\/1000x0\/smart\/filters:strip_icc()\/i.s3.glbimg.com\/v1\/AUTH_59edd422c0c84a879bd37670ae4f538a\/internal_photos\/bs\/2020\/E\/T\/WLPtu7SlubsOoAM2hkWw\/bate-9.jpeg 1000w, https:\/\/s2.glbimg.com\/ZqpKorBnkJp9_-g-4U5McP-XwSw=\/0x153:780x860\/984x0\/smart\/filters:strip_icc()\/i.s3.glbimg.com\/v1\/AUTH_59edd422c0c84a879bd37670ae4f538a\/internal_photos\/bs\/2020\/E\/T\/WLPtu7SlubsOoAM2hkWw\/bate-9.jpeg 984w, https:\/\/s2.glbimg.com\/DRSVdIWSypg0NQHqQgC36dhhmCY=\/0x153:780x860\/640x0\/smart\/filters:strip_icc()\/i.s3.glbimg.com\/v1\/AUTH_59edd422c0c84a879bd37670ae4f538a\/internal_photos\/bs\/2020\/E\/T\/WLPtu7SlubsOoAM2hkWw\/bate-9.jpeg 640w, https:\/\/s2.glbimg.com\/4mRncGOvzSCZ2_SlidUISgmdhak=\/0x153:780x860\/600x0\/smart\/filters:strip_icc()\/i.s3.glbimg.com\/v1\/AUTH_59edd422c0c84a879bd37670ae4f538a\/internal_photos\/bs\/2020\/E\/T\/WLPtu7SlubsOoAM2hkWw\/bate-9.jpeg 600w\" alt=\"V\u00edtima morreu ap\u00f3s acidente na Rodovia Henrique Moreno Milan \u2014 Foto: Cedida\" \/><\/figure>\n<p class=\"content-media__description \">V\u00edtima morreu ap\u00f3s acidente na Rodovia Henrique Moreno Milan \u2014 Foto: Cedida<\/p>\n<\/div>\n<\/div>\n<div class=\"row medium-uncollapsed content-media content-photo\" style=\"text-align: justify;\" data-block-type=\"backstage-photo\" data-block-id=\"15\">\n<div class=\"mc-column content-media__container\">\n<figure><img decoding=\"async\" class=\"i-amphtml-fill-content i-amphtml-replaced-content\" src=\"https:\/\/s2.glbimg.com\/CTuSmndOjqFp9ZVZLU8dfv8j3wc=\/0x0:780x686\/984x0\/smart\/filters:strip_icc()\/i.s3.glbimg.com\/v1\/AUTH_59edd422c0c84a879bd37670ae4f538a\/internal_photos\/bs\/2020\/B\/B\/NnPhwfTR6yAlGeF8gdrA\/bate-8.jpeg\" sizes=\"(max-width: 1366px) 648px, 100vw\" srcset=\"https:\/\/s2.glbimg.com\/Bewh8uAI18NX9ZzF0QbadCTzpZk=\/0x0:780x686\/1000x0\/smart\/filters:strip_icc()\/i.s3.glbimg.com\/v1\/AUTH_59edd422c0c84a879bd37670ae4f538a\/internal_photos\/bs\/2020\/B\/B\/NnPhwfTR6yAlGeF8gdrA\/bate-8.jpeg 1000w, https:\/\/s2.glbimg.com\/CTuSmndOjqFp9ZVZLU8dfv8j3wc=\/0x0:780x686\/984x0\/smart\/filters:strip_icc()\/i.s3.glbimg.com\/v1\/AUTH_59edd422c0c84a879bd37670ae4f538a\/internal_photos\/bs\/2020\/B\/B\/NnPhwfTR6yAlGeF8gdrA\/bate-8.jpeg 984w, https:\/\/s2.glbimg.com\/bSNb-epWkGm4gZZel8CYA6Pepl8=\/0x0:780x686\/640x0\/smart\/filters:strip_icc()\/i.s3.glbimg.com\/v1\/AUTH_59edd422c0c84a879bd37670ae4f538a\/internal_photos\/bs\/2020\/B\/B\/NnPhwfTR6yAlGeF8gdrA\/bate-8.jpeg 640w, https:\/\/s2.glbimg.com\/sbRBRCWJz8AZsiJZkuM8MycoRco=\/0x0:780x686\/600x0\/smart\/filters:strip_icc()\/i.s3.glbimg.com\/v1\/AUTH_59edd422c0c84a879bd37670ae4f538a\/internal_photos\/bs\/2020\/B\/B\/NnPhwfTR6yAlGeF8gdrA\/bate-8.jpeg 600w\" alt=\"V\u00edtima morreu ap\u00f3s acidente na Rodovia Henrique Moreno Milan \u2014 Foto: Cedida\" \/><\/figure>\n<p class=\"content-media__description \">V\u00edtima morreu ap\u00f3s acidente na Rodovia Henrique Moreno Milan \u2014 Foto: Cedida<\/p>\n<\/div>\n<\/div>\n<div class=\"content-ads content-ads--reveal\" style=\"text-align: justify;\" data-block-type=\"ads\" data-block-id=\"16\">\n<div id=\"banner_materia__bb475083-b072-42c1-9904-e2fcc09fc571\" class=\"tag-manager-publicidade-container mc-has-reveal mc-has-ad-lazyload\" data-id=\"banner_materia__bb475083-b072-42c1-9904-e2fcc09fc571\"><\/div>\n<\/div>\n<div class=\"row medium-uncollapsed content-media content-photo\" style=\"text-align: justify;\" data-block-type=\"backstage-photo\" data-block-id=\"17\">\n<div class=\"mc-column content-media__container\">\n<figure><img decoding=\"async\" class=\"i-amphtml-fill-content i-amphtml-replaced-content\" src=\"https:\/\/s2.glbimg.com\/NQJt6EFdXE5WUUhPR8NbPvewNS0=\/0x0:780x813\/984x0\/smart\/filters:strip_icc()\/i.s3.glbimg.com\/v1\/AUTH_59edd422c0c84a879bd37670ae4f538a\/internal_photos\/bs\/2020\/9\/A\/OXlHngS1G62tXsSiL8oA\/bate-7.jpeg\" sizes=\"(max-width: 1366px) 648px, 100vw\" srcset=\"https:\/\/s2.glbimg.com\/rBL6PDByhGaBDIOYiCye4tcQlqM=\/0x0:780x813\/1000x0\/smart\/filters:strip_icc()\/i.s3.glbimg.com\/v1\/AUTH_59edd422c0c84a879bd37670ae4f538a\/internal_photos\/bs\/2020\/9\/A\/OXlHngS1G62tXsSiL8oA\/bate-7.jpeg 1000w, https:\/\/s2.glbimg.com\/NQJt6EFdXE5WUUhPR8NbPvewNS0=\/0x0:780x813\/984x0\/smart\/filters:strip_icc()\/i.s3.glbimg.com\/v1\/AUTH_59edd422c0c84a879bd37670ae4f538a\/internal_photos\/bs\/2020\/9\/A\/OXlHngS1G62tXsSiL8oA\/bate-7.jpeg 984w, https:\/\/s2.glbimg.com\/v5vM6H9COqMwJNhjNeQKMaCn1dA=\/0x0:780x813\/640x0\/smart\/filters:strip_icc()\/i.s3.glbimg.com\/v1\/AUTH_59edd422c0c84a879bd37670ae4f538a\/internal_photos\/bs\/2020\/9\/A\/OXlHngS1G62tXsSiL8oA\/bate-7.jpeg 640w, https:\/\/s2.glbimg.com\/JQDvgESzbU6dY4nGWlS0naG5djI=\/0x0:780x813\/600x0\/smart\/filters:strip_icc()\/i.s3.glbimg.com\/v1\/AUTH_59edd422c0c84a879bd37670ae4f538a\/internal_photos\/bs\/2020\/9\/A\/OXlHngS1G62tXsSiL8oA\/bate-7.jpeg 600w\" alt=\"V\u00edtima morreu ap\u00f3s acidente na Rodovia Henrique Moreno Milan \u2014 Foto: Cedida\" \/><\/figure>\n<p class=\"content-media__description \">V\u00edtima morreu ap\u00f3s acidente na Rodovia Henrique Moreno Milan \u2014 Foto: Cedida<\/p>\n<\/div>\n<\/div>\n<div class=\"row medium-uncollapsed content-media content-photo\" style=\"text-align: justify;\" data-block-type=\"backstage-photo\" data-block-id=\"18\">\n<div class=\"mc-column content-media__container\">\n<figure><img decoding=\"async\" class=\"i-amphtml-fill-content i-amphtml-replaced-content\" src=\"https:\/\/s2.glbimg.com\/PIMqVTjGJ5J6P9LMkhOD1geBP-s=\/0x141:780x785\/984x0\/smart\/filters:strip_icc()\/i.s3.glbimg.com\/v1\/AUTH_59edd422c0c84a879bd37670ae4f538a\/internal_photos\/bs\/2020\/7\/X\/82fqSHQF6X51EM2qK5ZQ\/bate-5.jpeg\" sizes=\"(max-width: 1366px) 648px, 100vw\" srcset=\"https:\/\/s2.glbimg.com\/cuTmfMyt94IwMmTW8rRPxqhSPbA=\/0x141:780x785\/1000x0\/smart\/filters:strip_icc()\/i.s3.glbimg.com\/v1\/AUTH_59edd422c0c84a879bd37670ae4f538a\/internal_photos\/bs\/2020\/7\/X\/82fqSHQF6X51EM2qK5ZQ\/bate-5.jpeg 1000w, https:\/\/s2.glbimg.com\/PIMqVTjGJ5J6P9LMkhOD1geBP-s=\/0x141:780x785\/984x0\/smart\/filters:strip_icc()\/i.s3.glbimg.com\/v1\/AUTH_59edd422c0c84a879bd37670ae4f538a\/internal_photos\/bs\/2020\/7\/X\/82fqSHQF6X51EM2qK5ZQ\/bate-5.jpeg 984w, https:\/\/s2.glbimg.com\/b4ZJ9_b9OWHD5m6gbVh8mzuDDBM=\/0x141:780x785\/640x0\/smart\/filters:strip_icc()\/i.s3.glbimg.com\/v1\/AUTH_59edd422c0c84a879bd37670ae4f538a\/internal_photos\/bs\/2020\/7\/X\/82fqSHQF6X51EM2qK5ZQ\/bate-5.jpeg 640w, https:\/\/s2.glbimg.com\/CsQ3n-SNvpq_y7GxbuhmA-GQ8zg=\/0x141:780x785\/600x0\/smart\/filters:strip_icc()\/i.s3.glbimg.com\/v1\/AUTH_59edd422c0c84a879bd37670ae4f538a\/internal_photos\/bs\/2020\/7\/X\/82fqSHQF6X51EM2qK5ZQ\/bate-5.jpeg 600w\" alt=\"V\u00edtima morreu ap\u00f3s acidente na Rodovia Henrique Moreno Milan \u2014 Foto: Cedida\" \/><\/figure>\n<p class=\"content-media__description \">V\u00edtima morreu ap\u00f3s acidente na Rodovia Henrique Moreno Milan \u2014 Foto: Cedida<\/p>\n<\/div>\n<\/div>\n<div class=\"row medium-uncollapsed content-media content-photo\" style=\"text-align: justify;\" data-block-type=\"backstage-photo\" data-block-id=\"19\">\n<div class=\"mc-column content-media__container\">\n<figure><img decoding=\"async\" class=\"i-amphtml-fill-content i-amphtml-replaced-content\" src=\"https:\/\/s2.glbimg.com\/5nUoq3K45iaoAUas_xLpDWSCBrQ=\/0x0:780x1040\/984x0\/smart\/filters:strip_icc()\/i.s3.glbimg.com\/v1\/AUTH_59edd422c0c84a879bd37670ae4f538a\/internal_photos\/bs\/2020\/o\/A\/yyXjJWQsmOhrhmH5W4Hg\/bate-4.jpeg\" sizes=\"(max-width: 1366px) 648px, 100vw\" srcset=\"https:\/\/s2.glbimg.com\/uOk5Le5yeOLU-9UD2IsAKdvBJBQ=\/0x0:780x1040\/1000x0\/smart\/filters:strip_icc()\/i.s3.glbimg.com\/v1\/AUTH_59edd422c0c84a879bd37670ae4f538a\/internal_photos\/bs\/2020\/o\/A\/yyXjJWQsmOhrhmH5W4Hg\/bate-4.jpeg 1000w, https:\/\/s2.glbimg.com\/5nUoq3K45iaoAUas_xLpDWSCBrQ=\/0x0:780x1040\/984x0\/smart\/filters:strip_icc()\/i.s3.glbimg.com\/v1\/AUTH_59edd422c0c84a879bd37670ae4f538a\/internal_photos\/bs\/2020\/o\/A\/yyXjJWQsmOhrhmH5W4Hg\/bate-4.jpeg 984w, https:\/\/s2.glbimg.com\/51GFePUYvu0rNHymtxihZ2h-wmU=\/0x0:780x1040\/640x0\/smart\/filters:strip_icc()\/i.s3.glbimg.com\/v1\/AUTH_59edd422c0c84a879bd37670ae4f538a\/internal_photos\/bs\/2020\/o\/A\/yyXjJWQsmOhrhmH5W4Hg\/bate-4.jpeg 640w, https:\/\/s2.glbimg.com\/1Jc_LDTwcPEF5j-fBFTfea7tCdc=\/0x0:780x1040\/600x0\/smart\/filters:strip_icc()\/i.s3.glbimg.com\/v1\/AUTH_59edd422c0c84a879bd37670ae4f538a\/internal_photos\/bs\/2020\/o\/A\/yyXjJWQsmOhrhmH5W4Hg\/bate-4.jpeg 600w\" alt=\"V\u00edtima morreu ap\u00f3s acidente na Rodovia Henrique Moreno Milan \u2014 Foto: Cedida\" \/><\/figure>\n<p class=\"content-media__description \">V\u00edtima morreu ap\u00f3s acidente na Rodovia Henrique Moreno Milan \u2014 Foto: Cedida<\/p>\n<\/div>\n<\/div>\n<div class=\"content-ads content-ads--reveal\" style=\"text-align: justify;\" data-block-type=\"ads\" data-block-id=\"20\">\n<div id=\"banner_materia__991a9343-8ed2-417f-b70e-ad6f164bfe07\" class=\"tag-manager-publicidade-container mc-has-reveal mc-has-ad-lazyload\" data-id=\"banner_materia__991a9343-8ed2-417f-b70e-ad6f164bfe07\"><\/div>\n<\/div>\n<div class=\"row medium-uncollapsed content-media content-photo\" style=\"text-align: justify;\" data-block-type=\"backstage-photo\" data-block-id=\"21\">\n<div class=\"mc-column content-media__container\">\n<figure><img decoding=\"async\" class=\"i-amphtml-fill-content i-amphtml-replaced-content\" src=\"https:\/\/s2.glbimg.com\/gaze_ygETbZ9jVtPcHi3dkd92io=\/0x0:780x1040\/984x0\/smart\/filters:strip_icc()\/i.s3.glbimg.com\/v1\/AUTH_59edd422c0c84a879bd37670ae4f538a\/internal_photos\/bs\/2020\/p\/o\/L802lWSGu87r4jJNfaUw\/bate-3.jpeg\" sizes=\"(max-width: 1366px) 648px, 100vw\" srcset=\"https:\/\/s2.glbimg.com\/lCiDXp-FbsSiSYx6ZCTjZcTVT_s=\/0x0:780x1040\/1000x0\/smart\/filters:strip_icc()\/i.s3.glbimg.com\/v1\/AUTH_59edd422c0c84a879bd37670ae4f538a\/internal_photos\/bs\/2020\/p\/o\/L802lWSGu87r4jJNfaUw\/bate-3.jpeg 1000w, https:\/\/s2.glbimg.com\/gaze_ygETbZ9jVtPcHi3dkd92io=\/0x0:780x1040\/984x0\/smart\/filters:strip_icc()\/i.s3.glbimg.com\/v1\/AUTH_59edd422c0c84a879bd37670ae4f538a\/internal_photos\/bs\/2020\/p\/o\/L802lWSGu87r4jJNfaUw\/bate-3.jpeg 984w, https:\/\/s2.glbimg.com\/G6HD71YUzvAdeUhmxxf4KiSuOx8=\/0x0:780x1040\/640x0\/smart\/filters:strip_icc()\/i.s3.glbimg.com\/v1\/AUTH_59edd422c0c84a879bd37670ae4f538a\/internal_photos\/bs\/2020\/p\/o\/L802lWSGu87r4jJNfaUw\/bate-3.jpeg 640w, https:\/\/s2.glbimg.com\/Pq_ZRbF57BpY_PIqr53WRCdG5MM=\/0x0:780x1040\/600x0\/smart\/filters:strip_icc()\/i.s3.glbimg.com\/v1\/AUTH_59edd422c0c84a879bd37670ae4f538a\/internal_photos\/bs\/2020\/p\/o\/L802lWSGu87r4jJNfaUw\/bate-3.jpeg 600w\" alt=\"V\u00edtima morreu ap\u00f3s acidente na Rodovia Henrique Moreno Milan \u2014 Foto: Cedida\" \/><\/figure>\n<p class=\"content-media__description \">V\u00edtima morreu ap\u00f3s acidente na Rodovia Henrique Moreno Milan \u2014 Foto: Cedida<\/p>\n<\/div>\n<\/div>\n<div class=\"row medium-uncollapsed content-media content-photo\" style=\"text-align: justify;\" data-block-type=\"backstage-photo\" data-block-id=\"22\">\n<div class=\"mc-column content-media__container\">\n<figure><img decoding=\"async\" class=\"i-amphtml-fill-content i-amphtml-replaced-content\" src=\"https:\/\/s2.glbimg.com\/TMwPpeNJbJcs2BtVrbCvkQnXIh4=\/0x11:780x1040\/984x0\/smart\/filters:strip_icc()\/i.s3.glbimg.com\/v1\/AUTH_59edd422c0c84a879bd37670ae4f538a\/internal_photos\/bs\/2020\/k\/E\/ULntZyQaigJ9A6qaiBsg\/bate-2.jpeg\" sizes=\"(max-width: 1366px) 648px, 100vw\" srcset=\"https:\/\/s2.glbimg.com\/I2zBkgnidnLg00S0KlEiQkpswio=\/0x11:780x1040\/1000x0\/smart\/filters:strip_icc()\/i.s3.glbimg.com\/v1\/AUTH_59edd422c0c84a879bd37670ae4f538a\/internal_photos\/bs\/2020\/k\/E\/ULntZyQaigJ9A6qaiBsg\/bate-2.jpeg 1000w, https:\/\/s2.glbimg.com\/TMwPpeNJbJcs2BtVrbCvkQnXIh4=\/0x11:780x1040\/984x0\/smart\/filters:strip_icc()\/i.s3.glbimg.com\/v1\/AUTH_59edd422c0c84a879bd37670ae4f538a\/internal_photos\/bs\/2020\/k\/E\/ULntZyQaigJ9A6qaiBsg\/bate-2.jpeg 984w, https:\/\/s2.glbimg.com\/wB3-OO9xC9LJeTy1JP0JHqL9ZxQ=\/0x11:780x1040\/640x0\/smart\/filters:strip_icc()\/i.s3.glbimg.com\/v1\/AUTH_59edd422c0c84a879bd37670ae4f538a\/internal_photos\/bs\/2020\/k\/E\/ULntZyQaigJ9A6qaiBsg\/bate-2.jpeg 640w, https:\/\/s2.glbimg.com\/3UoCpsSyGoWnFP9R91uBOPRGP4o=\/0x11:780x1040\/600x0\/smart\/filters:strip_icc()\/i.s3.glbimg.com\/v1\/AUTH_59edd422c0c84a879bd37670ae4f538a\/internal_photos\/bs\/2020\/k\/E\/ULntZyQaigJ9A6qaiBsg\/bate-2.jpeg 600w\" alt=\"V\u00edtima morreu ap\u00f3s acidente na Rodovia Henrique Moreno Milan \u2014 Foto: Cedida\" \/><\/figure>\n<p class=\"content-media__description \">V\u00edtima morreu ap\u00f3s acidente na Rodovia Henrique Moreno Milan \u2014 Foto: Cedida<\/p>\n<\/div>\n<\/div>\n<div class=\"row medium-uncollapsed content-media content-photo\" data-block-type=\"backstage-photo\" data-block-id=\"23\">\n<div class=\"mc-column content-media__container\">\n<figure style=\"text-align: justify;\"><img decoding=\"async\" class=\"i-amphtml-fill-content i-amphtml-replaced-content\" src=\"https:\/\/s2.glbimg.com\/hNWF-7OSZBqu6AIA-O5gFP_FIdI=\/0x0:780x1040\/984x0\/smart\/filters:strip_icc()\/i.s3.glbimg.com\/v1\/AUTH_59edd422c0c84a879bd37670ae4f538a\/internal_photos\/bs\/2020\/5\/I\/kisUieSL6kDAVnxTZiBg\/bate-1.jpeg\" sizes=\"(max-width: 1366px) 648px, 100vw\" srcset=\"https:\/\/s2.glbimg.com\/zLhTR7aT0_Li7LKXVmg5f-fwoAE=\/0x0:780x1040\/1000x0\/smart\/filters:strip_icc()\/i.s3.glbimg.com\/v1\/AUTH_59edd422c0c84a879bd37670ae4f538a\/internal_photos\/bs\/2020\/5\/I\/kisUieSL6kDAVnxTZiBg\/bate-1.jpeg 1000w, https:\/\/s2.glbimg.com\/hNWF-7OSZBqu6AIA-O5gFP_FIdI=\/0x0:780x1040\/984x0\/smart\/filters:strip_icc()\/i.s3.glbimg.com\/v1\/AUTH_59edd422c0c84a879bd37670ae4f538a\/internal_photos\/bs\/2020\/5\/I\/kisUieSL6kDAVnxTZiBg\/bate-1.jpeg 984w, https:\/\/s2.glbimg.com\/4u_9mqat8GgPXRJUOqpccRvc4tM=\/0x0:780x1040\/640x0\/smart\/filters:strip_icc()\/i.s3.glbimg.com\/v1\/AUTH_59edd422c0c84a879bd37670ae4f538a\/internal_photos\/bs\/2020\/5\/I\/kisUieSL6kDAVnxTZiBg\/bate-1.jpeg 640w, https:\/\/s2.glbimg.com\/LOC4gvUVdyF_L3YCDsvUnlxHO08=\/0x0:780x1040\/600x0\/smart\/filters:strip_icc()\/i.s3.glbimg.com\/v1\/AUTH_59edd422c0c84a879bd37670ae4f538a\/internal_photos\/bs\/2020\/5\/I\/kisUieSL6kDAVnxTZiBg\/bate-1.jpeg 600w\" alt=\"V\u00edtima morreu ap\u00f3s acidente na Rodovia Henrique Moreno Milan \u2014 Foto: Cedida\" \/><\/figure>\n<p class=\"content-media__description \" style=\"text-align: justify;\">V\u00edtima morreu ap\u00f3s acidente na Rodovia Henrique Moreno Milan \u2014 Foto: Cedida<\/p>\n<p style=\"text-align: justify;\">Fonte: G1<\/p>\n<\/div>\n<\/div>\n<\/div>\n","protected":false},"excerpt":{"rendered":"<p>V\u00edtima, de 20 anos, foi socorrida ainda com vida pelo Corpo de Bombeiros e encaminhada ao HR, em Presidente Prudente, para receber atendimento m\u00e9dico, mas n\u00e3o resistiu aos ferimentos. Acidente aconteceu na\u00a0Rodovia Henrique Moreno Milan. Uma jovem de 20 anos morreu v\u00edtima de um acidente de tr\u00e2nsito na manh\u00e3 desta segunda-feira (2), na Rodovia Henrique [&hellip;]<\/p>\n","protected":false},"author":1,"featured_media":38055,"comment_status":"closed","ping_status":"open","sticky":false,"template":"","format":"standard","meta":{"footnotes":""},"categories":[170,110],"tags":[],"class_list":["post-38054","post","type-post","status-publish","format-standard","has-post-thumbnail","hentry","category-acidentes","category-noticiasdestaque"],"_links":{"self":[{"href":"https:\/\/jorgezanoni.com.br\/2019\/wp-json\/wp\/v2\/posts\/38054","targetHints":{"allow":["GET"]}}],"collection":[{"href":"https:\/\/jorgezanoni.com.br\/2019\/wp-json\/wp\/v2\/posts"}],"about":[{"href":"https:\/\/jorgezanoni.com.br\/2019\/wp-json\/wp\/v2\/types\/post"}],"author":[{"embeddable":true,"href":"https:\/\/jorgezanoni.com.br\/2019\/wp-json\/wp\/v2\/users\/1"}],"replies":[{"embeddable":true,"href":"https:\/\/jorgezanoni.com.br\/2019\/wp-json\/wp\/v2\/comments?post=38054"}],"version-history":[{"count":0,"href":"https:\/\/jorgezanoni.com.br\/2019\/wp-json\/wp\/v2\/posts\/38054\/revisions"}],"wp:featuredmedia":[{"embeddable":true,"href":"https:\/\/jorgezanoni.com.br\/2019\/wp-json\/wp\/v2\/media\/38055"}],"wp:attachment":[{"href":"https:\/\/jorgezanoni.com.br\/2019\/wp-json\/wp\/v2\/media?parent=38054"}],"wp:term":[{"taxonomy":"category","embeddable":true,"href":"https:\/\/jorgezanoni.com.br\/2019\/wp-json\/wp\/v2\/categories?post=38054"},{"taxonomy":"post_tag","embeddable":true,"href":"https:\/\/jorgezanoni.com.br\/2019\/wp-json\/wp\/v2\/tags?post=38054"}],"curies":[{"name":"wp","href":"https:\/\/api.w.org\/{rel}","templated":true}]}}