{"id":38048,"date":"2020-11-03T00:37:06","date_gmt":"2020-11-03T00:37:06","guid":{"rendered":"https:\/\/jorgezanoni.com.br\/2019\/?p=38048"},"modified":"2020-11-03T00:37:06","modified_gmt":"2020-11-03T00:37:06","slug":"ecap-unifadra-debora-sousa-trara-o-tema-laserterapia-para-o-evento","status":"publish","type":"post","link":"https:\/\/jorgezanoni.com.br\/2019\/ecap-unifadra-debora-sousa-trara-o-tema-laserterapia-para-o-evento\/","title":{"rendered":"ECAP UNIFADRA: D\u00e9bora Sousa trar\u00e1 o tema Laserterapia para o evento"},"content":{"rendered":"<p dir=\"ltr\" style=\"text-align: justify;\">A enfermeira convidada D\u00e9bora Nunes Sousa participar\u00e1 do ECAP 2020 (Encontro Cient\u00edfico da Alta Paulista) no dia 11 de novembro. O evento, realizado anualmente pela Unifadra, este ano ser\u00e1 na modalidade on-line.<\/p>\n<p dir=\"ltr\" style=\"text-align: justify;\">D\u00e9bora Sousa abordar\u00e1 o tema Laserterapia, visando mostrar aos estudantes novas perspectivas de atua\u00e7\u00e3o do Enfermeiro, proporcionando reflex\u00f5es a respeito do cuidado com a gestante no per\u00edodo da amamenta\u00e7\u00e3o. &#8220;Vamos explorar aspectos te\u00f3ricos e pr\u00e1ticos de como o enfermeiro deve realizar esse trabalho com embasamento cient\u00edfico para melhorar a qualidade de vida da m\u00e3e e do beb\u00ea&#8221;, ressaltou a convidada.<\/p>\n<p>A laserterapia na amamenta\u00e7\u00e3o \u00e9 uma \u00e1rea de atua\u00e7\u00e3o inovadora na Enfermagem. Esse trabalho possibilita ao enfermeiro a oportunidade de atuar na \u00e1rea materno-infantil, baseado em conhecimento cient\u00edfico para uso do laser em feridas e les\u00f5es nas mamas decorrentes do processo de amamenta\u00e7\u00e3o. A palestra sobre laserterapia apresenta uma possibilidade de amplia\u00e7\u00e3o da atua\u00e7\u00e3o profissional do Enfermeiro, enfocando a import\u00e2ncia da atualiza\u00e7\u00e3o e capacita\u00e7\u00e3o usando novas tecnologias e protocolos de atua\u00e7\u00e3o.<\/p>\n<p dir=\"ltr\" style=\"text-align: justify;\">D\u00e9bora Nunes de Sousa \u00e9 enfermeira, formada pelo Centro Universit\u00e1rio de Bras\u00edlia &#8211; UniCEUB. P\u00f3s-graduada em Obstetr\u00edcia pelo IBEED. P\u00f3s-graduada em Neonatologia e Pediatria pela Faculdade Unyleya. \u00c9 doula, laserterapeuta, consultora em amamenta\u00e7\u00e3o e especialista em perfura\u00e7\u00e3o de orelhas.<span id=\"gmail-docs-internal-guid-9e19871b-7fff-49db-65fe-f8734aacce60\"><\/span><\/p>\n<div style=\"text-align: justify;\">O evento ser\u00e1 gratuito. Para participar, inscreva-se pelo site:\u00a0<a href=\"https:\/\/fundec.edu.br\/unifadra\/ecap\" target=\"_blank\" rel=\"noopener noreferrer\">https:\/\/fundec.edu.br\/unifadra\/ecap<\/a>\u00a0. Para mais informa\u00e7\u00f5es: (18) 3821-9004 ou\u00a0<a href=\"mailto:ecapunifadra@fundec.edu.br\" rel=\"noreferrer\">ecapunifadra@fundec.edu.br<\/a>\u00a0.<\/div>\n<p style=\"text-align: justify;\">\n<p style=\"text-align: justify;\">Carolina Colnago<\/p>\n<div class=\"gmail_signature\" dir=\"ltr\">\n<div dir=\"ltr\" style=\"text-align: justify;\">Assistente de Comunica\u00e7\u00e3o<br \/>\nFunda\u00e7\u00e3o Dracenense de Educa\u00e7\u00e3o e Cultura<\/div>\n<\/div>\n","protected":false},"excerpt":{"rendered":"<p>A enfermeira convidada D\u00e9bora Nunes Sousa participar\u00e1 do ECAP 2020 (Encontro Cient\u00edfico da Alta Paulista) no dia 11 de novembro. O evento, realizado anualmente pela Unifadra, este ano ser\u00e1 na modalidade on-line. D\u00e9bora Sousa abordar\u00e1 o tema Laserterapia, visando mostrar aos estudantes novas perspectivas de atua\u00e7\u00e3o do Enfermeiro, proporcionando reflex\u00f5es a respeito do cuidado com [&hellip;]<\/p>\n","protected":false},"author":1,"featured_media":38049,"comment_status":"closed","ping_status":"open","sticky":false,"template":"","format":"standard","meta":{"footnotes":""},"categories":[122],"tags":[],"class_list":["post-38048","post","type-post","status-publish","format-standard","has-post-thumbnail","hentry","category-saudeeducacaoeconcurso"],"_links":{"self":[{"href":"https:\/\/jorgezanoni.com.br\/2019\/wp-json\/wp\/v2\/posts\/38048","targetHints":{"allow":["GET"]}}],"collection":[{"href":"https:\/\/jorgezanoni.com.br\/2019\/wp-json\/wp\/v2\/posts"}],"about":[{"href":"https:\/\/jorgezanoni.com.br\/2019\/wp-json\/wp\/v2\/types\/post"}],"author":[{"embeddable":true,"href":"https:\/\/jorgezanoni.com.br\/2019\/wp-json\/wp\/v2\/users\/1"}],"replies":[{"embeddable":true,"href":"https:\/\/jorgezanoni.com.br\/2019\/wp-json\/wp\/v2\/comments?post=38048"}],"version-history":[{"count":0,"href":"https:\/\/jorgezanoni.com.br\/2019\/wp-json\/wp\/v2\/posts\/38048\/revisions"}],"wp:featuredmedia":[{"embeddable":true,"href":"https:\/\/jorgezanoni.com.br\/2019\/wp-json\/wp\/v2\/media\/38049"}],"wp:attachment":[{"href":"https:\/\/jorgezanoni.com.br\/2019\/wp-json\/wp\/v2\/media?parent=38048"}],"wp:term":[{"taxonomy":"category","embeddable":true,"href":"https:\/\/jorgezanoni.com.br\/2019\/wp-json\/wp\/v2\/categories?post=38048"},{"taxonomy":"post_tag","embeddable":true,"href":"https:\/\/jorgezanoni.com.br\/2019\/wp-json\/wp\/v2\/tags?post=38048"}],"curies":[{"name":"wp","href":"https:\/\/api.w.org\/{rel}","templated":true}]}}