{"id":38045,"date":"2020-11-03T00:21:19","date_gmt":"2020-11-03T00:21:19","guid":{"rendered":"https:\/\/jorgezanoni.com.br\/2019\/?p=38045"},"modified":"2020-11-03T00:21:19","modified_gmt":"2020-11-03T00:21:19","slug":"artes-visuais-e-o-curso-de-segunda-licenciatura-mais-procurado-na-unifadra-ead-polo-unitau","status":"publish","type":"post","link":"https:\/\/jorgezanoni.com.br\/2019\/artes-visuais-e-o-curso-de-segunda-licenciatura-mais-procurado-na-unifadra-ead-polo-unitau\/","title":{"rendered":"Artes Visuais \u00e9 o curso de segunda licenciatura mais procurado na Unifadra EAD &#8211; Polo Unitau"},"content":{"rendered":"<p dir=\"ltr\" style=\"text-align: justify;\">O curso de Segunda Licenciatura em Artes Visuais da UNIFADRA EAD, em parceria com a UNITAU EAD, tem o objetivo de garantir ao licenciado forma\u00e7\u00e3o profissional consistente e contextualizada, baseada na articula\u00e7\u00e3o entre os conhecimentos origin\u00e1rios das linguagens da Arte, com compet\u00eancias, habilidades e posturas que permitam ao professor, aqui formado, plena atua\u00e7\u00e3o no ensino, na pesquisa e na extens\u00e3o, de forma \u00e9tica, cr\u00edtica, inovadora e interdisciplinar.<\/p>\n<p dir=\"ltr\" style=\"text-align: justify;\">O professor licenciado em Artes Visuais deve desenvolver compet\u00eancias para atuar nas diferentes etapas da Educa\u00e7\u00e3o B\u00e1sica (Educa\u00e7\u00e3o Infantil, Ensino Fundamental, anos iniciais e finais, e Ensino M\u00e9dio).<\/p>\n<p dir=\"ltr\" style=\"text-align: justify;\">A coordenadora de EAD da Unifadra Rosana Trindade explicou que, al\u00e9m do ensino formal, o licenciado em Artes Visuais poder\u00e1 atuar em institui\u00e7\u00f5es culturais (centros culturais, museus, galerias, teatros, etc.), ONGs, hospitais, hot\u00e9is, empresas de comunica\u00e7\u00e3o (ag\u00eancias publicit\u00e1rias, gr\u00e1ficas, produ\u00e7\u00e3o de eventos, TVs, etc.), entre outras institui\u00e7\u00f5es p\u00fablicas e privadas. Nesses locais, poder\u00e1 exercer diversas atividades, tais como monitorias, produ\u00e7\u00e3o cultural, oficinas e ateli\u00eas, programa\u00e7\u00e3o visual, dire\u00e7\u00e3o de arte, montagem e curadoria de exposi\u00e7\u00f5es, media\u00e7\u00e3o cultural.<\/p>\n<p dir=\"ltr\" style=\"text-align: justify;\">O profissional formado em Artes Visuais poder\u00e1 atuar consciente de seu papel na forma\u00e7\u00e3o de cidad\u00e3os, estimular cria\u00e7\u00f5es visuais e sua divulga\u00e7\u00e3o como manifesta\u00e7\u00e3o do potencial art\u00edstico, objetivando o aprimoramento da sensibilidade est\u00e9tica dos diversos atores sociais.<\/p>\n<p dir=\"ltr\" style=\"text-align: justify;\">O diretor acad\u00eamico da Unifadra Prof. Dr. Enio Garbelini destacou que a prepara\u00e7\u00e3o do profissional de Artes Visuais se dar\u00e1 numa dimens\u00e3o integrada e indissoci\u00e1vel para o exerc\u00edcio da doc\u00eancia e para a gest\u00e3o dos processos educativos escolares e n\u00e3o escolares, assim como para a produ\u00e7\u00e3o e difus\u00e3o do conhecimento do campo educacional.<\/p>\n<p dir=\"ltr\" style=\"text-align: justify;\">PROFESSOR, amplie sua capacidade de atua\u00e7\u00e3o profissional, otimizando e flexibilizando seu tempo, por um valor justo e acess\u00edvel por meio da UNIFADRA EAD &#8211; Polo parceiro UNITAU EAD.<\/p>\n<p dir=\"ltr\" style=\"text-align: justify;\">Para mais informa\u00e7\u00f5es, entre em contato pelo Whatsapp (18) 9818-9299 ou pelo e-mail <a href=\"mailto:coordenacao_ead@fundec.edu.br\" rel=\"noreferrer\">coordenacao_ead@fundec.edu.br<\/a> .<span id=\"gmail-docs-internal-guid-624ee6cb-7fff-b855-a09e-b76c5d937b4b\"><\/span><\/p>\n<div class=\"gmail_signature\" dir=\"ltr\">\n<div dir=\"ltr\" style=\"text-align: justify;\"><b>Carolina Colnago<br \/>\nAssistente de Comunica\u00e7\u00e3o\u00a0<\/b><br \/>\n<b>Funda\u00e7\u00e3o Dracenense de Educa\u00e7\u00e3o e Cultura<\/b><\/div>\n<\/div>\n","protected":false},"excerpt":{"rendered":"<p>O curso de Segunda Licenciatura em Artes Visuais da UNIFADRA EAD, em parceria com a UNITAU EAD, tem o objetivo de garantir ao licenciado forma\u00e7\u00e3o profissional consistente e contextualizada, baseada na articula\u00e7\u00e3o entre os conhecimentos origin\u00e1rios das linguagens da Arte, com compet\u00eancias, habilidades e posturas que permitam ao professor, aqui formado, plena atua\u00e7\u00e3o no ensino, [&hellip;]<\/p>\n","protected":false},"author":1,"featured_media":38046,"comment_status":"closed","ping_status":"open","sticky":false,"template":"","format":"standard","meta":{"footnotes":""},"categories":[122],"tags":[],"class_list":["post-38045","post","type-post","status-publish","format-standard","has-post-thumbnail","hentry","category-saudeeducacaoeconcurso"],"_links":{"self":[{"href":"https:\/\/jorgezanoni.com.br\/2019\/wp-json\/wp\/v2\/posts\/38045","targetHints":{"allow":["GET"]}}],"collection":[{"href":"https:\/\/jorgezanoni.com.br\/2019\/wp-json\/wp\/v2\/posts"}],"about":[{"href":"https:\/\/jorgezanoni.com.br\/2019\/wp-json\/wp\/v2\/types\/post"}],"author":[{"embeddable":true,"href":"https:\/\/jorgezanoni.com.br\/2019\/wp-json\/wp\/v2\/users\/1"}],"replies":[{"embeddable":true,"href":"https:\/\/jorgezanoni.com.br\/2019\/wp-json\/wp\/v2\/comments?post=38045"}],"version-history":[{"count":0,"href":"https:\/\/jorgezanoni.com.br\/2019\/wp-json\/wp\/v2\/posts\/38045\/revisions"}],"wp:featuredmedia":[{"embeddable":true,"href":"https:\/\/jorgezanoni.com.br\/2019\/wp-json\/wp\/v2\/media\/38046"}],"wp:attachment":[{"href":"https:\/\/jorgezanoni.com.br\/2019\/wp-json\/wp\/v2\/media?parent=38045"}],"wp:term":[{"taxonomy":"category","embeddable":true,"href":"https:\/\/jorgezanoni.com.br\/2019\/wp-json\/wp\/v2\/categories?post=38045"},{"taxonomy":"post_tag","embeddable":true,"href":"https:\/\/jorgezanoni.com.br\/2019\/wp-json\/wp\/v2\/tags?post=38045"}],"curies":[{"name":"wp","href":"https:\/\/api.w.org\/{rel}","templated":true}]}}