{"id":38042,"date":"2020-11-03T00:05:34","date_gmt":"2020-11-03T00:05:34","guid":{"rendered":"https:\/\/jorgezanoni.com.br\/2019\/?p=38042"},"modified":"2020-11-03T00:05:34","modified_gmt":"2020-11-03T00:05:34","slug":"alunos-de-enfermagem-da-unifadra-participam-da-campanha-nacional-contra-a-paralisia-infantil","status":"publish","type":"post","link":"https:\/\/jorgezanoni.com.br\/2019\/alunos-de-enfermagem-da-unifadra-participam-da-campanha-nacional-contra-a-paralisia-infantil\/","title":{"rendered":"Alunos de Enfermagem da Unifadra participam da Campanha Nacional contra a Paralisia Infantil"},"content":{"rendered":"<p dir=\"ltr\" style=\"text-align: justify;\">No dia 22 de outubro, as alunas do 8\u00ba termo do curso de Enfermagem da Unifadra\/Fundec, que est\u00e3o atuando no Est\u00e1gio Supervisionado em Aten\u00e7\u00e3o B\u00e1sica, modalidade Internato, participaram da Campanha Nacional contra a Paralisia Infantil, na Unidade de Sa\u00fade da Fam\u00edlia do Jardim Brasil\u00e2ndia, em Dracena.<\/p>\n<p dir=\"ltr\" style=\"text-align: justify;\">As alunas, sob supervis\u00e3o da Profa. Esp. Jacqueline Maria de Souza, analisaram as carteiras vacinais das crian\u00e7as e todas as vacinas em atraso foram atualizadas. Durante a campanha nacional, foram ofertadas todas as vacinas do calend\u00e1rio b\u00e1sico de vacina\u00e7\u00e3o da crian\u00e7a e do adolescente visando diminuir o risco de transmiss\u00e3o de enfermidades imunopreven\u00edveis, assim como reduzir as taxas de abandono do esquema vacinal.<\/p>\n<p dir=\"ltr\" style=\"text-align: justify;\">O Brasil n\u00e3o detecta casos de poliomielite desde 1989. O pa\u00eds, desde ent\u00e3o, vem realizando esfor\u00e7os para atingir a meta dos indicadores preconizados pelo Minist\u00e9rio da Sa\u00fade para manter o pa\u00eds livre da doen\u00e7a.<\/p>\n<p dir=\"ltr\" style=\"text-align: justify;\">A coordenadora de Enfermagem da Unifadra Profa. Dra. Lilian Carla Ferrari Sossai Panicio explicou que essas a\u00e7\u00f5es s\u00e3o muito importantes tanto para a popula\u00e7\u00e3o, quanto para os alunos. &#8220;O curso de Enfermagem tem contribu\u00eddo sempre que poss\u00edvel com as institui\u00e7\u00f5es parceiras, por meio dos nossos alunos e professores. Essa a\u00e7\u00e3o foi de grande import\u00e2ncia, pois desenvolvemos nossas habilidades t\u00e9cnicas e de comunica\u00e7\u00e3o. Al\u00e9m disso, oferecemos aos estudantes a oportunidade de conhecer e participar da viv\u00eancia do enfermeiro na campanha de vacina\u00e7\u00e3o&#8221;, acrescentou a coordenadora.<br \/>\nO diretor acad\u00eamico da Unifadra Prof. Dr. Enio Garbelini destacou que os alunos da Unifadra sempre participam de a\u00e7\u00f5es desse tipo em Dracena e regi\u00e3o, como atividades pr\u00e1ticas de seus cursos.<span id=\"gmail-docs-internal-guid-31786393-7fff-e9db-0f23-7339079d653e\"><\/span><\/p>\n<div class=\"gmail_signature\" dir=\"ltr\">\n<div dir=\"ltr\" style=\"text-align: justify;\">Carolina Colnago<br \/>\nAssistente de Comunica\u00e7\u00e3o<br \/>\nFunda\u00e7\u00e3o Dracenense de Educa\u00e7\u00e3o e Cultura<\/div>\n<\/div>\n","protected":false},"excerpt":{"rendered":"<p>No dia 22 de outubro, as alunas do 8\u00ba termo do curso de Enfermagem da Unifadra\/Fundec, que est\u00e3o atuando no Est\u00e1gio Supervisionado em Aten\u00e7\u00e3o B\u00e1sica, modalidade Internato, participaram da Campanha Nacional contra a Paralisia Infantil, na Unidade de Sa\u00fade da Fam\u00edlia do Jardim Brasil\u00e2ndia, em Dracena. As alunas, sob supervis\u00e3o da Profa. Esp. Jacqueline Maria [&hellip;]<\/p>\n","protected":false},"author":1,"featured_media":38043,"comment_status":"closed","ping_status":"open","sticky":false,"template":"","format":"standard","meta":{"footnotes":""},"categories":[122],"tags":[],"class_list":["post-38042","post","type-post","status-publish","format-standard","has-post-thumbnail","hentry","category-saudeeducacaoeconcurso"],"_links":{"self":[{"href":"https:\/\/jorgezanoni.com.br\/2019\/wp-json\/wp\/v2\/posts\/38042","targetHints":{"allow":["GET"]}}],"collection":[{"href":"https:\/\/jorgezanoni.com.br\/2019\/wp-json\/wp\/v2\/posts"}],"about":[{"href":"https:\/\/jorgezanoni.com.br\/2019\/wp-json\/wp\/v2\/types\/post"}],"author":[{"embeddable":true,"href":"https:\/\/jorgezanoni.com.br\/2019\/wp-json\/wp\/v2\/users\/1"}],"replies":[{"embeddable":true,"href":"https:\/\/jorgezanoni.com.br\/2019\/wp-json\/wp\/v2\/comments?post=38042"}],"version-history":[{"count":0,"href":"https:\/\/jorgezanoni.com.br\/2019\/wp-json\/wp\/v2\/posts\/38042\/revisions"}],"wp:featuredmedia":[{"embeddable":true,"href":"https:\/\/jorgezanoni.com.br\/2019\/wp-json\/wp\/v2\/media\/38043"}],"wp:attachment":[{"href":"https:\/\/jorgezanoni.com.br\/2019\/wp-json\/wp\/v2\/media?parent=38042"}],"wp:term":[{"taxonomy":"category","embeddable":true,"href":"https:\/\/jorgezanoni.com.br\/2019\/wp-json\/wp\/v2\/categories?post=38042"},{"taxonomy":"post_tag","embeddable":true,"href":"https:\/\/jorgezanoni.com.br\/2019\/wp-json\/wp\/v2\/tags?post=38042"}],"curies":[{"name":"wp","href":"https:\/\/api.w.org\/{rel}","templated":true}]}}