{"id":38039,"date":"2020-11-02T23:53:49","date_gmt":"2020-11-02T23:53:49","guid":{"rendered":"https:\/\/jorgezanoni.com.br\/2019\/?p=38039"},"modified":"2020-11-02T23:53:49","modified_gmt":"2020-11-02T23:53:49","slug":"unifadra-dracena-e-estrelada-com-avaliacao-do-guia-da-faculdade-2","status":"publish","type":"post","link":"https:\/\/jorgezanoni.com.br\/2019\/unifadra-dracena-e-estrelada-com-avaliacao-do-guia-da-faculdade-2\/","title":{"rendered":"Unifadra Dracena \u00e9 estrelada com avalia\u00e7\u00e3o do Guia da Faculdade"},"content":{"rendered":"<p dir=\"ltr\" style=\"text-align: justify;\">Unifadra Dracena comemora notas recebidas em avalia\u00e7\u00e3o realizada pelo jornal O Estado de S\u00e3o Paulo e Quero Educa\u00e7\u00e3o.<\/p>\n<p dir=\"ltr\" style=\"text-align: justify;\">A avalia\u00e7\u00e3o foi realizada pelo jornal O Estado de S. Paulo e pela Quero Educa\u00e7\u00e3o e contou com mais de 9 mil professores, que deram notas para 1.909 institui\u00e7\u00f5es do Brasil e mais de 14 mil cursos superiores.<\/p>\n<p dir=\"ltr\" style=\"text-align: justify;\">Entre os quatro cursos avaliados da Unifadra\/Fundec de Dracena, o curso de Pedagogia recebeu nota 4 na avalia\u00e7\u00e3o (a nota m\u00e1xima da avalia\u00e7\u00e3o \u00e9 5) e os cursos de Psicologia, Enfermagem e Educa\u00e7\u00e3o F\u00edsica obtiveram a nota 3.<\/p>\n<p dir=\"ltr\" style=\"text-align: justify;\">O Guia avaliou a qualidade do projeto pedag\u00f3gico, qualidade do corpo docente e infraestrutura de cursos superiores de todo o pa\u00eds. O diretor acad\u00eamico da Unifadra Prof. Dr. Enio Garbelini destacou que essas avalia\u00e7\u00f5es externas s\u00e3o muito importantes e seus resultados mostram que estamos no caminho certo para uma forma\u00e7\u00e3o de qualidade, com os cursos superiores da Unifadra.<\/p>\n<p dir=\"ltr\" style=\"text-align: justify;\">A Unifadra tamb\u00e9m j\u00e1 recebeu selos de qualidade de ensino e infraestrutura da Abril Educa\u00e7\u00e3o pelo Guia do Estudante (realizado pela \u00faltima vez em 2018) e pelo Guia da Faculdade, em 2019.<span id=\"gmail-docs-internal-guid-f0383cd8-7fff-40b7-4ca8-2da5b9d72ae7\"><\/span><\/p>\n<div class=\"gmail_signature\" dir=\"ltr\">\n<div dir=\"ltr\" style=\"text-align: justify;\">Carolina Colnago<br \/>\nAssistente de Comunica\u00e7\u00e3o<\/div>\n<\/div>\n","protected":false},"excerpt":{"rendered":"<p>Unifadra Dracena comemora notas recebidas em avalia\u00e7\u00e3o realizada pelo jornal O Estado de S\u00e3o Paulo e Quero Educa\u00e7\u00e3o. A avalia\u00e7\u00e3o foi realizada pelo jornal O Estado de S. Paulo e pela Quero Educa\u00e7\u00e3o e contou com mais de 9 mil professores, que deram notas para 1.909 institui\u00e7\u00f5es do Brasil e mais de 14 mil cursos [&hellip;]<\/p>\n","protected":false},"author":1,"featured_media":38040,"comment_status":"closed","ping_status":"open","sticky":false,"template":"","format":"standard","meta":{"footnotes":""},"categories":[122],"tags":[],"class_list":["post-38039","post","type-post","status-publish","format-standard","has-post-thumbnail","hentry","category-saudeeducacaoeconcurso"],"_links":{"self":[{"href":"https:\/\/jorgezanoni.com.br\/2019\/wp-json\/wp\/v2\/posts\/38039","targetHints":{"allow":["GET"]}}],"collection":[{"href":"https:\/\/jorgezanoni.com.br\/2019\/wp-json\/wp\/v2\/posts"}],"about":[{"href":"https:\/\/jorgezanoni.com.br\/2019\/wp-json\/wp\/v2\/types\/post"}],"author":[{"embeddable":true,"href":"https:\/\/jorgezanoni.com.br\/2019\/wp-json\/wp\/v2\/users\/1"}],"replies":[{"embeddable":true,"href":"https:\/\/jorgezanoni.com.br\/2019\/wp-json\/wp\/v2\/comments?post=38039"}],"version-history":[{"count":0,"href":"https:\/\/jorgezanoni.com.br\/2019\/wp-json\/wp\/v2\/posts\/38039\/revisions"}],"wp:featuredmedia":[{"embeddable":true,"href":"https:\/\/jorgezanoni.com.br\/2019\/wp-json\/wp\/v2\/media\/38040"}],"wp:attachment":[{"href":"https:\/\/jorgezanoni.com.br\/2019\/wp-json\/wp\/v2\/media?parent=38039"}],"wp:term":[{"taxonomy":"category","embeddable":true,"href":"https:\/\/jorgezanoni.com.br\/2019\/wp-json\/wp\/v2\/categories?post=38039"},{"taxonomy":"post_tag","embeddable":true,"href":"https:\/\/jorgezanoni.com.br\/2019\/wp-json\/wp\/v2\/tags?post=38039"}],"curies":[{"name":"wp","href":"https:\/\/api.w.org\/{rel}","templated":true}]}}