{"id":3802,"date":"2019-08-13T23:58:00","date_gmt":"2019-08-13T23:58:00","guid":{"rendered":"https:\/\/jorgezanoni.com.br\/2019\/?p=3802"},"modified":"2019-08-13T23:58:36","modified_gmt":"2019-08-13T23:58:36","slug":"infectologista-dracenense-ricardo-sobhie-diaz-visita-a-fundec","status":"publish","type":"post","link":"https:\/\/jorgezanoni.com.br\/2019\/infectologista-dracenense-ricardo-sobhie-diaz-visita-a-fundec\/","title":{"rendered":"Infectologista dracenense Ricardo Sobhie Diaz visita a Fundec"},"content":{"rendered":"<p style=\"font-weight: 400; text-align: justify;\">O m\u00e9dico infectologista e cientista Dr. Ricardo Sobhie Diaz visitou a Fundec na \u00faltima sexta-feira, dia 9 de agosto. Acompanhado pelo diretor executivo Edson Hissatomi Kai, diretor acad\u00eamico da Unifadra Enio Garbelini, Profa. Esp. Cleire Beretta, diretora do Anglo-CID Eul\u00e1lia Fava conheceu a estrutura da Unifadra, do curso de Medicina e visitou o Col\u00e9gio Anglo-CID, onde estudou o ensino m\u00e9dio. Os alunos do Projeto Can\u00e7\u00f5es do Anglo-CID fizeram uma apresenta\u00e7\u00e3o musical para o visitante e ex-aluno.<\/p>\n<p><img loading=\"lazy\" decoding=\"async\" class=\"alignnone size-full wp-image-3803\" src=\"https:\/\/jorgezanoni.com.br\/2019\/wp-content\/uploads\/2019\/08\/ricardo1.jpg\" alt=\"\" width=\"240\" height=\"116\" \/><\/p>\n<p style=\"font-weight: 400; text-align: justify;\">Na ocasi\u00e3o, Diaz presenteou Edson Kai com seu livro \u201cHist\u00f3rias de uma luta\u201d, que fala sobre o v\u00edrus HIV. O m\u00e9dico tamb\u00e9m relembrou sua adolesc\u00eancia, na d\u00e9cada de 1970, em Dracena, que contou com a amizade de Kai desde essa \u00e9poca. Eles pertenceram \u00e0 mesma equipe de jud\u00f4. Durante a visita, Ricardo Sobhie Diaz conheceu detalhes do curso de Medicina e os laborat\u00f3rios do curso. &#8220;Fiquei orgulhoso do que eu vi aqui. Uma \u00f3tima infraestrutura. Vou divulgar o curso pelos lugares que eu visitar&#8221;, comentou.<br \/>\nDurante a noite, Diaz ministrou uma palestra na Casa dos M\u00e9dicos, \u00e0 qual os alunos do curso de Medicina da Unifadra assistiram, e falou sobre a hist\u00f3ria do HIV no mundo e as pesquisas que come\u00e7am a dar resultados para a cura de pacientes.<br \/>\nRicardo Sobhie Diaz \u00e9 formado pelo Escola Paulista de Medicina, com resid\u00eancia m\u00e9dica nessa mesma Institui\u00e7\u00e3o em Cl\u00ednica M\u00e9dica e Infectologia. Realizou o p\u00f3s-doutoramento em Medicina Laboratorial estudando a diversidade gen\u00e9tica do HIV e sua rela\u00e7\u00e3o com a patog\u00eanese no atual Blood System Research Institute (antigo Irwin Memorial Blood Center), em S\u00e3o Francisco, na Calif\u00f3rnia, atrav\u00e9s da Universidade da Calif\u00f3rnia, em Berkeley. Atualmente \u00e9 Professor Associado e Livre Docente da Disciplina de Infectologia na Escola Paulista de Medicina, Universidade Federal de S\u00e3o Paulo. Atua como Diretor do Laborat\u00f3rio de Retrovirologia dessa Institui\u00e7\u00e3o, conduzindo pesquisa nas \u00e1reas de virologia, biologia molecular, pesquisa transicional (translacional) e pesquisa cl\u00ednica relacionada ao HIV e v\u00edrus relacionados. Lidera um grupo de pesquisadores que conduzem pesquisa em \u00e1reas b\u00e1sica e cl\u00ednica, incluindo alunos de p\u00f3s-gradua\u00e7\u00e3o em diversos n\u00edveis. Atua tamb\u00e9m como Consultor Externo do Programa Nacional de DST\/AIDS na \u00e1rea de Laborat\u00f3rio e \u00e9 membro do Consenso para o Tratamento Antirretroviral de Adultos e Adolescentes do Minist\u00e9rio da Sa\u00fade do Brasil. \u00c9 coordenador do programa de p\u00f3s-gradua\u00e7\u00e3o n\u00edvel 7 da CAPES em Infectologia.<\/p>\n<p style=\"font-weight: 400; text-align: justify;\"><strong>Carolina Colnago<\/strong><\/p>\n<p style=\"font-weight: 400;\">Assessora de Comunica\u00e7\u00e3o da Fundec &#8211; Jornalista<\/p>\n<p style=\"font-weight: 400; text-align: justify;\">Foto: Enio Garbelini e Edson Kai com o infectologista e cientista Dr. Ricardo Diaz.<\/p>\n<p style=\"font-weight: 400; text-align: justify;\">Foto: Dr. Ricardo Diaz conheceu os laborat\u00f3rios do curso de Medicina da Unifadra.<\/p>\n","protected":false},"excerpt":{"rendered":"<p>O m\u00e9dico infectologista e cientista Dr. Ricardo Sobhie Diaz visitou a Fundec na \u00faltima sexta-feira, dia 9 de agosto. Acompanhado pelo diretor executivo Edson Hissatomi Kai, diretor acad\u00eamico da Unifadra Enio Garbelini, Profa. Esp. Cleire Beretta, diretora do Anglo-CID Eul\u00e1lia Fava conheceu a estrutura da Unifadra, do curso de Medicina e visitou o Col\u00e9gio Anglo-CID, [&hellip;]<\/p>\n","protected":false},"author":1,"featured_media":3804,"comment_status":"closed","ping_status":"open","sticky":false,"template":"","format":"standard","meta":{"footnotes":""},"categories":[122],"tags":[],"class_list":["post-3802","post","type-post","status-publish","format-standard","has-post-thumbnail","hentry","category-saudeeducacaoeconcurso"],"_links":{"self":[{"href":"https:\/\/jorgezanoni.com.br\/2019\/wp-json\/wp\/v2\/posts\/3802","targetHints":{"allow":["GET"]}}],"collection":[{"href":"https:\/\/jorgezanoni.com.br\/2019\/wp-json\/wp\/v2\/posts"}],"about":[{"href":"https:\/\/jorgezanoni.com.br\/2019\/wp-json\/wp\/v2\/types\/post"}],"author":[{"embeddable":true,"href":"https:\/\/jorgezanoni.com.br\/2019\/wp-json\/wp\/v2\/users\/1"}],"replies":[{"embeddable":true,"href":"https:\/\/jorgezanoni.com.br\/2019\/wp-json\/wp\/v2\/comments?post=3802"}],"version-history":[{"count":0,"href":"https:\/\/jorgezanoni.com.br\/2019\/wp-json\/wp\/v2\/posts\/3802\/revisions"}],"wp:featuredmedia":[{"embeddable":true,"href":"https:\/\/jorgezanoni.com.br\/2019\/wp-json\/wp\/v2\/media\/3804"}],"wp:attachment":[{"href":"https:\/\/jorgezanoni.com.br\/2019\/wp-json\/wp\/v2\/media?parent=3802"}],"wp:term":[{"taxonomy":"category","embeddable":true,"href":"https:\/\/jorgezanoni.com.br\/2019\/wp-json\/wp\/v2\/categories?post=3802"},{"taxonomy":"post_tag","embeddable":true,"href":"https:\/\/jorgezanoni.com.br\/2019\/wp-json\/wp\/v2\/tags?post=3802"}],"curies":[{"name":"wp","href":"https:\/\/api.w.org\/{rel}","templated":true}]}}