{"id":3799,"date":"2019-08-13T23:46:58","date_gmt":"2019-08-13T23:46:58","guid":{"rendered":"https:\/\/jorgezanoni.com.br\/2019\/?p=3799"},"modified":"2019-08-13T23:46:58","modified_gmt":"2019-08-13T23:46:58","slug":"cep-ume-comemora-o-dia-do-estudante","status":"publish","type":"post","link":"https:\/\/jorgezanoni.com.br\/2019\/cep-ume-comemora-o-dia-do-estudante\/","title":{"rendered":"CEP\/UME comemora o Dia do Estudante"},"content":{"rendered":"<p style=\"font-weight: 400; text-align: justify;\">No Brasil, o Dia do Estudante \u00e9 comemorado no dia 11 de agosto. O CEP\/UME comemorou a data na \u00faltima semana com uma intera\u00e7\u00e3o agrad\u00e1vel entre alunos, professores e dire\u00e7\u00e3o da escola. Durante a confraterniza\u00e7\u00e3o, realizada no p\u00e1tio, os \u00a0alunos receberam palavras de \u00e2nimo e louvor pelo trabalho e esfor\u00e7o di\u00e1rio que realizam para a busca de uma qualifica\u00e7\u00e3o profissional. O Gr\u00eamio Estudantil \u201cProfa. Maria Lourdes Leite\u201d aproveitou a ocasi\u00e3o e realizou uma homenagem do Dia dos Pais, destacando a import\u00e2ncia do papel do pai dentro de uma fam\u00edlia e do pai educador, que, al\u00e9m dos conhecimentos t\u00e9cnicos que transmite, colabora na forma\u00e7\u00e3o profissional.<\/p>\n<p style=\"font-weight: 400; text-align: justify;\">Carolina Colnago<\/p>\n<p style=\"font-weight: 400; text-align: justify;\">Assessora de Comunica\u00e7\u00e3o da Fundec &#8211; Jornalista<\/p>\n<p style=\"text-align: justify;\">Foto: Docentes, dire\u00e7\u00e3o do CEP\/UME e alunos do Gr\u00eamio Estudantil.<\/p>\n","protected":false},"excerpt":{"rendered":"<p>No Brasil, o Dia do Estudante \u00e9 comemorado no dia 11 de agosto. O CEP\/UME comemorou a data na \u00faltima semana com uma intera\u00e7\u00e3o agrad\u00e1vel entre alunos, professores e dire\u00e7\u00e3o da escola. Durante a confraterniza\u00e7\u00e3o, realizada no p\u00e1tio, os \u00a0alunos receberam palavras de \u00e2nimo e louvor pelo trabalho e esfor\u00e7o di\u00e1rio que realizam para a [&hellip;]<\/p>\n","protected":false},"author":1,"featured_media":3800,"comment_status":"closed","ping_status":"open","sticky":false,"template":"","format":"standard","meta":{"footnotes":""},"categories":[122],"tags":[],"class_list":["post-3799","post","type-post","status-publish","format-standard","has-post-thumbnail","hentry","category-saudeeducacaoeconcurso"],"_links":{"self":[{"href":"https:\/\/jorgezanoni.com.br\/2019\/wp-json\/wp\/v2\/posts\/3799","targetHints":{"allow":["GET"]}}],"collection":[{"href":"https:\/\/jorgezanoni.com.br\/2019\/wp-json\/wp\/v2\/posts"}],"about":[{"href":"https:\/\/jorgezanoni.com.br\/2019\/wp-json\/wp\/v2\/types\/post"}],"author":[{"embeddable":true,"href":"https:\/\/jorgezanoni.com.br\/2019\/wp-json\/wp\/v2\/users\/1"}],"replies":[{"embeddable":true,"href":"https:\/\/jorgezanoni.com.br\/2019\/wp-json\/wp\/v2\/comments?post=3799"}],"version-history":[{"count":0,"href":"https:\/\/jorgezanoni.com.br\/2019\/wp-json\/wp\/v2\/posts\/3799\/revisions"}],"wp:featuredmedia":[{"embeddable":true,"href":"https:\/\/jorgezanoni.com.br\/2019\/wp-json\/wp\/v2\/media\/3800"}],"wp:attachment":[{"href":"https:\/\/jorgezanoni.com.br\/2019\/wp-json\/wp\/v2\/media?parent=3799"}],"wp:term":[{"taxonomy":"category","embeddable":true,"href":"https:\/\/jorgezanoni.com.br\/2019\/wp-json\/wp\/v2\/categories?post=3799"},{"taxonomy":"post_tag","embeddable":true,"href":"https:\/\/jorgezanoni.com.br\/2019\/wp-json\/wp\/v2\/tags?post=3799"}],"curies":[{"name":"wp","href":"https:\/\/api.w.org\/{rel}","templated":true}]}}