{"id":37963,"date":"2020-11-01T19:46:43","date_gmt":"2020-11-01T19:46:43","guid":{"rendered":"https:\/\/jorgezanoni.com.br\/2019\/?p=37963"},"modified":"2020-11-01T19:46:43","modified_gmt":"2020-11-01T19:46:43","slug":"passageiro-e-conduzido-para-atendimento-medico-apos-acidente-na-sp-294","status":"publish","type":"post","link":"https:\/\/jorgezanoni.com.br\/2019\/passageiro-e-conduzido-para-atendimento-medico-apos-acidente-na-sp-294\/","title":{"rendered":"Passageiro \u00e9 conduzido para atendimento m\u00e9dico ap\u00f3s acidente na SP-294"},"content":{"rendered":"<p style=\"text-align: justify;\">Uma pessoa que viajava como passageiro de um carro sofreu ferimentos em capotamento ocorrido na Rodovia Comandante Jo\u00e3o Ribeiro de Barros (SP-294), altura do munic\u00edpio de Hercul\u00e2ndia, na madrugada deste domingo, dia 1. O acidente aconteceu por volta das 3 horas de hoje no quil\u00f4metro 508.<\/p>\n<p>Segundo informa\u00e7\u00f5es o ve\u00edculo, que n\u00e3o teve o modelo e a marca divulgados, transitava pela rodovia e, por motivos a serem apurados, veio a capotar parando al\u00e9m do acostamento da via sobre a canaleta de \u00e1guas pluviais. No ve\u00edculo viajavam o motorista e passageiro, que teriam sofrido ferimentos de natureza leve.<\/p>\n<p>O Corpo de Bombeiros de Tup\u00e3 foi acionado, por\u00e9m, somente o passageiro foi conduzido para atendimento m\u00e9dico pela ambul\u00e2ncia da concession\u00e1ria que administra a rodovia. O condutor, que tamb\u00e9m teria sofrido ferimentos leves, dispensou ser conduzido para atendimento m\u00e9dico.<br \/>\n<img decoding=\"async\" src=\"https:\/\/static.bastosja.com.br\/data\/noticias\/imagens\/3706\/image\/16042265540_YP9CDEHZnN35eNE.jpg\" alt=\"\" \/><\/p>\n<p>Fonte: Bastos J\u00e1<\/p>\n","protected":false},"excerpt":{"rendered":"<p>Uma pessoa que viajava como passageiro de um carro sofreu ferimentos em capotamento ocorrido na Rodovia Comandante Jo\u00e3o Ribeiro de Barros (SP-294), altura do munic\u00edpio de Hercul\u00e2ndia, na madrugada deste domingo, dia 1. O acidente aconteceu por volta das 3 horas de hoje no quil\u00f4metro 508. Segundo informa\u00e7\u00f5es o ve\u00edculo, que n\u00e3o teve o modelo [&hellip;]<\/p>\n","protected":false},"author":1,"featured_media":37964,"comment_status":"closed","ping_status":"open","sticky":false,"template":"","format":"standard","meta":{"footnotes":""},"categories":[170,110],"tags":[],"class_list":["post-37963","post","type-post","status-publish","format-standard","has-post-thumbnail","hentry","category-acidentes","category-noticiasdestaque"],"_links":{"self":[{"href":"https:\/\/jorgezanoni.com.br\/2019\/wp-json\/wp\/v2\/posts\/37963","targetHints":{"allow":["GET"]}}],"collection":[{"href":"https:\/\/jorgezanoni.com.br\/2019\/wp-json\/wp\/v2\/posts"}],"about":[{"href":"https:\/\/jorgezanoni.com.br\/2019\/wp-json\/wp\/v2\/types\/post"}],"author":[{"embeddable":true,"href":"https:\/\/jorgezanoni.com.br\/2019\/wp-json\/wp\/v2\/users\/1"}],"replies":[{"embeddable":true,"href":"https:\/\/jorgezanoni.com.br\/2019\/wp-json\/wp\/v2\/comments?post=37963"}],"version-history":[{"count":0,"href":"https:\/\/jorgezanoni.com.br\/2019\/wp-json\/wp\/v2\/posts\/37963\/revisions"}],"wp:featuredmedia":[{"embeddable":true,"href":"https:\/\/jorgezanoni.com.br\/2019\/wp-json\/wp\/v2\/media\/37964"}],"wp:attachment":[{"href":"https:\/\/jorgezanoni.com.br\/2019\/wp-json\/wp\/v2\/media?parent=37963"}],"wp:term":[{"taxonomy":"category","embeddable":true,"href":"https:\/\/jorgezanoni.com.br\/2019\/wp-json\/wp\/v2\/categories?post=37963"},{"taxonomy":"post_tag","embeddable":true,"href":"https:\/\/jorgezanoni.com.br\/2019\/wp-json\/wp\/v2\/tags?post=37963"}],"curies":[{"name":"wp","href":"https:\/\/api.w.org\/{rel}","templated":true}]}}