{"id":37960,"date":"2020-11-01T19:18:47","date_gmt":"2020-11-01T19:18:47","guid":{"rendered":"https:\/\/jorgezanoni.com.br\/2019\/?p=37960"},"modified":"2020-11-01T19:18:47","modified_gmt":"2020-11-01T19:18:47","slug":"oab-lamenta-morte-de-advogado-que-teve-carro-atingido-por-caminhao-e-caiu-de-ponte","status":"publish","type":"post","link":"https:\/\/jorgezanoni.com.br\/2019\/oab-lamenta-morte-de-advogado-que-teve-carro-atingido-por-caminhao-e-caiu-de-ponte\/","title":{"rendered":"OAB lamenta morte de advogado que teve carro atingido por caminh\u00e3o e caiu de ponte"},"content":{"rendered":"<h2 class=\"content-head__subtitle\" style=\"text-align: justify;\"><strong>Corpo de M\u00e1rio Francisco Montini, de 56 anos, foi enterrado na tarde de s\u00e1bado (31). Acidente foi registrado na rodovia Assis Chateaubriand em Ol\u00edmpia.<\/strong><\/h2>\n<div class=\"mc-column content-text active-extra-styles \" data-block-type=\"unstyled\" data-block-weight=\"42\" data-block-id=\"2\">\n<p class=\"content-text__container \" style=\"text-align: justify;\" data-track-category=\"Link no Texto\" data-track-links=\"\">A Ordem dos Advogados do Brasil (AOB) publicou nota\u00a0<a href=\"https:\/\/g1.globo.com\/sp\/sao-jose-do-rio-preto-aracatuba\/noticia\/2020\/10\/31\/advogado-morre-apos-carro-ser-atingido-por-caminhao-e-cair-de-ponte-em-rodovia-de-olimpia.ghtml\">lamentando a morte do associado M\u00e1rio Francisco Montini,<\/a>\u00a0de 56 anos, que n\u00e3o resistiu aos ferimentos causados por um acidente na rodovia Assis Chateaubriand (SP-425), em Ol\u00edmpia (SP), na noite desta sexta-feira (30).<\/p>\n<\/div>\n<div class=\"wall protected-content\">\n<div class=\"mc-column content-text active-extra-styles \" style=\"text-align: justify;\" data-block-type=\"unstyled\" data-block-weight=\"50\" data-block-id=\"3\">\n<p class=\"content-text__container \" data-track-category=\"Link no Texto\" data-track-links=\"\">\u201cA sociedade perde um valoroso profissional, pai de fam\u00edlia e amigo fiel. Fica a saudade, as lembran\u00e7as e o exemplo da corre\u00e7\u00e3o e do amor fraterno. Que Deus lhe receba na sua infinita bondade. Aos familiares, nossas ora\u00e7\u00f5es e sentimentos\u201d, consta em um trecho da notam da OAB.<\/p>\n<\/div>\n<div class=\"row medium-uncollapsed content-media content-photo\" style=\"text-align: justify;\" data-block-type=\"backstage-photo\" data-block-id=\"4\">\n<div class=\"mc-column content-media__container\">\n<figure><img decoding=\"async\" class=\"i-amphtml-fill-content i-amphtml-replaced-content\" src=\"https:\/\/s2.glbimg.com\/2MumuuoIn8cfcA591qtk9qGcrLA=\/0x0:860x637\/984x0\/smart\/filters:strip_icc()\/i.s3.glbimg.com\/v1\/AUTH_59edd422c0c84a879bd37670ae4f538a\/internal_photos\/bs\/2020\/P\/j\/dsRhBgR0iEj0J43tHy4g\/oab.jpeg\" sizes=\"(max-width: 1366px) 648px, 100vw\" srcset=\"https:\/\/s2.glbimg.com\/b4A4s1wB-yCI5zP9f9VIacpM7qg=\/0x0:860x637\/1000x0\/smart\/filters:strip_icc()\/i.s3.glbimg.com\/v1\/AUTH_59edd422c0c84a879bd37670ae4f538a\/internal_photos\/bs\/2020\/P\/j\/dsRhBgR0iEj0J43tHy4g\/oab.jpeg 1000w, https:\/\/s2.glbimg.com\/2MumuuoIn8cfcA591qtk9qGcrLA=\/0x0:860x637\/984x0\/smart\/filters:strip_icc()\/i.s3.glbimg.com\/v1\/AUTH_59edd422c0c84a879bd37670ae4f538a\/internal_photos\/bs\/2020\/P\/j\/dsRhBgR0iEj0J43tHy4g\/oab.jpeg 984w, https:\/\/s2.glbimg.com\/uwIJhU8cqN4hMG-fXNYsaiZTIrg=\/0x0:860x637\/640x0\/smart\/filters:strip_icc()\/i.s3.glbimg.com\/v1\/AUTH_59edd422c0c84a879bd37670ae4f538a\/internal_photos\/bs\/2020\/P\/j\/dsRhBgR0iEj0J43tHy4g\/oab.jpeg 640w, https:\/\/s2.glbimg.com\/m4S8eIRomvBV50CP_IXEdW75mUQ=\/0x0:860x637\/600x0\/smart\/filters:strip_icc()\/i.s3.glbimg.com\/v1\/AUTH_59edd422c0c84a879bd37670ae4f538a\/internal_photos\/bs\/2020\/P\/j\/dsRhBgR0iEj0J43tHy4g\/oab.jpeg 600w\" alt=\"Nota publicada pela Ordem dos Advogados  \u2014 Foto: Arquivo Pessoal \" \/><\/figure>\n<p class=\"content-media__description \">Nota publicada pela Ordem dos Advogados \u2014 Foto: Arquivo Pessoal<\/p>\n<\/div>\n<\/div>\n<div class=\"mc-column content-text active-extra-styles \" style=\"text-align: justify;\" data-block-type=\"unstyled\" data-block-weight=\"47\" data-block-id=\"5\">\n<p class=\"content-text__container \" data-track-category=\"Link no Texto\" data-track-links=\"\">De acordo com a Pol\u00edcia Rodovi\u00e1ria (PRE) de Barretos (SP), M\u00e1rio trafegava pela rodovia quando teve o carro atingido por um caminhoneiro, que perdeu o controle da dire\u00e7\u00e3o, bateu na defensa de uma grade, tentou voltar para a pista e acabou colidindo com carro do advogado.<\/p>\n<\/div>\n<div class=\"content-ads content-ads--reveal\" style=\"text-align: justify;\" data-block-type=\"ads\" data-block-id=\"6\">\n<div id=\"banner_materia2\" class=\"tag-manager-publicidade-container mc-has-reveal mc-has-ad-lazyload\" data-id=\"banner_materia2\"><\/div>\n<\/div>\n<div class=\"mc-column content-text active-extra-styles \" style=\"text-align: justify;\" data-block-type=\"unstyled\" data-block-weight=\"34\" data-block-id=\"7\">\n<p class=\"content-text__container \" data-track-category=\"Link no Texto\" data-track-links=\"\">Com o impacto da batida, o carro de M\u00e1rio caiu de uma ribanceira. O caminh\u00e3o que causou o acidente tamb\u00e9m foi derrubado da ponte ap\u00f3s um outro caminhoneiro colidir com a traseira do ve\u00edculo.<\/p>\n<\/div>\n<div class=\"row medium-uncollapsed content-media content-photo\" style=\"text-align: justify;\" data-block-type=\"backstage-photo\" data-block-id=\"8\">\n<div class=\"mc-column content-media__container\">\n<figure><img decoding=\"async\" class=\"i-amphtml-fill-content i-amphtml-replaced-content\" src=\"https:\/\/s2.glbimg.com\/h2IZ9yYHqaWL7mf8OxZa9R8dR50=\/0x0:860x560\/984x0\/smart\/filters:strip_icc()\/i.s3.glbimg.com\/v1\/AUTH_59edd422c0c84a879bd37670ae4f538a\/internal_photos\/bs\/2020\/t\/C\/coY4OZSAWUVESPRgKXXw\/acidente-olimpia-1.jpg\" sizes=\"(max-width: 1366px) 648px, 100vw\" srcset=\"https:\/\/s2.glbimg.com\/i6zaL60UVJEeWDqBlrOD8ywpIoQ=\/0x0:860x560\/1000x0\/smart\/filters:strip_icc()\/i.s3.glbimg.com\/v1\/AUTH_59edd422c0c84a879bd37670ae4f538a\/internal_photos\/bs\/2020\/t\/C\/coY4OZSAWUVESPRgKXXw\/acidente-olimpia-1.jpg 1000w, https:\/\/s2.glbimg.com\/h2IZ9yYHqaWL7mf8OxZa9R8dR50=\/0x0:860x560\/984x0\/smart\/filters:strip_icc()\/i.s3.glbimg.com\/v1\/AUTH_59edd422c0c84a879bd37670ae4f538a\/internal_photos\/bs\/2020\/t\/C\/coY4OZSAWUVESPRgKXXw\/acidente-olimpia-1.jpg 984w, https:\/\/s2.glbimg.com\/rP7sFkdoJj6dxWRMp1lAhLWYFHI=\/0x0:860x560\/640x0\/smart\/filters:strip_icc()\/i.s3.glbimg.com\/v1\/AUTH_59edd422c0c84a879bd37670ae4f538a\/internal_photos\/bs\/2020\/t\/C\/coY4OZSAWUVESPRgKXXw\/acidente-olimpia-1.jpg 640w, https:\/\/s2.glbimg.com\/UcdPTb88I3lmMdvBiJCLDPyZX18=\/0x0:860x560\/600x0\/smart\/filters:strip_icc()\/i.s3.glbimg.com\/v1\/AUTH_59edd422c0c84a879bd37670ae4f538a\/internal_photos\/bs\/2020\/t\/C\/coY4OZSAWUVESPRgKXXw\/acidente-olimpia-1.jpg 600w\" alt=\"Bombeiros foram acionados para socorrer as v\u00edtimas em Ol\u00edmpia  \u2014 Foto: Leandro Cabelo\/OLIMPIA24HORAS\" \/><\/figure>\n<p class=\"content-media__description \">Bombeiros foram acionados para socorrer as v\u00edtimas em Ol\u00edmpia \u2014 Foto: Leandro Cabelo\/OLIMPIA24HORAS<\/p>\n<\/div>\n<\/div>\n<div class=\"mc-column content-text active-extra-styles \" style=\"text-align: justify;\" data-block-type=\"unstyled\" data-block-weight=\"44\" data-block-id=\"9\">\n<p class=\"content-text__container \" data-track-category=\"Link no Texto\" data-track-links=\"\">Ainda segundo a Pol\u00edcia Rodovi\u00e1ria Estadual, equipes do Corpo de Bombeiros foram acionadas para socorrer as v\u00edtimas. No entanto, o advogado n\u00e3o resistiu aos ferimentos. A mulher dele e o caminhoneiro foram socorridos para hospitais da regi\u00e3o. O outro motorista n\u00e3o sofreu ferimentos.<\/p>\n<\/div>\n<div class=\"mc-column content-text active-extra-styles \" style=\"text-align: justify;\" data-block-type=\"unstyled\" data-block-weight=\"34\" data-block-id=\"10\">\n<p class=\"content-text__container \" data-track-category=\"Link no Texto\" data-track-links=\"\">O tr\u00e2nsito precisou ser interditado por algumas horas no trecho em que o acidente foi registrado, mas voltou a fluir normalmente. O corpo de M\u00e1rio Francisco Montini foi enterrado na tarde de s\u00e1bado (31).<\/p>\n<\/div>\n<div class=\"row medium-uncollapsed content-media content-photo\" style=\"text-align: justify;\" data-block-type=\"backstage-photo\" data-block-id=\"11\">\n<div class=\"mc-column content-media__container\">\n<figure><img decoding=\"async\" class=\"i-amphtml-fill-content i-amphtml-replaced-content\" src=\"https:\/\/s2.glbimg.com\/f6Meg1rTEHa-JfdsJ9kOXis4zak=\/0x0:1024x768\/984x0\/smart\/filters:strip_icc()\/i.s3.glbimg.com\/v1\/AUTH_59edd422c0c84a879bd37670ae4f538a\/internal_photos\/bs\/2020\/c\/M\/rmwjQxSNKfFZ8cu73eCA\/acidente-advogfado.jpeg\" sizes=\"(max-width: 1366px) 648px, 100vw\" srcset=\"https:\/\/s2.glbimg.com\/RTdMiJQDBWEuZcDVxb1Xwpj2zTQ=\/0x0:1024x768\/1000x0\/smart\/filters:strip_icc()\/i.s3.glbimg.com\/v1\/AUTH_59edd422c0c84a879bd37670ae4f538a\/internal_photos\/bs\/2020\/c\/M\/rmwjQxSNKfFZ8cu73eCA\/acidente-advogfado.jpeg 1000w, https:\/\/s2.glbimg.com\/f6Meg1rTEHa-JfdsJ9kOXis4zak=\/0x0:1024x768\/984x0\/smart\/filters:strip_icc()\/i.s3.glbimg.com\/v1\/AUTH_59edd422c0c84a879bd37670ae4f538a\/internal_photos\/bs\/2020\/c\/M\/rmwjQxSNKfFZ8cu73eCA\/acidente-advogfado.jpeg 984w, https:\/\/s2.glbimg.com\/dq0NtZErczBGebQ0YNz3Zs7k408=\/0x0:1024x768\/640x0\/smart\/filters:strip_icc()\/i.s3.glbimg.com\/v1\/AUTH_59edd422c0c84a879bd37670ae4f538a\/internal_photos\/bs\/2020\/c\/M\/rmwjQxSNKfFZ8cu73eCA\/acidente-advogfado.jpeg 640w, https:\/\/s2.glbimg.com\/Ozs_VGo3aLWhY6fYWiQT6WGYwOY=\/0x0:1024x768\/600x0\/smart\/filters:strip_icc()\/i.s3.glbimg.com\/v1\/AUTH_59edd422c0c84a879bd37670ae4f538a\/internal_photos\/bs\/2020\/c\/M\/rmwjQxSNKfFZ8cu73eCA\/acidente-advogfado.jpeg 600w\" alt=\"Carro de advogado ficou completamente destru\u00eddo ap\u00f3s acidente em Ol\u00edmpia  \u2014 Foto: Arquivo Pessoal \" \/><\/figure>\n<p class=\"content-media__description \">Carro de advogado ficou completamente destru\u00eddo ap\u00f3s acidente em Ol\u00edmpia \u2014 Foto: Arquivo Pessoal<\/p>\n<\/div>\n<\/div>\n<div class=\"content-ads content-ads--reveal\" style=\"text-align: justify;\" data-block-type=\"ads\" data-block-id=\"12\">\n<div id=\"banner_materia__6c296048-1411-496a-bcc3-07a0fd53f77e\" class=\"tag-manager-publicidade-container mc-has-reveal mc-has-ad-lazyload\" data-id=\"banner_materia__6c296048-1411-496a-bcc3-07a0fd53f77e\"><\/div>\n<\/div>\n<div class=\"mc-column content-text active-extra-styles \" style=\"text-align: justify;\" data-block-type=\"unstyled\" data-block-weight=\"38\" data-block-id=\"13\">\n<p class=\"content-text__container \" data-track-category=\"Link no Texto\" data-track-links=\"\">Nas redes sociais, o filho do advogado agradeceu o apoio de recebeu. \u201cMeu pai sempre ser\u00e1 um exemplo de ser humano. Ele estava muito feliz nos \u00faltimos dias e agora est\u00e1 nos ajudando no plano superior\u201d, escreveu.<\/p>\n<\/div>\n<div class=\"mc-column content-text active-extra-styles \" style=\"text-align: justify;\" data-block-type=\"unstyled\" data-block-weight=\"37\" data-block-id=\"14\">\n<p class=\"content-text__container \" data-track-category=\"Link no Texto\" data-track-links=\"\">Uma conhecida de M\u00e1rio tamb\u00e9m usou o perfil para lamentar a morte do advogado. \u201c\u00c9 dif\u00edcil acreditar. Justo ele que, h\u00e1 menos de um m\u00eas, conseguiu driblar a Covid-19. Fizemos muitas correntes de ora\u00e7\u00e3o\u201d, publicou.<\/p>\n<\/div>\n<div class=\"row medium-uncollapsed content-media content-photo\" data-block-type=\"backstage-photo\" data-block-id=\"15\">\n<div class=\"mc-column content-media__container\">\n<figure style=\"text-align: justify;\"><img decoding=\"async\" class=\"i-amphtml-fill-content i-amphtml-replaced-content\" src=\"https:\/\/s2.glbimg.com\/1UmR3KdVs4A4bNGZNPycAFW7TJs=\/0x0:860x418\/984x0\/smart\/filters:strip_icc()\/i.s3.glbimg.com\/v1\/AUTH_59edd422c0c84a879bd37670ae4f538a\/internal_photos\/bs\/2020\/B\/V\/BzgfRuQQWqbOxB8Rps5g\/acidente-olimpia-2.jpg\" sizes=\"(max-width: 1366px) 648px, 100vw\" srcset=\"https:\/\/s2.glbimg.com\/cd-Una7uRRHe0_cOqRu4nUO7mFY=\/0x0:860x418\/1000x0\/smart\/filters:strip_icc()\/i.s3.glbimg.com\/v1\/AUTH_59edd422c0c84a879bd37670ae4f538a\/internal_photos\/bs\/2020\/B\/V\/BzgfRuQQWqbOxB8Rps5g\/acidente-olimpia-2.jpg 1000w, https:\/\/s2.glbimg.com\/1UmR3KdVs4A4bNGZNPycAFW7TJs=\/0x0:860x418\/984x0\/smart\/filters:strip_icc()\/i.s3.glbimg.com\/v1\/AUTH_59edd422c0c84a879bd37670ae4f538a\/internal_photos\/bs\/2020\/B\/V\/BzgfRuQQWqbOxB8Rps5g\/acidente-olimpia-2.jpg 984w, https:\/\/s2.glbimg.com\/wHUdq0BhLQk3orAxhAk2oEJ4VMQ=\/0x0:860x418\/640x0\/smart\/filters:strip_icc()\/i.s3.glbimg.com\/v1\/AUTH_59edd422c0c84a879bd37670ae4f538a\/internal_photos\/bs\/2020\/B\/V\/BzgfRuQQWqbOxB8Rps5g\/acidente-olimpia-2.jpg 640w, https:\/\/s2.glbimg.com\/2TKlkuE-OyzY3FIahWtKNGY5-Ds=\/0x0:860x418\/600x0\/smart\/filters:strip_icc()\/i.s3.glbimg.com\/v1\/AUTH_59edd422c0c84a879bd37670ae4f538a\/internal_photos\/bs\/2020\/B\/V\/BzgfRuQQWqbOxB8Rps5g\/acidente-olimpia-2.jpg 600w\" alt=\"Outro caminhoneiro envolvido no acidente n\u00e3o ficou ferido  \u2014 Foto: Leandro Cabelo\/OLIMPIA24HORAS\" \/><\/figure>\n<p class=\"content-media__description \" style=\"text-align: justify;\">Outro caminhoneiro envolvido no acidente n\u00e3o ficou ferido \u2014 Foto: Leandro Cabelo\/OLIMPIA24HORAS<\/p>\n<p style=\"text-align: justify;\">Fonte: G1<\/p>\n<\/div>\n<\/div>\n<\/div>\n","protected":false},"excerpt":{"rendered":"<p>Corpo de M\u00e1rio Francisco Montini, de 56 anos, foi enterrado na tarde de s\u00e1bado (31). Acidente foi registrado na rodovia Assis Chateaubriand em Ol\u00edmpia. A Ordem dos Advogados do Brasil (AOB) publicou nota\u00a0lamentando a morte do associado M\u00e1rio Francisco Montini,\u00a0de 56 anos, que n\u00e3o resistiu aos ferimentos causados por um acidente na rodovia Assis Chateaubriand [&hellip;]<\/p>\n","protected":false},"author":1,"featured_media":37961,"comment_status":"closed","ping_status":"open","sticky":false,"template":"","format":"standard","meta":{"footnotes":""},"categories":[170,110],"tags":[],"class_list":["post-37960","post","type-post","status-publish","format-standard","has-post-thumbnail","hentry","category-acidentes","category-noticiasdestaque"],"_links":{"self":[{"href":"https:\/\/jorgezanoni.com.br\/2019\/wp-json\/wp\/v2\/posts\/37960","targetHints":{"allow":["GET"]}}],"collection":[{"href":"https:\/\/jorgezanoni.com.br\/2019\/wp-json\/wp\/v2\/posts"}],"about":[{"href":"https:\/\/jorgezanoni.com.br\/2019\/wp-json\/wp\/v2\/types\/post"}],"author":[{"embeddable":true,"href":"https:\/\/jorgezanoni.com.br\/2019\/wp-json\/wp\/v2\/users\/1"}],"replies":[{"embeddable":true,"href":"https:\/\/jorgezanoni.com.br\/2019\/wp-json\/wp\/v2\/comments?post=37960"}],"version-history":[{"count":0,"href":"https:\/\/jorgezanoni.com.br\/2019\/wp-json\/wp\/v2\/posts\/37960\/revisions"}],"wp:featuredmedia":[{"embeddable":true,"href":"https:\/\/jorgezanoni.com.br\/2019\/wp-json\/wp\/v2\/media\/37961"}],"wp:attachment":[{"href":"https:\/\/jorgezanoni.com.br\/2019\/wp-json\/wp\/v2\/media?parent=37960"}],"wp:term":[{"taxonomy":"category","embeddable":true,"href":"https:\/\/jorgezanoni.com.br\/2019\/wp-json\/wp\/v2\/categories?post=37960"},{"taxonomy":"post_tag","embeddable":true,"href":"https:\/\/jorgezanoni.com.br\/2019\/wp-json\/wp\/v2\/tags?post=37960"}],"curies":[{"name":"wp","href":"https:\/\/api.w.org\/{rel}","templated":true}]}}