{"id":3796,"date":"2019-08-13T23:36:35","date_gmt":"2019-08-13T23:36:35","guid":{"rendered":"https:\/\/jorgezanoni.com.br\/2019\/?p=3796"},"modified":"2019-08-13T23:36:35","modified_gmt":"2019-08-13T23:36:35","slug":"animacao-marca-a-gincana-do-dia-do-estudante-do-anglo-cid","status":"publish","type":"post","link":"https:\/\/jorgezanoni.com.br\/2019\/animacao-marca-a-gincana-do-dia-do-estudante-do-anglo-cid\/","title":{"rendered":"Anima\u00e7\u00e3o marca a gincana do Dia do Estudante do Anglo-CID"},"content":{"rendered":"<p style=\"font-weight: 400; text-align: justify;\">O Dia Do Estudante (chamado tamb\u00e9m de Dia do Aluno ou ainda Dia do Disc\u00edpulo) \u00e9 comemorado, no Brasil, no dia 11 de agosto. A data foi sugerida em 1927, em homenagem aos cem anos de funda\u00e7\u00e3o dos dois primeiros cursos de ci\u00eancias jur\u00eddicas do pa\u00eds, em 11 de agosto de 1827, por D. Pedro I.<br \/>\nO Col\u00e9gio Anglo-CID comemorou a data com atividades f\u00edsicas e culturais. No in\u00edcio da manh\u00e3 da sexta-feira (9), a professora de Educa\u00e7\u00e3o F\u00edsica Esp. Aline Siqueira, com o aux\u00edlio dos estagi\u00e1rios, organizou a Gincana dos Estudantes, que contou com um circuito de provas e, por fim, foram contadas as doa\u00e7\u00f5es de roupas e cal\u00e7ados feitas pelos pais e alunos da escola.<br \/>\nOs alunos foram divididos em equipes de cores, e a gincana foi dividida entre ensino fundamental e m\u00e9dio. As equipes foram formadas por membros de diferentes salas. Segundo a diretora Eul\u00e1lia Fava, o evento enalteceu o esp\u00edrito de equipe entre os alunos, al\u00e9m de trazer um momento de intera\u00e7\u00e3o entre todos os alunos e professores da escola. &#8220;Os alunos ficaram muito animados com a gincana e trabalharam em equipe nas atividades. Conseguimos fazer um momento de grande intera\u00e7\u00e3o para comemorar a data&#8221;, finalizou a diretora.<\/p>\n<p style=\"font-weight: 400; text-align: justify;\">Carolina Colnago<\/p>\n<p style=\"font-weight: 400; text-align: justify;\">Assessora de Comunica\u00e7\u00e3o da Fundec &#8211; Jornalista<\/p>\n","protected":false},"excerpt":{"rendered":"<p>O Dia Do Estudante (chamado tamb\u00e9m de Dia do Aluno ou ainda Dia do Disc\u00edpulo) \u00e9 comemorado, no Brasil, no dia 11 de agosto. A data foi sugerida em 1927, em homenagem aos cem anos de funda\u00e7\u00e3o dos dois primeiros cursos de ci\u00eancias jur\u00eddicas do pa\u00eds, em 11 de agosto de 1827, por D. Pedro [&hellip;]<\/p>\n","protected":false},"author":1,"featured_media":3797,"comment_status":"closed","ping_status":"open","sticky":false,"template":"","format":"standard","meta":{"footnotes":""},"categories":[122],"tags":[],"class_list":["post-3796","post","type-post","status-publish","format-standard","has-post-thumbnail","hentry","category-saudeeducacaoeconcurso"],"_links":{"self":[{"href":"https:\/\/jorgezanoni.com.br\/2019\/wp-json\/wp\/v2\/posts\/3796","targetHints":{"allow":["GET"]}}],"collection":[{"href":"https:\/\/jorgezanoni.com.br\/2019\/wp-json\/wp\/v2\/posts"}],"about":[{"href":"https:\/\/jorgezanoni.com.br\/2019\/wp-json\/wp\/v2\/types\/post"}],"author":[{"embeddable":true,"href":"https:\/\/jorgezanoni.com.br\/2019\/wp-json\/wp\/v2\/users\/1"}],"replies":[{"embeddable":true,"href":"https:\/\/jorgezanoni.com.br\/2019\/wp-json\/wp\/v2\/comments?post=3796"}],"version-history":[{"count":0,"href":"https:\/\/jorgezanoni.com.br\/2019\/wp-json\/wp\/v2\/posts\/3796\/revisions"}],"wp:featuredmedia":[{"embeddable":true,"href":"https:\/\/jorgezanoni.com.br\/2019\/wp-json\/wp\/v2\/media\/3797"}],"wp:attachment":[{"href":"https:\/\/jorgezanoni.com.br\/2019\/wp-json\/wp\/v2\/media?parent=3796"}],"wp:term":[{"taxonomy":"category","embeddable":true,"href":"https:\/\/jorgezanoni.com.br\/2019\/wp-json\/wp\/v2\/categories?post=3796"},{"taxonomy":"post_tag","embeddable":true,"href":"https:\/\/jorgezanoni.com.br\/2019\/wp-json\/wp\/v2\/tags?post=3796"}],"curies":[{"name":"wp","href":"https:\/\/api.w.org\/{rel}","templated":true}]}}