{"id":37957,"date":"2020-11-01T19:04:32","date_gmt":"2020-11-01T19:04:32","guid":{"rendered":"https:\/\/jorgezanoni.com.br\/2019\/?p=37957"},"modified":"2020-11-01T19:04:32","modified_gmt":"2020-11-01T19:04:32","slug":"bebe-de-2-anos-passa-a-reconhecer-sons-e-aprende-a-falar-mamae-apos-receber-aparelho-de-hospital-da-usp","status":"publish","type":"post","link":"https:\/\/jorgezanoni.com.br\/2019\/bebe-de-2-anos-passa-a-reconhecer-sons-e-aprende-a-falar-mamae-apos-receber-aparelho-de-hospital-da-usp\/","title":{"rendered":"Beb\u00ea de 2 anos passa a reconhecer sons e aprende a falar &#8216;mam\u00e3e&#8217; ap\u00f3s receber aparelho de hospital da USP"},"content":{"rendered":"<h2 class=\"content-head__subtitle\" style=\"text-align: justify;\"><strong>Hospital de Reabilita\u00e7\u00e3o de Anomalias Craniofaciais (Centrinho), em Bauru (SP) \u00e9 o primeiro no pa\u00eds a oferecer esse tipo de tecnologia atrav\u00e9s da rede p\u00fablica. V\u00eddeo mostra rea\u00e7\u00e3o do menino ao ouvir pela primeira vez.<\/strong><\/h2>\n<div class=\"mc-column content-text active-extra-styles \" data-block-type=\"unstyled\" data-block-weight=\"37\" data-block-id=\"2\">\n<p class=\"content-text__container \" style=\"text-align: justify;\" data-track-category=\"Link no Texto\" data-track-links=\"\">O pequeno David Gabriel Vicente de Souza, de apenas 2 anos, aprendeu a falar a palavra \u201cmam\u00e3e\u201d nesta semana. Esse novo conhecimento, que para muitos pode parecer simples, foi considerado uma grande vit\u00f3ria pela fam\u00edlia do menino.<\/p>\n<\/div>\n<div class=\"wall protected-content\">\n<div class=\"mc-column content-text active-extra-styles \" style=\"text-align: justify;\" data-block-type=\"unstyled\" data-block-weight=\"35\" data-block-id=\"3\">\n<p class=\"content-text__container \" data-track-category=\"Link no Texto\" data-track-links=\"\">Isso porque o aprendizado s\u00f3 foi poss\u00edvel depois que uma tecnologia do Hospital de Reabilita\u00e7\u00e3o de Anomalias Craniofaciais (HRAC) da USP, em Bauru (SP), permitiu que David ouvisse melhor e come\u00e7asse a reconhecer sons.<\/p>\n<\/div>\n<div class=\"row medium-uncollapsed content-media content-photo\" style=\"text-align: justify;\" data-block-type=\"backstage-photo\" data-block-id=\"4\">\n<div class=\"mc-column content-media__container\">\n<figure><img decoding=\"async\" class=\"i-amphtml-fill-content i-amphtml-replaced-content\" src=\"https:\/\/s2.glbimg.com\/3MTZIzxNtoNHnz8ALtq8qMxM09o=\/0x0:771x807\/984x0\/smart\/filters:strip_icc()\/i.s3.glbimg.com\/v1\/AUTH_59edd422c0c84a879bd37670ae4f538a\/internal_photos\/bs\/2020\/H\/f\/Ee903kT3mkpcf6U7q2rQ\/whatsapp-image-2020-10-29-at-13.03.08.jpeg\" sizes=\"(max-width: 1366px) 648px, 100vw\" srcset=\"https:\/\/s2.glbimg.com\/OFDgV9Zn9pEc3XHqDoBgSDSM4Og=\/0x0:771x807\/1000x0\/smart\/filters:strip_icc()\/i.s3.glbimg.com\/v1\/AUTH_59edd422c0c84a879bd37670ae4f538a\/internal_photos\/bs\/2020\/H\/f\/Ee903kT3mkpcf6U7q2rQ\/whatsapp-image-2020-10-29-at-13.03.08.jpeg 1000w, https:\/\/s2.glbimg.com\/3MTZIzxNtoNHnz8ALtq8qMxM09o=\/0x0:771x807\/984x0\/smart\/filters:strip_icc()\/i.s3.glbimg.com\/v1\/AUTH_59edd422c0c84a879bd37670ae4f538a\/internal_photos\/bs\/2020\/H\/f\/Ee903kT3mkpcf6U7q2rQ\/whatsapp-image-2020-10-29-at-13.03.08.jpeg 984w, https:\/\/s2.glbimg.com\/swM2mXNYKS7yGK0b_ozsbvTvyzE=\/0x0:771x807\/640x0\/smart\/filters:strip_icc()\/i.s3.glbimg.com\/v1\/AUTH_59edd422c0c84a879bd37670ae4f538a\/internal_photos\/bs\/2020\/H\/f\/Ee903kT3mkpcf6U7q2rQ\/whatsapp-image-2020-10-29-at-13.03.08.jpeg 640w, https:\/\/s2.glbimg.com\/Y_j_CnJz48ytiaEWfnzoLyIovR4=\/0x0:771x807\/600x0\/smart\/filters:strip_icc()\/i.s3.glbimg.com\/v1\/AUTH_59edd422c0c84a879bd37670ae4f538a\/internal_photos\/bs\/2020\/H\/f\/Ee903kT3mkpcf6U7q2rQ\/whatsapp-image-2020-10-29-at-13.03.08.jpeg 600w\" alt=\"David nasceu com S\u00edndrome de Treacher Collins e Sequ\u00eancia de Pierre Robin \u2014 Foto: Arquivo pessoal\/Rosangela Borges\" \/><\/figure>\n<p class=\"content-media__description \">David nasceu com S\u00edndrome de Treacher Collins e Sequ\u00eancia de Pierre Robin \u2014 Foto: Arquivo pessoal\/Rosangela Borges<\/p>\n<\/div>\n<\/div>\n<div class=\"mc-column content-text active-extra-styles \" style=\"text-align: justify;\" data-block-type=\"unstyled\" data-block-weight=\"46\" data-block-id=\"5\">\n<p class=\"content-text__container \" data-track-category=\"Link no Texto\" data-track-links=\"\">De acordo com a USP, o hospital em Bauru \u00e9 o primeiro no Brasil a oferecer esse tipo de tecnologia atrav\u00e9s da rede p\u00fablica. O aparelho que David recebeu no \u00faltimo dia 16 \u00e9 uma banda el\u00e1stica (softband) com processadores de \u00e1udio para os dois ouvidos.<\/p>\n<\/div>\n<div class=\"content-ads content-ads--reveal\" style=\"text-align: justify;\" data-block-type=\"ads\" data-block-id=\"6\">\n<div id=\"banner_materia2\" class=\"tag-manager-publicidade-container mc-has-reveal mc-has-ad-lazyload\" data-id=\"banner_materia2\"><\/div>\n<\/div>\n<div class=\"mc-column content-text active-extra-styles \" style=\"text-align: justify;\" data-block-type=\"unstyled\" data-block-weight=\"59\" data-block-id=\"7\">\n<p class=\"content-text__container \" data-track-category=\"Link no Texto\" data-track-links=\"\">David \u00e9 de Joinville (SC) e nasceu com s\u00edndrome de Treacher Collins e Sequ\u00eancia de Pierre Robin, condi\u00e7\u00f5es que comprometem os ossos do rosto e tamb\u00e9m causam perda de audi\u00e7\u00e3o severa. Com 26 dias, ele foi transferido para a UTI pedi\u00e1trica do hospital da USP em Bauru, onde passou por cirurgias e iniciou o tratamento com as fonoaudi\u00f3logas.<\/p>\n<\/div>\n<div class=\"mc-column content-text active-extra-styles \" data-block-type=\"unstyled\" data-block-weight=\"32\" data-block-id=\"8\">\n<p class=\"content-text__container \" style=\"text-align: justify;\" data-track-category=\"Link no Texto\" data-track-links=\"\">\u201cEu sabia que ele escutava alguma coisa. Quando a gente falava bem alto com ele, ele escutava o barulho, mas ficava perdido por n\u00e3o saber de onde vinha\u201d, explica a m\u00e3e.<\/p>\n<div class=\"mc-column content-text active-extra-styles \" style=\"text-align: justify;\" data-block-type=\"unstyled\" data-block-weight=\"35\" data-block-id=\"11\">\n<p class=\"content-text__container \" data-track-category=\"Link no Texto\" data-track-links=\"\">Com o novo aparelho, David consegue reconhecer os sons e j\u00e1 aprendeu at\u00e9 a falar a palavra \u201cmam\u00e3e\u201d. O momento em que ele ouviu pela primeira vez foi gravado pela equipe do hospital.<strong><em>\u00a0<\/em><\/strong><\/p>\n<\/div>\n<div class=\"mc-column content-text active-extra-styles\" style=\"text-align: justify;\" data-block-type=\"raw\" data-block-weight=\"38\" data-block-id=\"12\">\n<blockquote class=\"content-blockquote theme-border-color-primary-before\"><p>\u201cQuando colocaram o aparelho e cantaram para ele, ele chorava e olhava pra mim com aquela carinha tipo: \u2018M\u00e3e, o que est\u00e1 acontecendo?\u2019 N\u00e3o tenho palavras para explicar como foi a hora que ele escutou\u201d, conta a m\u00e3e.<\/p><\/blockquote>\n<\/div>\n<div class=\"row medium-uncollapsed content-media content-photo\" style=\"text-align: justify;\" data-block-type=\"backstage-photo\" data-block-id=\"13\">\n<div class=\"mc-column content-media__container\">\n<figure><img decoding=\"async\" class=\"i-amphtml-fill-content i-amphtml-replaced-content\" src=\"https:\/\/s2.glbimg.com\/_WZinkQWioh5GJAyDyBbaLVQpFY=\/0x0:1280x960\/984x0\/smart\/filters:strip_icc()\/i.s3.glbimg.com\/v1\/AUTH_59edd422c0c84a879bd37670ae4f538a\/internal_photos\/bs\/2020\/L\/H\/8iqpY6R5SVOHQWhwqwtQ\/whatsapp-image-2020-10-29-at-13.05.03.jpeg\" sizes=\"(max-width: 1366px) 648px, 100vw\" srcset=\"https:\/\/s2.glbimg.com\/9EPJ-U4lFbomAlV6JPQguug2KK0=\/0x0:1280x960\/1000x0\/smart\/filters:strip_icc()\/i.s3.glbimg.com\/v1\/AUTH_59edd422c0c84a879bd37670ae4f538a\/internal_photos\/bs\/2020\/L\/H\/8iqpY6R5SVOHQWhwqwtQ\/whatsapp-image-2020-10-29-at-13.05.03.jpeg 1000w, https:\/\/s2.glbimg.com\/_WZinkQWioh5GJAyDyBbaLVQpFY=\/0x0:1280x960\/984x0\/smart\/filters:strip_icc()\/i.s3.glbimg.com\/v1\/AUTH_59edd422c0c84a879bd37670ae4f538a\/internal_photos\/bs\/2020\/L\/H\/8iqpY6R5SVOHQWhwqwtQ\/whatsapp-image-2020-10-29-at-13.05.03.jpeg 984w, https:\/\/s2.glbimg.com\/DeYs6oNturqKL5Qg5ZLizOCs5qU=\/0x0:1280x960\/640x0\/smart\/filters:strip_icc()\/i.s3.glbimg.com\/v1\/AUTH_59edd422c0c84a879bd37670ae4f538a\/internal_photos\/bs\/2020\/L\/H\/8iqpY6R5SVOHQWhwqwtQ\/whatsapp-image-2020-10-29-at-13.05.03.jpeg 640w, https:\/\/s2.glbimg.com\/nrGJuOxHDrG0KDemQYSXHtSVpwY=\/0x0:1280x960\/600x0\/smart\/filters:strip_icc()\/i.s3.glbimg.com\/v1\/AUTH_59edd422c0c84a879bd37670ae4f538a\/internal_photos\/bs\/2020\/L\/H\/8iqpY6R5SVOHQWhwqwtQ\/whatsapp-image-2020-10-29-at-13.05.03.jpeg 600w\" alt=\"M\u00e3e de David notou mudan\u00e7a no comportamento do filho depois que ele recebeu aparelho da USP em Bauru \u2014 Foto: Arquivo pessoal\/Rosangela Borges\" \/><\/figure>\n<p class=\"content-media__description \">M\u00e3e de David notou mudan\u00e7a no comportamento do filho depois que ele recebeu aparelho da USP em Bauru \u2014 Foto: Arquivo pessoal\/Rosangela Borges<\/p>\n<\/div>\n<\/div>\n<div class=\"content-ads content-ads--reveal\" style=\"text-align: justify;\" data-block-type=\"ads\" data-block-id=\"14\">\n<div id=\"banner_materia__499dc9a6-85e0-454a-a5a2-58899c6decb9\" class=\"tag-manager-publicidade-container mc-has-reveal mc-has-ad-lazyload\" data-id=\"banner_materia__499dc9a6-85e0-454a-a5a2-58899c6decb9\"><\/div>\n<\/div>\n<div class=\"mc-column content-text active-extra-styles \" style=\"text-align: justify;\" data-block-type=\"unstyled\" data-block-weight=\"36\" data-block-id=\"15\">\n<p class=\"content-text__container \" data-track-category=\"Link no Texto\" data-track-links=\"\">Desde ent\u00e3o, Rosangela contou ao\u00a0<strong>G1<\/strong>\u00a0que a qualidade de vida do filho melhorou bastante e que, em menos de duas semanas, j\u00e1 foi poss\u00edvel notar a diferen\u00e7a na evolu\u00e7\u00e3o e no comportamento de David.<\/p>\n<\/div>\n<div class=\"mc-column content-text active-extra-styles \" style=\"text-align: justify;\" data-block-type=\"unstyled\" data-block-weight=\"27\" data-block-id=\"16\">\n<p class=\"content-text__container \" data-track-category=\"Link no Texto\" data-track-links=\"\">Segundo a m\u00e3e, o menino pede para colocar o aparelho auditivo apontando para a cabe\u00e7a e dan\u00e7ando, pois aprendeu a associar o objeto com a m\u00fasica.<\/p>\n<\/div>\n<div class=\"mc-column content-text active-extra-styles \" style=\"text-align: justify;\" data-block-type=\"unstyled\" data-block-weight=\"39\" data-block-id=\"17\">\n<p class=\"content-text__container \" data-track-category=\"Link no Texto\" data-track-links=\"\">\u201cEu quero que ele veja o aparelho como uma coisa boa. A\u00ed toda vez que a gente coloca o aparelho, minha filha mais velha j\u00e1 vem com uma musiquinha no celular e a mais nova dan\u00e7ando\u201d, explica Rosangela.<\/p>\n<\/div>\n<div class=\"row medium-uncollapsed content-media content-photo\" style=\"text-align: justify;\" data-block-type=\"backstage-photo\" data-block-id=\"18\">\n<div class=\"mc-column content-media__container\">\n<figure><img decoding=\"async\" class=\"i-amphtml-fill-content i-amphtml-replaced-content\" src=\"https:\/\/s2.glbimg.com\/PzikAqq1LJWGK8Spxozxw94MYD0=\/0x0:1280x852\/984x0\/smart\/filters:strip_icc()\/i.s3.glbimg.com\/v1\/AUTH_59edd422c0c84a879bd37670ae4f538a\/internal_photos\/bs\/2020\/E\/l\/23ejL0SCu02B0tFCIKNg\/whatsapp-image-2020-10-29-at-13.05.02.jpeg\" sizes=\"(max-width: 1366px) 648px, 100vw\" srcset=\"https:\/\/s2.glbimg.com\/gFAVvL0iQW97q_gUfwYK4qjnX94=\/0x0:1280x852\/1000x0\/smart\/filters:strip_icc()\/i.s3.glbimg.com\/v1\/AUTH_59edd422c0c84a879bd37670ae4f538a\/internal_photos\/bs\/2020\/E\/l\/23ejL0SCu02B0tFCIKNg\/whatsapp-image-2020-10-29-at-13.05.02.jpeg 1000w, https:\/\/s2.glbimg.com\/PzikAqq1LJWGK8Spxozxw94MYD0=\/0x0:1280x852\/984x0\/smart\/filters:strip_icc()\/i.s3.glbimg.com\/v1\/AUTH_59edd422c0c84a879bd37670ae4f538a\/internal_photos\/bs\/2020\/E\/l\/23ejL0SCu02B0tFCIKNg\/whatsapp-image-2020-10-29-at-13.05.02.jpeg 984w, https:\/\/s2.glbimg.com\/4CcDNGv2s8FwylQLn5hCn3JtPVw=\/0x0:1280x852\/640x0\/smart\/filters:strip_icc()\/i.s3.glbimg.com\/v1\/AUTH_59edd422c0c84a879bd37670ae4f538a\/internal_photos\/bs\/2020\/E\/l\/23ejL0SCu02B0tFCIKNg\/whatsapp-image-2020-10-29-at-13.05.02.jpeg 640w, https:\/\/s2.glbimg.com\/pQ8F0OueTADSmuGSDawM8GCM5-4=\/0x0:1280x852\/600x0\/smart\/filters:strip_icc()\/i.s3.glbimg.com\/v1\/AUTH_59edd422c0c84a879bd37670ae4f538a\/internal_photos\/bs\/2020\/E\/l\/23ejL0SCu02B0tFCIKNg\/whatsapp-image-2020-10-29-at-13.05.02.jpeg 600w\" alt=\"Fam\u00edlia de David \u00e9 de Joinville e viaja quase 700 km para fazer tratamento em hospital da USP em Bauru \u2014 Foto: Arquivo pessoal\/Rosangela Borges\" \/><\/figure>\n<p class=\"content-media__description \">Fam\u00edlia de David \u00e9 de Joinville e viaja quase 700 km para fazer tratamento em hospital da USP em Bauru \u2014 Foto: Arquivo pessoal\/Rosangela Borges<\/p>\n<\/div>\n<\/div>\n<div class=\"mc-column content-text active-extra-styles \" style=\"text-align: justify;\" data-block-type=\"unstyled\" data-block-weight=\"40\" data-block-id=\"19\">\n<p class=\"content-text__container \" data-track-category=\"Link no Texto\" data-track-links=\"\">A dona de casa contou ainda que n\u00e3o imaginava que David fosse conseguir o aparelho t\u00e3o r\u00e1pido e que os quase 700 km que a fam\u00edlia viaja constantemente para o tratamento do menino em Bauru valem muito a pena.<\/p>\n<\/div>\n<div class=\"mc-column content-text active-extra-styles\" style=\"text-align: justify;\" data-block-type=\"raw\" data-block-weight=\"32\" data-block-id=\"20\">\n<blockquote class=\"content-blockquote theme-border-color-primary-before\"><p>&#8220;A gente v\u00ea tanta mudan\u00e7a nele, ent\u00e3o cada viagem \u00e9 uma vit\u00f3ria. Se eu tivesse que ir a cada 15 dias eu ia, porque cada vez ele volta diferente&#8221;, comemora a m\u00e3e.<\/p><\/blockquote>\n<blockquote class=\"content-blockquote theme-border-color-primary-before\"><p><em>* Sob a supervis\u00e3o de Mariana Bonora.<\/em><\/p><\/blockquote>\n<blockquote><p>Fonte: G1<\/p><\/blockquote>\n<\/div>\n<p style=\"text-align: justify;\" data-track-category=\"Link no Texto\" data-track-links=\"\">\n<\/div>\n<\/div>\n","protected":false},"excerpt":{"rendered":"<p>Hospital de Reabilita\u00e7\u00e3o de Anomalias Craniofaciais (Centrinho), em Bauru (SP) \u00e9 o primeiro no pa\u00eds a oferecer esse tipo de tecnologia atrav\u00e9s da rede p\u00fablica. V\u00eddeo mostra rea\u00e7\u00e3o do menino ao ouvir pela primeira vez. O pequeno David Gabriel Vicente de Souza, de apenas 2 anos, aprendeu a falar a palavra \u201cmam\u00e3e\u201d nesta semana. Esse [&hellip;]<\/p>\n","protected":false},"author":1,"featured_media":37958,"comment_status":"closed","ping_status":"open","sticky":false,"template":"","format":"standard","meta":{"footnotes":""},"categories":[110,122],"tags":[],"class_list":["post-37957","post","type-post","status-publish","format-standard","has-post-thumbnail","hentry","category-noticiasdestaque","category-saudeeducacaoeconcurso"],"_links":{"self":[{"href":"https:\/\/jorgezanoni.com.br\/2019\/wp-json\/wp\/v2\/posts\/37957","targetHints":{"allow":["GET"]}}],"collection":[{"href":"https:\/\/jorgezanoni.com.br\/2019\/wp-json\/wp\/v2\/posts"}],"about":[{"href":"https:\/\/jorgezanoni.com.br\/2019\/wp-json\/wp\/v2\/types\/post"}],"author":[{"embeddable":true,"href":"https:\/\/jorgezanoni.com.br\/2019\/wp-json\/wp\/v2\/users\/1"}],"replies":[{"embeddable":true,"href":"https:\/\/jorgezanoni.com.br\/2019\/wp-json\/wp\/v2\/comments?post=37957"}],"version-history":[{"count":0,"href":"https:\/\/jorgezanoni.com.br\/2019\/wp-json\/wp\/v2\/posts\/37957\/revisions"}],"wp:featuredmedia":[{"embeddable":true,"href":"https:\/\/jorgezanoni.com.br\/2019\/wp-json\/wp\/v2\/media\/37958"}],"wp:attachment":[{"href":"https:\/\/jorgezanoni.com.br\/2019\/wp-json\/wp\/v2\/media?parent=37957"}],"wp:term":[{"taxonomy":"category","embeddable":true,"href":"https:\/\/jorgezanoni.com.br\/2019\/wp-json\/wp\/v2\/categories?post=37957"},{"taxonomy":"post_tag","embeddable":true,"href":"https:\/\/jorgezanoni.com.br\/2019\/wp-json\/wp\/v2\/tags?post=37957"}],"curies":[{"name":"wp","href":"https:\/\/api.w.org\/{rel}","templated":true}]}}