{"id":37954,"date":"2020-11-01T18:34:54","date_gmt":"2020-11-01T18:34:54","guid":{"rendered":"https:\/\/jorgezanoni.com.br\/2019\/?p=37954"},"modified":"2020-11-01T18:34:54","modified_gmt":"2020-11-01T18:34:54","slug":"colisao-frontal-entre-carro-e-motocicleta-mata-jovem-de-19-anos-em-martinopolis","status":"publish","type":"post","link":"https:\/\/jorgezanoni.com.br\/2019\/colisao-frontal-entre-carro-e-motocicleta-mata-jovem-de-19-anos-em-martinopolis\/","title":{"rendered":"Colis\u00e3o frontal entre carro e motocicleta mata jovem de 19 anos, em Martin\u00f3polis"},"content":{"rendered":"<h2 class=\"content-head__subtitle\" style=\"text-align: justify;\"><strong>Imagens de c\u00e2mera de seguran\u00e7a cedidas ao G1 mostram o autom\u00f3vel realizando uma ultrapassagem minutos antes do Corpo de Bombeiros ser acionado.<\/strong><\/h2>\n<div class=\"mc-column content-text active-extra-styles \" data-block-type=\"unstyled\" data-block-weight=\"39\" data-block-id=\"2\">\n<p class=\"content-text__container \" style=\"text-align: justify;\" data-track-category=\"Link no Texto\" data-track-links=\"\">Um jovem de 19 anos morreu v\u00edtima de um acidente de tr\u00e2nsito na Via Jos\u00e9 Biazini, no Parque das Grevilhas, em\u00a0<a href=\"http:\/\/g1.globo.com\/sp\/presidente-prudente-regiao\/cidade\/martinopolis-sp.html\">Martin\u00f3polis<\/a>. A v\u00edtima fatal conduzia uma motocicleta. O Corpo de Bombeiros foi acionado \u00e0s 23h55 desta sexta-feira (30).<\/p>\n<\/div>\n<div class=\"wall protected-content\">\n<div class=\"mc-column content-text active-extra-styles \" style=\"text-align: justify;\" data-block-type=\"unstyled\" data-block-weight=\"40\" data-block-id=\"3\">\n<p class=\"content-text__container \" data-track-category=\"Link no Texto\" data-track-links=\"\">Conforme informou ao\u00a0<strong>G1\u00a0<\/strong>o Corpo de Bombeiros, por motivos a serem esclarecidos, houve uma colis\u00e3o frontal entre a motocicleta e um carro. O motorista do ve\u00edculo deixou o local, segundo informa\u00e7\u00f5es \u00e0 corpora\u00e7\u00e3o, e a pol\u00edcia trabalha para identific\u00e1-lo.<\/p>\n<\/div>\n<div class=\"row medium-uncollapsed content-media content-photo\" style=\"text-align: justify;\" data-block-type=\"backstage-photo\" data-block-id=\"4\">\n<div class=\"mc-column content-media__container\">\n<figure><img decoding=\"async\" class=\"i-amphtml-fill-content i-amphtml-replaced-content\" src=\"https:\/\/s2.glbimg.com\/ZnamI9NRz6AeEq2PF3QmW_3d6Hc=\/0x0:1280x960\/984x0\/smart\/filters:strip_icc()\/i.s3.glbimg.com\/v1\/AUTH_59edd422c0c84a879bd37670ae4f538a\/internal_photos\/bs\/2020\/T\/8\/JAPsAVSJGAeZltIDrO3Q\/whatsapp-image-2020-10-31-at-17.30.32.jpeg\" sizes=\"(max-width: 1366px) 648px, 100vw\" srcset=\"https:\/\/s2.glbimg.com\/GLmhusHMIYfuqdMod6k0_69gnFk=\/0x0:1280x960\/1000x0\/smart\/filters:strip_icc()\/i.s3.glbimg.com\/v1\/AUTH_59edd422c0c84a879bd37670ae4f538a\/internal_photos\/bs\/2020\/T\/8\/JAPsAVSJGAeZltIDrO3Q\/whatsapp-image-2020-10-31-at-17.30.32.jpeg 1000w, https:\/\/s2.glbimg.com\/ZnamI9NRz6AeEq2PF3QmW_3d6Hc=\/0x0:1280x960\/984x0\/smart\/filters:strip_icc()\/i.s3.glbimg.com\/v1\/AUTH_59edd422c0c84a879bd37670ae4f538a\/internal_photos\/bs\/2020\/T\/8\/JAPsAVSJGAeZltIDrO3Q\/whatsapp-image-2020-10-31-at-17.30.32.jpeg 984w, https:\/\/s2.glbimg.com\/sFKyQHaKMaIU0HHI2W4VjOKDJT0=\/0x0:1280x960\/640x0\/smart\/filters:strip_icc()\/i.s3.glbimg.com\/v1\/AUTH_59edd422c0c84a879bd37670ae4f538a\/internal_photos\/bs\/2020\/T\/8\/JAPsAVSJGAeZltIDrO3Q\/whatsapp-image-2020-10-31-at-17.30.32.jpeg 640w, https:\/\/s2.glbimg.com\/-YTYlUMM8NsIWWdfWpADNRXt04k=\/0x0:1280x960\/600x0\/smart\/filters:strip_icc()\/i.s3.glbimg.com\/v1\/AUTH_59edd422c0c84a879bd37670ae4f538a\/internal_photos\/bs\/2020\/T\/8\/JAPsAVSJGAeZltIDrO3Q\/whatsapp-image-2020-10-31-at-17.30.32.jpeg 600w\" alt=\"Colis\u00e3o envolveu carro e motocicleta, em Martin\u00f3polis  \u2014 Foto: Cedida\" \/><\/figure>\n<p class=\"content-media__description \">Colis\u00e3o envolveu carro e motocicleta, em Martin\u00f3polis \u2014 Foto: Cedida<\/p>\n<\/div>\n<\/div>\n<div class=\"mc-column content-text active-extra-styles \" style=\"text-align: justify;\" data-block-type=\"unstyled\" data-block-weight=\"26\" data-block-id=\"5\">\n<p class=\"content-text__container \" data-track-category=\"Link no Texto\" data-track-links=\"\">O motociclista sofreu amputa\u00e7\u00e3o da perna esquerda e um ferimento no pesco\u00e7o. Os bombeiros o socorreram e levaram ao Pronto-socorro local, onde foi constatado o \u00f3bito.<\/p>\n<\/div>\n<div class=\"content-ads content-ads--reveal\" style=\"text-align: justify;\" data-block-type=\"ads\" data-block-id=\"6\">\n<div id=\"banner_materia2\" class=\"tag-manager-publicidade-container mc-has-reveal mc-has-ad-lazyload\" data-id=\"banner_materia2\"><\/div>\n<\/div>\n<div class=\"mc-column content-text active-extra-styles \" data-block-type=\"unstyled\" data-block-weight=\"47\" data-block-id=\"7\">\n<p class=\"content-text__container \" style=\"text-align: justify;\" data-track-category=\"Link no Texto\" data-track-links=\"\">Imagens de c\u00e2mera de seguran\u00e7a cedidas ao\u00a0<strong>G1\u00a0<\/strong>pela Guarda Municipal de Martin\u00f3polis mostram o carro realizando uma ultrapassagem minutos antes do Corpo de Bombeiros ser acionado. Depois, \u00e0s 23h40m08, no canto superior \u00e0 direita, \u00e9 poss\u00edvel ver luzes dos ve\u00edculos envolvidos no acidente.<\/p>\n<div class=\"mc-column content-text active-extra-styles \" style=\"text-align: justify;\" data-block-type=\"unstyled\" data-block-weight=\"27\" data-block-id=\"9\">\n<p class=\"content-text__container \" data-track-category=\"Link no Texto\" data-track-links=\"\">De acordo com o Departamento Municipal de Tr\u00e2nsito e Seguran\u00e7a P\u00fablica, a Via Jos\u00e9 Biazini &#8220;\u00e9 inteira sinalizada com linha cont\u00ednua amarela, onde \u00e9 proibido realizar ultrapassagem&#8221;.<\/p>\n<\/div>\n<div class=\"mc-column content-text active-extra-styles \" data-block-type=\"unstyled\" data-block-weight=\"12\" data-block-id=\"10\">\n<p class=\"content-text__container \" style=\"text-align: justify;\" data-track-category=\"Link no Texto\" data-track-links=\"\">A per\u00edcia foi acionada e as circunst\u00e2ncias do acidente devem ser apuradas.<\/p>\n<p style=\"text-align: justify;\" data-track-category=\"Link no Texto\" data-track-links=\"\">Fonte: https:\/\/g1.globo.com\/sp\/presidente-prudente-regiao\/noticia\/2020\/10\/31\/colisao-frontal-entre-carro-e-motocicleta-mata-jovem-de-19-anos-em-martinopolis.ghtml<\/p>\n<\/div>\n<\/div>\n<\/div>\n","protected":false},"excerpt":{"rendered":"<p>Imagens de c\u00e2mera de seguran\u00e7a cedidas ao G1 mostram o autom\u00f3vel realizando uma ultrapassagem minutos antes do Corpo de Bombeiros ser acionado. Um jovem de 19 anos morreu v\u00edtima de um acidente de tr\u00e2nsito na Via Jos\u00e9 Biazini, no Parque das Grevilhas, em\u00a0Martin\u00f3polis. A v\u00edtima fatal conduzia uma motocicleta. O Corpo de Bombeiros foi acionado [&hellip;]<\/p>\n","protected":false},"author":1,"featured_media":37955,"comment_status":"closed","ping_status":"open","sticky":false,"template":"","format":"standard","meta":{"footnotes":""},"categories":[170,110],"tags":[],"class_list":["post-37954","post","type-post","status-publish","format-standard","has-post-thumbnail","hentry","category-acidentes","category-noticiasdestaque"],"_links":{"self":[{"href":"https:\/\/jorgezanoni.com.br\/2019\/wp-json\/wp\/v2\/posts\/37954","targetHints":{"allow":["GET"]}}],"collection":[{"href":"https:\/\/jorgezanoni.com.br\/2019\/wp-json\/wp\/v2\/posts"}],"about":[{"href":"https:\/\/jorgezanoni.com.br\/2019\/wp-json\/wp\/v2\/types\/post"}],"author":[{"embeddable":true,"href":"https:\/\/jorgezanoni.com.br\/2019\/wp-json\/wp\/v2\/users\/1"}],"replies":[{"embeddable":true,"href":"https:\/\/jorgezanoni.com.br\/2019\/wp-json\/wp\/v2\/comments?post=37954"}],"version-history":[{"count":0,"href":"https:\/\/jorgezanoni.com.br\/2019\/wp-json\/wp\/v2\/posts\/37954\/revisions"}],"wp:featuredmedia":[{"embeddable":true,"href":"https:\/\/jorgezanoni.com.br\/2019\/wp-json\/wp\/v2\/media\/37955"}],"wp:attachment":[{"href":"https:\/\/jorgezanoni.com.br\/2019\/wp-json\/wp\/v2\/media?parent=37954"}],"wp:term":[{"taxonomy":"category","embeddable":true,"href":"https:\/\/jorgezanoni.com.br\/2019\/wp-json\/wp\/v2\/categories?post=37954"},{"taxonomy":"post_tag","embeddable":true,"href":"https:\/\/jorgezanoni.com.br\/2019\/wp-json\/wp\/v2\/tags?post=37954"}],"curies":[{"name":"wp","href":"https:\/\/api.w.org\/{rel}","templated":true}]}}