{"id":37951,"date":"2020-11-01T18:14:46","date_gmt":"2020-11-01T18:14:46","guid":{"rendered":"https:\/\/jorgezanoni.com.br\/2019\/?p=37951"},"modified":"2020-11-01T18:14:46","modified_gmt":"2020-11-01T18:14:46","slug":"piracema-restringe-pesca-em-rios-do-oeste-paulista-a-partir-deste-domingo","status":"publish","type":"post","link":"https:\/\/jorgezanoni.com.br\/2019\/piracema-restringe-pesca-em-rios-do-oeste-paulista-a-partir-deste-domingo\/","title":{"rendered":"Piracema restringe pesca em rios do Oeste Paulista a partir deste domingo"},"content":{"rendered":"<h2 class=\"content-head__subtitle\" style=\"text-align: justify;\"><strong>Per\u00edodo de reprodu\u00e7\u00e3o natural dos peixes segue at\u00e9 o dia 28 de fevereiro de 2021. Pol\u00edcia Militar Ambiental fiscalizar\u00e1 v\u00e1rios locais na regi\u00e3o de Presidente Prudente nessa \u00e9poca.<\/strong><\/h2>\n<div class=\"mc-column content-text active-extra-styles \" data-block-type=\"unstyled\" data-block-weight=\"50\" data-block-id=\"2\">\n<p class=\"content-text__container \" style=\"text-align: justify;\" data-track-category=\"Link no Texto\" data-track-links=\"\">Tem in\u00edcio neste domingo (1\u00ba) e segue at\u00e9 o dia 28 de fevereiro, o per\u00edodo de piracema 2020\/2021. A Pol\u00edcia Militar Ambiental destaca alguns pontos relevantes da Instru\u00e7\u00e3o Normativa n\u00ba 25\/09 que regula a pesca no per\u00edodo de prote\u00e7\u00e3o \u00e0 reprodu\u00e7\u00e3o natural dos peixes, na Bacia Hidrogr\u00e1fica do Rio Paran\u00e1.<\/p>\n<\/div>\n<div class=\"wall protected-content\">\n<div class=\"mc-column content-text active-extra-styles \" style=\"text-align: justify;\" data-block-type=\"unstyled\" data-block-weight=\"14\" data-block-id=\"3\">\n<p class=\"content-text__container \" data-track-category=\"Link no Texto\" data-track-links=\"\">Est\u00e1\u00a0<strong>PROIBIDA<\/strong>\u00a0a pesca para todas as categorias e modalidades nos seguintes locais:<\/p>\n<\/div>\n<div class=\"mc-column content-text active-extra-styles\" style=\"text-align: justify;\" data-block-type=\"raw\" data-block-weight=\"183\" data-block-id=\"4\">\n<ul class=\"content-unordered-list\">\n<li>nas lagoas marginais;<\/li>\n<li>a menos de 500 metros de conflu\u00eancias e desembocaduras de rios, lagoas, canais e tubula\u00e7\u00f5es de esgoto;<\/li>\n<li>at\u00e9 1,5 mil a montante e a jusante das barragens de reservat\u00f3rios de empreendimento hidrel\u00e9trico, e de mecanismos de transposi\u00e7\u00e3o de peixes;<\/li>\n<li>at\u00e9 1,5 a montante e a jusante de cachoeiras e corredeiras e demais locais previstos no artigo 3\u00ba da Instru\u00e7\u00e3o Normativa;<\/li>\n<li>no rio Tiet\u00ea, no trecho compreendido entre a jusante da barragem da Usina de Nova Avanhandava at\u00e9 a foz do Ribeir\u00e3o Palmeiras, no munic\u00edpio de Buritama (SP);<\/li>\n<li>no rio Paranapanema, no trecho entre a barragem de Rosana (SP) e a sua foz, na divisa dos Estados de S\u00e3o Paulo e Paran\u00e1 (Porto Maring\u00e1);<\/li>\n<li>nos rios Aguape\u00ed, do Peixe, Santo Anast\u00e1cio, Anhumas, Xavantes, Arig\u00f3, Veado, Moinho e S\u00e3o Jos\u00e9 dos Dourados (afluentes do rio Paran\u00e1), Tr\u00eas Irm\u00e3os, Jacar\u00e9-Pepira e seus respectivos afluentes;<\/li>\n<li>nos corpos d&#8217;\u00e1gua de dom\u00ednio dos Estados em que a legisla\u00e7\u00e3o estadual espec\u00edfica assim o determinar;<\/li>\n<li>nos entornos do Parque Estadual Morro do Diabo, Parque Estadual do Rio do Peixe, Parque Estadual do Rio Aguape\u00ed, Esta\u00e7\u00e3o Ecol\u00f3gica do Mico-Le\u00e3o-Preto.<\/li>\n<\/ul>\n<\/div>\n<div class=\"content-ads content-ads--reveal\" style=\"text-align: justify;\" data-block-type=\"ads\" data-block-id=\"5\">\n<div id=\"banner_materia2\" class=\"tag-manager-publicidade-container mc-has-reveal mc-has-ad-lazyload\" data-id=\"banner_materia2\"><\/div>\n<\/div>\n<div class=\"mc-column content-text active-extra-styles \" style=\"text-align: justify;\" data-block-type=\"unstyled\" data-block-weight=\"3\" data-block-id=\"6\">\n<p class=\"content-text__container \" data-track-category=\"Link no Texto\" data-track-links=\"\">Tamb\u00e9m est\u00e3o\u00a0<strong>PROIBIDOS<\/strong>:<\/p>\n<\/div>\n<div class=\"mc-column content-text active-extra-styles\" style=\"text-align: justify;\" data-block-type=\"raw\" data-block-weight=\"87\" data-block-id=\"7\">\n<ul class=\"content-unordered-list\">\n<li>a captura, o transporte e o armazenamento de esp\u00e9cies nativas, inclusive esp\u00e9cies utilizadas para fins ornamentais e de aquariofilia;<\/li>\n<li>o uso de materiais perfurantes, tais como: arp\u00e3o, arbalete, fisga, bicheiro e lan\u00e7a;<\/li>\n<li>a utiliza\u00e7\u00e3o de animais aqu\u00e1ticos, inclusive peixes, camar\u00f5es, caramujos, caranguejos, vivos ou mortos (inteiros ou em peda\u00e7os), como iscas, com exce\u00e7\u00e3o de peixes vivos de ocorr\u00eancia natural da bacia hidrogr\u00e1fica, oriundos de cria\u00e7\u00f5es, acompanhados de nota fiscal ou nota de produtor;<\/li>\n<li>o uso de trapiche ou plataforma flutuante de qualquer natureza, nos rios da bacia.<\/li>\n<\/ul>\n<\/div>\n<div class=\"row medium-uncollapsed content-media content-photo\" style=\"text-align: justify;\" data-block-type=\"backstage-photo\" data-block-id=\"8\">\n<div class=\"mc-column content-media__container\">\n<figure><img decoding=\"async\" class=\"i-amphtml-fill-content i-amphtml-replaced-content\" src=\"https:\/\/s2.glbimg.com\/V9n00-f0DRFyNgyMStUk-vIambw=\/0x0:1280x960\/984x0\/smart\/filters:strip_icc()\/i.s3.glbimg.com\/v1\/AUTH_59edd422c0c84a879bd37670ae4f538a\/internal_photos\/bs\/2020\/l\/k\/VCojGYRlKscpAL05DYHA\/whatsapp-image-2020-10-28-at-15.18.33-1-.jpeg\" sizes=\"(max-width: 1366px) 648px, 100vw\" srcset=\"https:\/\/s2.glbimg.com\/XNYxeIC0mxJwr-UCB3OAFLnBWbM=\/0x0:1280x960\/1000x0\/smart\/filters:strip_icc()\/i.s3.glbimg.com\/v1\/AUTH_59edd422c0c84a879bd37670ae4f538a\/internal_photos\/bs\/2020\/l\/k\/VCojGYRlKscpAL05DYHA\/whatsapp-image-2020-10-28-at-15.18.33-1-.jpeg 1000w, https:\/\/s2.glbimg.com\/V9n00-f0DRFyNgyMStUk-vIambw=\/0x0:1280x960\/984x0\/smart\/filters:strip_icc()\/i.s3.glbimg.com\/v1\/AUTH_59edd422c0c84a879bd37670ae4f538a\/internal_photos\/bs\/2020\/l\/k\/VCojGYRlKscpAL05DYHA\/whatsapp-image-2020-10-28-at-15.18.33-1-.jpeg 984w, https:\/\/s2.glbimg.com\/xG5gLfroqlQzMTjfMmFd3S7FbBI=\/0x0:1280x960\/640x0\/smart\/filters:strip_icc()\/i.s3.glbimg.com\/v1\/AUTH_59edd422c0c84a879bd37670ae4f538a\/internal_photos\/bs\/2020\/l\/k\/VCojGYRlKscpAL05DYHA\/whatsapp-image-2020-10-28-at-15.18.33-1-.jpeg 640w, https:\/\/s2.glbimg.com\/JxW2qsTfyiPldYWHeI2s3wXSygc=\/0x0:1280x960\/600x0\/smart\/filters:strip_icc()\/i.s3.glbimg.com\/v1\/AUTH_59edd422c0c84a879bd37670ae4f538a\/internal_photos\/bs\/2020\/l\/k\/VCojGYRlKscpAL05DYHA\/whatsapp-image-2020-10-28-at-15.18.33-1-.jpeg 600w\" alt=\"Fiscaliza\u00e7\u00f5es ser\u00e3o realizadas nos rios do Oeste Paulista durante o per\u00edodo da piracema \u2014 Foto: Pol\u00edcia Militar Ambiental\" \/><\/figure>\n<p class=\"content-media__description \">Fiscaliza\u00e7\u00f5es ser\u00e3o realizadas nos rios do Oeste Paulista durante o per\u00edodo da piracema \u2014 Foto: Pol\u00edcia Militar Ambiental<\/p>\n<\/div>\n<\/div>\n<div class=\"mc-column content-text active-extra-styles \" style=\"text-align: justify;\" data-block-type=\"unstyled\" data-block-weight=\"2\" data-block-id=\"9\">\n<p class=\"content-text__container \" data-track-category=\"Link no Texto\" data-track-links=\"\">Est\u00e3o\u00a0<strong>PERMITIDOS<\/strong>:<\/p>\n<\/div>\n<div class=\"mc-column content-text active-extra-styles\" style=\"text-align: justify;\" data-block-type=\"raw\" data-block-weight=\"167\" data-block-id=\"10\">\n<ul class=\"content-unordered-list\">\n<li>a pesca em rios da bacia, somente na modalidade desembarcada e utilizando linha de m\u00e3o, cani\u00e7o simples, vara com molinete ou carretilha, com o uso de iscas naturais e artificiais nas \u00e1reas n\u00e3o mencionadas no artigo 3\u00ba da Instru\u00e7\u00e3o Normativa (a pesca embarcada somente nos lagos formados pelas usinas hidrel\u00e9tricas);<\/li>\n<li>a captura e o transporte sem limite de cota para o pescador profissional, e cota de 10 quilos mais um exemplar para o pescador amador, no ato de fiscaliza\u00e7\u00e3o, somente das esp\u00e9cies n\u00e3o nativas (al\u00f3ctones e ex\u00f3ticas) e h\u00edbridos tais como: apaiari, bagre-africano, black-bass, carpa, corvina ou pescada-do-Piau\u00ed, peixe-rei, sardinha-de-\u00e1gua-doce, piranha-preta, til\u00e1pias, tucunar\u00e9, zoi\u00fado e h\u00edbridos, excetua-se desta permiss\u00e3o o piau\u00e7u;<\/li>\n<li>a pesca em reservat\u00f3rios na modalidade embarcada e desembarcada, de esp\u00e9cies n\u00e3o nativas (al\u00f3ctones e ex\u00f3ticas) e h\u00edbridos, com linha de m\u00e3o ou vara, cani\u00e7o simples, com molinete ou carretilha, com uso de iscas naturais e artificiais;<\/li>\n<li>o transporte de pescado ou material de pesca por via fluvial somente em locais cuja pesca embarcada seja permitida.<\/li>\n<\/ul>\n<\/div>\n<div class=\"content-ads content-ads--reveal\" style=\"text-align: justify;\" data-block-type=\"ads\" data-block-id=\"11\">\n<div id=\"banner_materia__5ea96110-61ac-48d4-a05c-d2a361e78fcd\" class=\"tag-manager-publicidade-container mc-has-reveal mc-has-ad-lazyload\" data-id=\"banner_materia__5ea96110-61ac-48d4-a05c-d2a361e78fcd\"><\/div>\n<\/div>\n<div class=\"mc-column content-text active-extra-styles \" style=\"text-align: justify;\" data-block-type=\"unstyled\" data-block-weight=\"43\" data-block-id=\"12\">\n<p class=\"content-text__container \" data-track-category=\"Link no Texto\" data-track-links=\"\">De acordo com a pol\u00edcia, a Instru\u00e7\u00e3o Normativa n\u00e3o se aplica ao pescado proveniente de piscicultura ou pesquepague\/pesqueiro, registrado no \u00f3rg\u00e3o competente e cadastrado no Instituto Brasileiro do Meio Ambiente e dos Recursos Naturais Renov\u00e1veis (Ibama), devendo estar acompanhado de nota fiscal.<\/p>\n<\/div>\n<div class=\"mc-column content-text active-extra-styles \" style=\"text-align: justify;\" data-block-type=\"unstyled\" data-block-weight=\"72\" data-block-id=\"13\">\n<p class=\"content-text__container \" data-track-category=\"Link no Texto\" data-track-links=\"\">A Pol\u00edcia Militar Ambiental tamb\u00e9m realizar\u00e1 fiscaliza\u00e7\u00e3o dos estoques de peixes in natura, resfriados ou congelados, provenientes de \u00e1guas continentais, armazenados por pescadores profissionais e os existentes nas col\u00f4nias e associa\u00e7\u00f5es de pescadores, nos frigor\u00edficos, nas peixarias, nos entrepostos, nos postos de venda, nos hot\u00e9is, nos restaurantes, nos bares e similares, vez que o prazo m\u00e1ximo fixado para declara\u00e7\u00e3o dos estoques \u00e9 o segundo dia \u00fatil ap\u00f3s o in\u00edcio do defeso.<\/p>\n<\/div>\n<div class=\"mc-column content-text active-extra-styles \" style=\"text-align: justify;\" data-block-type=\"unstyled\" data-block-weight=\"45\" data-block-id=\"14\">\n<p class=\"content-text__container \" data-track-category=\"Link no Texto\" data-track-links=\"\">A PM salienta que o valor m\u00ednimo de multa em caso de descumprimento da Instru\u00e7\u00e3o Normativa n\u00ba 25 \u00e9 de R$ 700, havendo tamb\u00e9m provid\u00eancias quanto ao crime ambiental e apreens\u00e3o dos instrumentos, petrechos produtos, embarca\u00e7\u00f5es ou ve\u00edculos utilizados na pr\u00e1tica direta da infra\u00e7\u00e3o.<\/p>\n<\/div>\n<div class=\"mc-column content-text active-extra-styles \" style=\"text-align: justify;\" data-block-type=\"unstyled\" data-block-weight=\"40\" data-block-id=\"15\">\n<p class=\"content-text__container \" data-track-category=\"Link no Texto\" data-track-links=\"\">Aos infratores dos dispositivos relacionados na norma mencionada ser\u00e3o aplicadas as penalidades e san\u00e7\u00f5es previstas na lei n\u00b0 9.605, de 12 de fevereiro de 1998, no decreto n\u00b0 6.514, de 22 de julho de 2008 e demais legisla\u00e7\u00f5es espec\u00edficas.<\/p>\n<\/div>\n<div class=\"mc-column content-text active-extra-styles \" data-block-type=\"unstyled\" data-block-weight=\"15\" data-block-id=\"16\">\n<p class=\"content-text__container \" style=\"text-align: justify;\" data-track-category=\"Link no Texto\" data-track-links=\"\">Den\u00fancias de crimes ambientais poder\u00e3o ser feitas pelos telefones 181 e 190 ou pelo site.<\/p>\n<p style=\"text-align: justify;\" data-track-category=\"Link no Texto\" data-track-links=\"\">Fonte: G1<\/p>\n<\/div>\n<\/div>\n","protected":false},"excerpt":{"rendered":"<p>Per\u00edodo de reprodu\u00e7\u00e3o natural dos peixes segue at\u00e9 o dia 28 de fevereiro de 2021. Pol\u00edcia Militar Ambiental fiscalizar\u00e1 v\u00e1rios locais na regi\u00e3o de Presidente Prudente nessa \u00e9poca. Tem in\u00edcio neste domingo (1\u00ba) e segue at\u00e9 o dia 28 de fevereiro, o per\u00edodo de piracema 2020\/2021. A Pol\u00edcia Militar Ambiental destaca alguns pontos relevantes da [&hellip;]<\/p>\n","protected":false},"author":1,"featured_media":37952,"comment_status":"closed","ping_status":"open","sticky":false,"template":"","format":"standard","meta":{"footnotes":""},"categories":[110,2],"tags":[],"class_list":["post-37951","post","type-post","status-publish","format-standard","has-post-thumbnail","hentry","category-noticiasdestaque","category-policial"],"_links":{"self":[{"href":"https:\/\/jorgezanoni.com.br\/2019\/wp-json\/wp\/v2\/posts\/37951","targetHints":{"allow":["GET"]}}],"collection":[{"href":"https:\/\/jorgezanoni.com.br\/2019\/wp-json\/wp\/v2\/posts"}],"about":[{"href":"https:\/\/jorgezanoni.com.br\/2019\/wp-json\/wp\/v2\/types\/post"}],"author":[{"embeddable":true,"href":"https:\/\/jorgezanoni.com.br\/2019\/wp-json\/wp\/v2\/users\/1"}],"replies":[{"embeddable":true,"href":"https:\/\/jorgezanoni.com.br\/2019\/wp-json\/wp\/v2\/comments?post=37951"}],"version-history":[{"count":0,"href":"https:\/\/jorgezanoni.com.br\/2019\/wp-json\/wp\/v2\/posts\/37951\/revisions"}],"wp:featuredmedia":[{"embeddable":true,"href":"https:\/\/jorgezanoni.com.br\/2019\/wp-json\/wp\/v2\/media\/37952"}],"wp:attachment":[{"href":"https:\/\/jorgezanoni.com.br\/2019\/wp-json\/wp\/v2\/media?parent=37951"}],"wp:term":[{"taxonomy":"category","embeddable":true,"href":"https:\/\/jorgezanoni.com.br\/2019\/wp-json\/wp\/v2\/categories?post=37951"},{"taxonomy":"post_tag","embeddable":true,"href":"https:\/\/jorgezanoni.com.br\/2019\/wp-json\/wp\/v2\/tags?post=37951"}],"curies":[{"name":"wp","href":"https:\/\/api.w.org\/{rel}","templated":true}]}}