{"id":3792,"date":"2019-08-13T23:26:09","date_gmt":"2019-08-13T23:26:09","guid":{"rendered":"https:\/\/jorgezanoni.com.br\/2019\/?p=3792"},"modified":"2019-08-13T23:26:09","modified_gmt":"2019-08-13T23:26:09","slug":"prefeitura-de-dracena-decreta-luto-oficial-durante-tres-dias-pelo-falecimento-do-ex-prefeito-juvenal-pezolatto","status":"publish","type":"post","link":"https:\/\/jorgezanoni.com.br\/2019\/prefeitura-de-dracena-decreta-luto-oficial-durante-tres-dias-pelo-falecimento-do-ex-prefeito-juvenal-pezolatto\/","title":{"rendered":"Prefeitura de Dracena decreta luto oficial durante tr\u00eas dias pelo falecimento do ex-prefeito Juvenal Pezolatto"},"content":{"rendered":"<p style=\"text-align: justify;\">Hoje (13) a Prefeitura de Dracena comunica com pesar o falecimento do ex-prefeito Juvenal Pezolatto, ocorrido na data de 12 de agosto de 2019, com 93 anos de idade.<\/p>\n<p style=\"text-align: justify;\">O impacto sofrido por toda comunidade dracenense com o falecimento do ilustre cidad\u00e3o e irmanando-se a dor de seus familiares, fica decretado LUTO OFICIAL por tr\u00eas dias pelo falecimento de Juvenal Pezolatto, ex-prefeito (1957 at\u00e9 1961) e ex-vereador (1961 at\u00e9 1965) de Dracena, insigne figura de nossa sociedade, querido e respeitado por todos.<img loading=\"lazy\" decoding=\"async\" class=\"alignnone size-full wp-image-3793\" src=\"https:\/\/jorgezanoni.com.br\/2019\/wp-content\/uploads\/2019\/08\/pezolato1.jpg\" alt=\"\" width=\"146\" height=\"240\" \/><\/p>\n<p style=\"text-align: justify;\">Fonte: Diretoria de Comunica\u00e7\u00e3o<\/p>\n","protected":false},"excerpt":{"rendered":"<p>Hoje (13) a Prefeitura de Dracena comunica com pesar o falecimento do ex-prefeito Juvenal Pezolatto, ocorrido na data de 12 de agosto de 2019, com 93 anos de idade. O impacto sofrido por toda comunidade dracenense com o falecimento do ilustre cidad\u00e3o e irmanando-se a dor de seus familiares, fica decretado LUTO OFICIAL por tr\u00eas [&hellip;]<\/p>\n","protected":false},"author":1,"featured_media":3794,"comment_status":"closed","ping_status":"open","sticky":false,"template":"","format":"standard","meta":{"footnotes":""},"categories":[179,110],"tags":[],"class_list":["post-3792","post","type-post","status-publish","format-standard","has-post-thumbnail","hentry","category-cidadeseregiao","category-noticiasdestaque"],"_links":{"self":[{"href":"https:\/\/jorgezanoni.com.br\/2019\/wp-json\/wp\/v2\/posts\/3792","targetHints":{"allow":["GET"]}}],"collection":[{"href":"https:\/\/jorgezanoni.com.br\/2019\/wp-json\/wp\/v2\/posts"}],"about":[{"href":"https:\/\/jorgezanoni.com.br\/2019\/wp-json\/wp\/v2\/types\/post"}],"author":[{"embeddable":true,"href":"https:\/\/jorgezanoni.com.br\/2019\/wp-json\/wp\/v2\/users\/1"}],"replies":[{"embeddable":true,"href":"https:\/\/jorgezanoni.com.br\/2019\/wp-json\/wp\/v2\/comments?post=3792"}],"version-history":[{"count":0,"href":"https:\/\/jorgezanoni.com.br\/2019\/wp-json\/wp\/v2\/posts\/3792\/revisions"}],"wp:featuredmedia":[{"embeddable":true,"href":"https:\/\/jorgezanoni.com.br\/2019\/wp-json\/wp\/v2\/media\/3794"}],"wp:attachment":[{"href":"https:\/\/jorgezanoni.com.br\/2019\/wp-json\/wp\/v2\/media?parent=3792"}],"wp:term":[{"taxonomy":"category","embeddable":true,"href":"https:\/\/jorgezanoni.com.br\/2019\/wp-json\/wp\/v2\/categories?post=3792"},{"taxonomy":"post_tag","embeddable":true,"href":"https:\/\/jorgezanoni.com.br\/2019\/wp-json\/wp\/v2\/tags?post=3792"}],"curies":[{"name":"wp","href":"https:\/\/api.w.org\/{rel}","templated":true}]}}