{"id":3785,"date":"2019-08-13T15:59:23","date_gmt":"2019-08-13T15:59:23","guid":{"rendered":"https:\/\/jorgezanoni.com.br\/2019\/?p=3785"},"modified":"2019-08-13T16:00:05","modified_gmt":"2019-08-13T16:00:05","slug":"alunos-da-unati-dracena-retornam-as-atividades","status":"publish","type":"post","link":"https:\/\/jorgezanoni.com.br\/2019\/alunos-da-unati-dracena-retornam-as-atividades\/","title":{"rendered":"Alunos da Unati Dracena retornam \u00e0s atividades"},"content":{"rendered":"<p style=\"font-weight: 400;\"><img loading=\"lazy\" decoding=\"async\" class=\"alignnone size-full wp-image-3786\" src=\"https:\/\/jorgezanoni.com.br\/2019\/wp-content\/uploads\/2019\/08\/unati.jpeg\" alt=\"\" width=\"1280\" height=\"960\" srcset=\"https:\/\/jorgezanoni.com.br\/2019\/wp-content\/uploads\/2019\/08\/unati.jpeg 1280w, https:\/\/jorgezanoni.com.br\/2019\/wp-content\/uploads\/2019\/08\/unati-300x225.jpeg 300w, https:\/\/jorgezanoni.com.br\/2019\/wp-content\/uploads\/2019\/08\/unati-768x576.jpeg 768w, https:\/\/jorgezanoni.com.br\/2019\/wp-content\/uploads\/2019\/08\/unati-1024x768.jpeg 1024w, https:\/\/jorgezanoni.com.br\/2019\/wp-content\/uploads\/2019\/08\/unati-80x60.jpeg 80w, https:\/\/jorgezanoni.com.br\/2019\/wp-content\/uploads\/2019\/08\/unati-265x198.jpeg 265w, https:\/\/jorgezanoni.com.br\/2019\/wp-content\/uploads\/2019\/08\/unati-696x522.jpeg 696w, https:\/\/jorgezanoni.com.br\/2019\/wp-content\/uploads\/2019\/08\/unati-1068x801.jpeg 1068w, https:\/\/jorgezanoni.com.br\/2019\/wp-content\/uploads\/2019\/08\/unati-560x420.jpeg 560w\" sizes=\"auto, (max-width: 1280px) 100vw, 1280px\" \/><\/p>\n<p style=\"font-weight: 400; text-align: justify;\">O segundo semestre come\u00e7ou a todo vapor para os unatianos. No dia 6 de agosto, num primeiro momento, os alunos da Unati foram recebidos na Unifadra pelas Profas. Esp. Aline Siqueira e\u00a0 Ma. Daniela Mac\u00e1rio, monitoras Cristiane, D\u00e9bora e Renata.<br \/>\nDepois de uma recep\u00e7\u00e3o calorosa, regada \u00e0 muita descontra\u00e7\u00e3o, os alunos foram informados sobre as atividades que ir\u00e3o compor o semestre, receberam o cronograma do m\u00eas e as novas camisetas estampadas com a imagem que foi escolhida pelos alunos para representar a turma.<br \/>\nSegundo Daniela Mac\u00e1rio, coordenadora da Unati pela Unifadra,\u201cpara que a confec\u00e7\u00e3o das camisetas fosse poss\u00edvel, foi necess\u00e1rio redesenhar a imagem e, para isso, tivemos a colabora\u00e7\u00e3o graciosa do colaborador e desenhista Igor Grande\u201d. Em seguida, os alunos caminharam, guiados pela Profa. Aline e monitoras, at\u00e9 o pr\u00e9dio do CEP\/UME (escola t\u00e9cnica mantida pela Fundec) e em atividade pr\u00e1tica realizada na cozinha, puderam aprender com a Profa. Dra. Maria Gabriela F. Rodrigues (coordenadora da Unati\/Unesp) como confeccionar geleia de uva.<br \/>\nEncerrando a semana, os alunos passaram a quinta-feira (8) na Unesp, numa sess\u00e3o de cinema, onde puderam assistir ao filme Prova de Amor.<\/p>\n<p style=\"font-weight: 400; text-align: justify;\">As atividades da Unati s\u00e3o realizadas \u00e0s ter\u00e7as e quintas-feiras, das 14h \u00e0s 17h, nas depend\u00eancias da Unifadra\/FUNDEC e da UNESP, alternadamente. O programa \u00e9 uma parceria entre Unesp, Unifadra\/Fundec e Prefeitura.<\/p>\n<p style=\"font-weight: 400; text-align: justify;\">Carolina Colnago<\/p>\n<p style=\"font-weight: 400; text-align: justify;\">Assessora de Comunica\u00e7\u00e3o da Fundec &#8211; Jornalista<\/p>\n","protected":false},"excerpt":{"rendered":"<p>O segundo semestre come\u00e7ou a todo vapor para os unatianos. No dia 6 de agosto, num primeiro momento, os alunos da Unati foram recebidos na Unifadra pelas Profas. Esp. Aline Siqueira e\u00a0 Ma. Daniela Mac\u00e1rio, monitoras Cristiane, D\u00e9bora e Renata. Depois de uma recep\u00e7\u00e3o calorosa, regada \u00e0 muita descontra\u00e7\u00e3o, os alunos foram informados sobre as [&hellip;]<\/p>\n","protected":false},"author":1,"featured_media":3787,"comment_status":"closed","ping_status":"open","sticky":false,"template":"","format":"standard","meta":{"footnotes":""},"categories":[122],"tags":[],"class_list":["post-3785","post","type-post","status-publish","format-standard","has-post-thumbnail","hentry","category-saudeeducacaoeconcurso"],"_links":{"self":[{"href":"https:\/\/jorgezanoni.com.br\/2019\/wp-json\/wp\/v2\/posts\/3785","targetHints":{"allow":["GET"]}}],"collection":[{"href":"https:\/\/jorgezanoni.com.br\/2019\/wp-json\/wp\/v2\/posts"}],"about":[{"href":"https:\/\/jorgezanoni.com.br\/2019\/wp-json\/wp\/v2\/types\/post"}],"author":[{"embeddable":true,"href":"https:\/\/jorgezanoni.com.br\/2019\/wp-json\/wp\/v2\/users\/1"}],"replies":[{"embeddable":true,"href":"https:\/\/jorgezanoni.com.br\/2019\/wp-json\/wp\/v2\/comments?post=3785"}],"version-history":[{"count":0,"href":"https:\/\/jorgezanoni.com.br\/2019\/wp-json\/wp\/v2\/posts\/3785\/revisions"}],"wp:featuredmedia":[{"embeddable":true,"href":"https:\/\/jorgezanoni.com.br\/2019\/wp-json\/wp\/v2\/media\/3787"}],"wp:attachment":[{"href":"https:\/\/jorgezanoni.com.br\/2019\/wp-json\/wp\/v2\/media?parent=3785"}],"wp:term":[{"taxonomy":"category","embeddable":true,"href":"https:\/\/jorgezanoni.com.br\/2019\/wp-json\/wp\/v2\/categories?post=3785"},{"taxonomy":"post_tag","embeddable":true,"href":"https:\/\/jorgezanoni.com.br\/2019\/wp-json\/wp\/v2\/tags?post=3785"}],"curies":[{"name":"wp","href":"https:\/\/api.w.org\/{rel}","templated":true}]}}