{"id":3782,"date":"2019-08-13T15:50:17","date_gmt":"2019-08-13T15:50:17","guid":{"rendered":"https:\/\/jorgezanoni.com.br\/2019\/?p=3782"},"modified":"2019-08-13T15:50:17","modified_gmt":"2019-08-13T15:50:17","slug":"assinado-convenio-de-mais-de-500-mil-reais-para-realizacao-dos-jogos-infantis-do-estado-de-sao-paulo-que-sera-em-dracena","status":"publish","type":"post","link":"https:\/\/jorgezanoni.com.br\/2019\/assinado-convenio-de-mais-de-500-mil-reais-para-realizacao-dos-jogos-infantis-do-estado-de-sao-paulo-que-sera-em-dracena\/","title":{"rendered":"Assinado conv\u00eanio de mais de 500 mil reais para realiza\u00e7\u00e3o dos Jogos Infantis do Estado de S\u00e3o Paulo que ser\u00e1 em Dracena"},"content":{"rendered":"<p style=\"text-align: justify;\">O Prefeito de Dracena, assinou o conv\u00eanio para receber a verba de R$ 573.264,35 para realiza\u00e7\u00e3o dos 2\u00b0 Jogos Infantis do Estado de S\u00e3o Paulo Sub-16.<\/p>\n<p style=\"text-align: justify;\">Esta segunda edi\u00e7\u00e3o dos jogos ser\u00e1 realizado na cidade de Dracena pela primeira vez, e deve movimentar a cidade entre os dias 26 de setembro e 05 de outubro. S\u00e3o esperados mais de 3.000 atletas de todas as partes do Estado. As modalidades em disputa ser\u00e3o as seguintes: atletismo, badminton, basquetebol, futsal, gin\u00e1stica art\u00edstica, handebol, karat\u00ea, nata\u00e7\u00e3o, voleibol e v\u00f4lei de praia.<\/p>\n<p style=\"text-align: justify;\">Os 2\u00ba Jogos Infantis do Estado de S\u00e3o Paulo s\u00e3o destinados \u00e0s representa\u00e7\u00f5es municipais com atletas com Idade m\u00e1xima de 16 anos, completos ou a completar no ano da realiza\u00e7\u00e3o do evento (nascidos at\u00e9 2003) e a Idade m\u00ednima de 12 anos (nascido em 2007).<\/p>\n<p style=\"text-align: justify;\">A fase final dos Jogos Infantis em Dracena receber\u00e1 as seguintes DREL&#8217;s (Delegacia Regional de Esporte e Lazer): DREL de Ara\u00e7atuba, DREL de Araraquara, DREL de Barretos, DREL de Bauru, DREL de Campinas, DREL de Franca, DREL de Grande S\u00e3o Paulo, DREL de Mar\u00edlia, DREL de Presidente Prudente, DREL de Riveir\u00e3o Preto, DREL de Santos, S\u00e3o Jos\u00e9 dos Campos, DREL de S\u00e3o Jos\u00e9 do Rio Preto e DREL de Sorocaba e Dracena como cidade sede.<\/p>\n<p>Fonte: Diretoria de Comunica\u00e7\u00e3o<\/p>\n","protected":false},"excerpt":{"rendered":"<p>O Prefeito de Dracena, assinou o conv\u00eanio para receber a verba de R$ 573.264,35 para realiza\u00e7\u00e3o dos 2\u00b0 Jogos Infantis do Estado de S\u00e3o Paulo Sub-16. Esta segunda edi\u00e7\u00e3o dos jogos ser\u00e1 realizado na cidade de Dracena pela primeira vez, e deve movimentar a cidade entre os dias 26 de setembro e 05 de outubro. [&hellip;]<\/p>\n","protected":false},"author":1,"featured_media":3783,"comment_status":"closed","ping_status":"open","sticky":false,"template":"","format":"standard","meta":{"footnotes":""},"categories":[111],"tags":[],"class_list":["post-3782","post","type-post","status-publish","format-standard","has-post-thumbnail","hentry","category-esporteecultura"],"_links":{"self":[{"href":"https:\/\/jorgezanoni.com.br\/2019\/wp-json\/wp\/v2\/posts\/3782","targetHints":{"allow":["GET"]}}],"collection":[{"href":"https:\/\/jorgezanoni.com.br\/2019\/wp-json\/wp\/v2\/posts"}],"about":[{"href":"https:\/\/jorgezanoni.com.br\/2019\/wp-json\/wp\/v2\/types\/post"}],"author":[{"embeddable":true,"href":"https:\/\/jorgezanoni.com.br\/2019\/wp-json\/wp\/v2\/users\/1"}],"replies":[{"embeddable":true,"href":"https:\/\/jorgezanoni.com.br\/2019\/wp-json\/wp\/v2\/comments?post=3782"}],"version-history":[{"count":0,"href":"https:\/\/jorgezanoni.com.br\/2019\/wp-json\/wp\/v2\/posts\/3782\/revisions"}],"wp:featuredmedia":[{"embeddable":true,"href":"https:\/\/jorgezanoni.com.br\/2019\/wp-json\/wp\/v2\/media\/3783"}],"wp:attachment":[{"href":"https:\/\/jorgezanoni.com.br\/2019\/wp-json\/wp\/v2\/media?parent=3782"}],"wp:term":[{"taxonomy":"category","embeddable":true,"href":"https:\/\/jorgezanoni.com.br\/2019\/wp-json\/wp\/v2\/categories?post=3782"},{"taxonomy":"post_tag","embeddable":true,"href":"https:\/\/jorgezanoni.com.br\/2019\/wp-json\/wp\/v2\/tags?post=3782"}],"curies":[{"name":"wp","href":"https:\/\/api.w.org\/{rel}","templated":true}]}}