{"id":37775,"date":"2020-10-29T01:46:26","date_gmt":"2020-10-29T01:46:26","guid":{"rendered":"https:\/\/jorgezanoni.com.br\/2019\/?p=37775"},"modified":"2020-10-29T01:46:26","modified_gmt":"2020-10-29T01:46:26","slug":"cemiterio-de-dracena-abrira-no-dia-de-finados","status":"publish","type":"post","link":"https:\/\/jorgezanoni.com.br\/2019\/cemiterio-de-dracena-abrira-no-dia-de-finados\/","title":{"rendered":"Cemit\u00e9rio de Dracena abrir\u00e1 no Dia de Finados"},"content":{"rendered":"<div class=\"kvgmc6g5 cxmmr5t8 oygrvhab hcukyx3x c1et5uql ii04i59q\">\n<div dir=\"auto\" style=\"text-align: justify;\">Ap\u00f3s sinal verde do Governo do Estado, Prefeitura de Dracena abrir\u00e1 cemit\u00e9rio municipal no Dia de Finados (02)<\/div>\n<\/div>\n<div class=\"o9v6fnle cxmmr5t8 oygrvhab hcukyx3x c1et5uql ii04i59q\" style=\"text-align: justify;\">\n<div dir=\"auto\">Na decis\u00e3o anterior, o cemit\u00e9rio ficaria fechado apenas no dia 02 de novembro, agora com a nova decis\u00e3o, o cemit\u00e9rio abrir\u00e1 com restri\u00e7\u00f5es.<\/div>\n<\/div>\n<div class=\"o9v6fnle cxmmr5t8 oygrvhab hcukyx3x c1et5uql ii04i59q\" style=\"text-align: justify;\">\n<div dir=\"auto\">Est\u00e1 proibido a realiza\u00e7\u00e3o de cultos e missas no interior do cemit\u00e9rio e todos os protocolos sanit\u00e1rios devem ser respeitados como o uso obrigat\u00f3rio de m\u00e1scara, \u00e1lcool em gel e o distanciamento social.<\/div>\n<\/div>\n<div class=\"o9v6fnle cxmmr5t8 oygrvhab hcukyx3x c1et5uql ii04i59q\" style=\"text-align: justify;\">\n<div dir=\"auto\">Fica registrado a recomenda\u00e7\u00e3o para que as pessoas do grupo de risco permane\u00e7am em casa.<\/div>\n<\/div>\n<div class=\"o9v6fnle cxmmr5t8 oygrvhab hcukyx3x c1et5uql ii04i59q\" style=\"text-align: justify;\">\n<div dir=\"auto\">A Vigil\u00e2ncia Sanit\u00e1ria medir\u00e1 temperatura dos visitantes no port\u00e3o do cemit\u00e9rio no domingo (01) e na segunda-feira (2).<\/div>\n<\/div>\n<div class=\"o9v6fnle cxmmr5t8 oygrvhab hcukyx3x c1et5uql ii04i59q\">\n<div dir=\"auto\" style=\"text-align: justify;\">Segue o abaixo o Decreto Municipal n\u00ba 7.333 de 28 de outubro de 2.020.<\/div>\n<div dir=\"auto\" style=\"text-align: justify;\">Veja o decreto em PDF no site <a class=\"oajrlxb2 g5ia77u1 qu0x051f esr5mh6w e9989ue4 r7d6kgcz rq0escxv nhd2j8a9 nc684nl6 p7hjln8o kvgmc6g5 cxmmr5t8 oygrvhab hcukyx3x jb3vyjys rz4wbd8a qt6c0cv9 a8nywdso i1ao9s8h esuyzwwr f1sip0of lzcic4wl py34i1dx gpro0wi8\" tabindex=\"0\" role=\"link\" href=\"http:\/\/www.dracena.sp.gov.br\/?fbclid=IwAR1gFvcMIt-8-Cicn4PaM6UcqQPet3CxvRNCQWMg14WIT5O-dFDomVKFIGU\" target=\"_blank\" rel=\"nofollow noopener noreferrer\">www.dracena.sp.gov.br<\/a><\/div>\n<\/div>\n","protected":false},"excerpt":{"rendered":"<p>Ap\u00f3s sinal verde do Governo do Estado, Prefeitura de Dracena abrir\u00e1 cemit\u00e9rio municipal no Dia de Finados (02) Na decis\u00e3o anterior, o cemit\u00e9rio ficaria fechado apenas no dia 02 de novembro, agora com a nova decis\u00e3o, o cemit\u00e9rio abrir\u00e1 com restri\u00e7\u00f5es. Est\u00e1 proibido a realiza\u00e7\u00e3o de cultos e missas no interior do cemit\u00e9rio e todos [&hellip;]<\/p>\n","protected":false},"author":1,"featured_media":37776,"comment_status":"closed","ping_status":"open","sticky":false,"template":"","format":"standard","meta":{"footnotes":""},"categories":[179,184,110],"tags":[],"class_list":["post-37775","post","type-post","status-publish","format-standard","has-post-thumbnail","hentry","category-cidadeseregiao","category-dracena","category-noticiasdestaque"],"_links":{"self":[{"href":"https:\/\/jorgezanoni.com.br\/2019\/wp-json\/wp\/v2\/posts\/37775","targetHints":{"allow":["GET"]}}],"collection":[{"href":"https:\/\/jorgezanoni.com.br\/2019\/wp-json\/wp\/v2\/posts"}],"about":[{"href":"https:\/\/jorgezanoni.com.br\/2019\/wp-json\/wp\/v2\/types\/post"}],"author":[{"embeddable":true,"href":"https:\/\/jorgezanoni.com.br\/2019\/wp-json\/wp\/v2\/users\/1"}],"replies":[{"embeddable":true,"href":"https:\/\/jorgezanoni.com.br\/2019\/wp-json\/wp\/v2\/comments?post=37775"}],"version-history":[{"count":0,"href":"https:\/\/jorgezanoni.com.br\/2019\/wp-json\/wp\/v2\/posts\/37775\/revisions"}],"wp:featuredmedia":[{"embeddable":true,"href":"https:\/\/jorgezanoni.com.br\/2019\/wp-json\/wp\/v2\/media\/37776"}],"wp:attachment":[{"href":"https:\/\/jorgezanoni.com.br\/2019\/wp-json\/wp\/v2\/media?parent=37775"}],"wp:term":[{"taxonomy":"category","embeddable":true,"href":"https:\/\/jorgezanoni.com.br\/2019\/wp-json\/wp\/v2\/categories?post=37775"},{"taxonomy":"post_tag","embeddable":true,"href":"https:\/\/jorgezanoni.com.br\/2019\/wp-json\/wp\/v2\/tags?post=37775"}],"curies":[{"name":"wp","href":"https:\/\/api.w.org\/{rel}","templated":true}]}}