{"id":3777,"date":"2019-08-13T15:21:20","date_gmt":"2019-08-13T15:21:20","guid":{"rendered":"https:\/\/jorgezanoni.com.br\/2019\/?p=3777"},"modified":"2019-08-13T15:21:20","modified_gmt":"2019-08-13T15:21:20","slug":"agentes-apresentam-a-camara-manifesto-contra-mas-condicoes-de-trabalho-e-superlotacao-na-penitenciaria","status":"publish","type":"post","link":"https:\/\/jorgezanoni.com.br\/2019\/agentes-apresentam-a-camara-manifesto-contra-mas-condicoes-de-trabalho-e-superlotacao-na-penitenciaria\/","title":{"rendered":"Agentes apresentam \u00e0 C\u00e2mara manifesto contra m\u00e1s condi\u00e7\u00f5es de trabalho e superlota\u00e7\u00e3o na penitenci\u00e1ria"},"content":{"rendered":"<p style=\"text-align: justify;\">Agentes de seguran\u00e7a penitenci\u00e1ria da unidade de Junqueir\u00f3polis, apresentaram aos vereadores na sess\u00e3o da C\u00e2mara de segunda-feira, 12, 20h, manifesto relatando as dificuldades para o desempenho de suas atividades, devido a superlota\u00e7\u00e3o e m\u00e1s condi\u00e7\u00f5es de trabalho no pres\u00eddio.<\/p>\n<p style=\"text-align: justify;\">No documento, os agentes expressam a preocupa\u00e7\u00e3o nas \u00e1reas de seguran\u00e7a, disciplina e social da unidade e a superlota\u00e7\u00e3o carcer\u00e1ria na unidade. SUPERLOTA\u00c7\u00c3O-Informam que o pres\u00eddio tem capacidade para 792 presos quantidade que j\u00e1 chegou a 2,2 mil detentos. As celas, com capacidade para 6 a 8 sentenciados est\u00e3o com\u00a0 16 a 18.<\/p>\n<p style=\"text-align: justify;\">A penitenci\u00e1ria, explicam possui quatro pavilh\u00f5es e no momento est\u00e1 sendo implantada automa\u00e7\u00e3o das celas que \u00e9 \u00a0realizado em um pavilh\u00e3o por vez,\u00a0 aumentando\u00a0 o n\u00famero de sentenciados nos tr\u00eas pavilh\u00f5es em funcionamento, o que reduz a capacidade total do pres\u00eddio para\u00a0 594 vagas. No entanto, informam que est\u00e1 com cerca de\u00a0 1,6 mil detentos.<\/p>\n<p style=\"text-align: justify;\">A superlota\u00e7\u00e3o, alertam os agentes, aumenta os riscos de seguran\u00e7a dos funcion\u00e1rios e citaram duas situa\u00e7\u00f5es recentes contra os agentes que tiveram a vida em risco uma esganadura sofrida por um agente quando trancava celas no pavilh\u00e3o 2 e a segunda a investida de um preso contra um funcion\u00e1rio com uma forma de espeto no pavilh\u00e3o 4.<\/p>\n<p style=\"text-align: justify;\">Os funcion\u00e1rios chamam a aten\u00e7\u00e3o para outro problema que a superlota\u00e7\u00e3o acarreta,\u00a0 dificulta extremamente no controle de contagem, movimenta\u00e7\u00e3o e entrada dos visitantes, o que agrava com o d\u00e9ficit de funcion\u00e1rios\u00a0 . \u201cA superlota\u00e7\u00e3o degrada o c\u00e1rcere, aumenta a\u00a0 prolifera\u00e7\u00e3o de doen\u00e7as contagiosas, colocando em riscos funcion\u00e1rios, visitas e os presos.<\/p>\n<p style=\"text-align: justify;\">Outro ponto que abordam em consequ\u00eancia das condi\u00e7\u00f5es de trabalho\u00a0 s\u00e3o os casos de servidores que precisam de licen\u00e7a m\u00e9dica\u00a0 para atendimento psicol\u00f3gico.<\/p>\n<p style=\"text-align: justify;\">C\u00c2MARA \u2013 Ap\u00f3s a leitura do manifesto o presidente da C\u00e2mara, Marcos Ruiz, em nome dos vereadores expressou apoio \u00e0s reivindica\u00e7\u00f5es dos agentes e informou que c\u00f3pias dos manifestos com assinaturas dos nove vereadores ser\u00e3o encaminhadas ao governador do Estado, Jo\u00e3o D\u00f3ria, aos deputados estaduais da regi\u00e3o, Ed Thomas, Mauro Bragato e Reinaldo Alguz, ao secret\u00e1rio estadual da Admnistra\u00e7\u00e3o Penitenci\u00e1ria (SAP), Nivaldo C\u00e9sar Restivo e ao diretor do Departamento Estadual de Execu\u00e7\u00f5es Criminais (Decrim) de Presidente Prudente, Luiz Augusto Esteve Mello.<br \/>\n\u201cEssa \u00e9 a forma de somarmos esfor\u00e7os para reverter a situa\u00e7\u00e3o de flagelo que se encontram os pres\u00eddios em todo o pa\u00eds e no nosso caso espec\u00edficos, as condi\u00e7\u00f5es de trabalho relatadas pelos agentes da unidade de Junqueir\u00f3polis\u201d, informou. Na sess\u00e3o estiveram presentes o prefeito H\u00e9lio Furini e a vice, Sofia Rodrigues.<\/p>\n<p style=\"text-align: justify;\">No site da Secretaria de Administra\u00e7\u00e3o Penitenci\u00e1ria (SAP) consta que a Penitenci\u00e1ria de Junqueir\u00f3p\u00f3lis tem capacidade para 873 detentos e a popula\u00e7\u00e3o carcer\u00e1ria no \u00faltimo dia 7\/8, quarta-feira, era de 1.506 presos.<\/p>\n<p><img loading=\"lazy\" decoding=\"async\" class=\"alignnone size-full wp-image-3778\" src=\"https:\/\/jorgezanoni.com.br\/2019\/wp-content\/uploads\/2019\/08\/agentes1.jpeg\" alt=\"\" width=\"768\" height=\"576\" srcset=\"https:\/\/jorgezanoni.com.br\/2019\/wp-content\/uploads\/2019\/08\/agentes1.jpeg 768w, https:\/\/jorgezanoni.com.br\/2019\/wp-content\/uploads\/2019\/08\/agentes1-300x225.jpeg 300w, https:\/\/jorgezanoni.com.br\/2019\/wp-content\/uploads\/2019\/08\/agentes1-80x60.jpeg 80w, https:\/\/jorgezanoni.com.br\/2019\/wp-content\/uploads\/2019\/08\/agentes1-265x198.jpeg 265w, https:\/\/jorgezanoni.com.br\/2019\/wp-content\/uploads\/2019\/08\/agentes1-696x522.jpeg 696w, https:\/\/jorgezanoni.com.br\/2019\/wp-content\/uploads\/2019\/08\/agentes1-560x420.jpeg 560w\" sizes=\"auto, (max-width: 768px) 100vw, 768px\" \/><\/p>\n<p><strong>Servidores da penitenci\u00e1ria acompanham sess\u00e3o da C\u00e2mara.<\/strong><\/p>\n<p><img loading=\"lazy\" decoding=\"async\" class=\"alignnone size-full wp-image-3779\" src=\"https:\/\/jorgezanoni.com.br\/2019\/wp-content\/uploads\/2019\/08\/agentes2.jpg\" alt=\"\" width=\"420\" height=\"280\" srcset=\"https:\/\/jorgezanoni.com.br\/2019\/wp-content\/uploads\/2019\/08\/agentes2.jpg 420w, https:\/\/jorgezanoni.com.br\/2019\/wp-content\/uploads\/2019\/08\/agentes2-300x200.jpg 300w\" sizes=\"auto, (max-width: 420px) 100vw, 420px\" \/><\/p>\n<p><strong>Penitenci\u00e1ria de Junqueir\u00f3polis, superlota\u00e7\u00e3o acarretam problemas denunciam funcion\u00e1rios.<\/strong><\/p>\n<p>Fonte: junqueiropolisemdia.com.br<\/p>\n","protected":false},"excerpt":{"rendered":"<p>Agentes de seguran\u00e7a penitenci\u00e1ria da unidade de Junqueir\u00f3polis, apresentaram aos vereadores na sess\u00e3o da C\u00e2mara de segunda-feira, 12, 20h, manifesto relatando as dificuldades para o desempenho de suas atividades, devido a superlota\u00e7\u00e3o e m\u00e1s condi\u00e7\u00f5es de trabalho no pres\u00eddio. No documento, os agentes expressam a preocupa\u00e7\u00e3o nas \u00e1reas de seguran\u00e7a, disciplina e social da unidade [&hellip;]<\/p>\n","protected":false},"author":1,"featured_media":3780,"comment_status":"closed","ping_status":"open","sticky":false,"template":"","format":"standard","meta":{"footnotes":""},"categories":[114,110],"tags":[],"class_list":["post-3777","post","type-post","status-publish","format-standard","has-post-thumbnail","hentry","category-geralecomercio","category-noticiasdestaque"],"_links":{"self":[{"href":"https:\/\/jorgezanoni.com.br\/2019\/wp-json\/wp\/v2\/posts\/3777","targetHints":{"allow":["GET"]}}],"collection":[{"href":"https:\/\/jorgezanoni.com.br\/2019\/wp-json\/wp\/v2\/posts"}],"about":[{"href":"https:\/\/jorgezanoni.com.br\/2019\/wp-json\/wp\/v2\/types\/post"}],"author":[{"embeddable":true,"href":"https:\/\/jorgezanoni.com.br\/2019\/wp-json\/wp\/v2\/users\/1"}],"replies":[{"embeddable":true,"href":"https:\/\/jorgezanoni.com.br\/2019\/wp-json\/wp\/v2\/comments?post=3777"}],"version-history":[{"count":0,"href":"https:\/\/jorgezanoni.com.br\/2019\/wp-json\/wp\/v2\/posts\/3777\/revisions"}],"wp:featuredmedia":[{"embeddable":true,"href":"https:\/\/jorgezanoni.com.br\/2019\/wp-json\/wp\/v2\/media\/3780"}],"wp:attachment":[{"href":"https:\/\/jorgezanoni.com.br\/2019\/wp-json\/wp\/v2\/media?parent=3777"}],"wp:term":[{"taxonomy":"category","embeddable":true,"href":"https:\/\/jorgezanoni.com.br\/2019\/wp-json\/wp\/v2\/categories?post=3777"},{"taxonomy":"post_tag","embeddable":true,"href":"https:\/\/jorgezanoni.com.br\/2019\/wp-json\/wp\/v2\/tags?post=3777"}],"curies":[{"name":"wp","href":"https:\/\/api.w.org\/{rel}","templated":true}]}}