{"id":37763,"date":"2020-10-28T22:04:41","date_gmt":"2020-10-28T22:04:41","guid":{"rendered":"https:\/\/jorgezanoni.com.br\/2019\/?p=37763"},"modified":"2020-10-28T22:18:11","modified_gmt":"2020-10-28T22:18:11","slug":"hoje-e-dia-do-flamenguista-torcedores-de-dracena-comemoram-a-data","status":"publish","type":"post","link":"https:\/\/jorgezanoni.com.br\/2019\/hoje-e-dia-do-flamenguista-torcedores-de-dracena-comemoram-a-data\/","title":{"rendered":"Hoje \u00e9 &#8220;Dia do Flamenguista&#8221;. Torcedores de Dracena comemoram a data"},"content":{"rendered":"<p><strong>Pelo menos 20 amigos de Dracena s\u00e3o torcedores do Clube de Regatas Flamengo, a TORCIDA-FLA.<\/strong><\/p>\n<p><strong>&#8220;Dia do Flamenguista&#8221;<\/strong><\/p>\n<p style=\"text-align: justify;\">O\u00a0<strong>Dia do Flamenguista<\/strong>\u00a0\u00e9 comemorado anualmente em\u00a0<strong>28 de outubro<\/strong>, no Brasil.<\/p>\n<p style=\"text-align: justify;\">A\u00a0<strong>torcida do Flamengo<\/strong>, time carioca de futebol, \u00e9 uma das mais fortes e organizadas do Brasil. A representa\u00e7\u00e3o do Flamengo no Rio de Janeiro \u00e9 t\u00e3o importante que a torcida rubro-negra foi tombada como um Bem Cultural de Natureza Imaterial da cidade do Rio de Janeiro.<\/p>\n<p style=\"text-align: justify;\">Al\u00e9m disso, em 2013, a prefeitura do Rio de Janeiro reconheceu os gols de Zico no Maracan\u00e3, como Bem Cultural de Natureza Imaterial.<\/p>\n<p style=\"text-align: justify;\"><img loading=\"lazy\" decoding=\"async\" src=\"https:\/\/s.calendarr.com\/upload\/datas\/fl\/am\/flamenguista-2jpg.jpg\" alt=\"Flamengo\" width=\"655\" height=\"368\" \/><\/p>\n<p style=\"text-align: justify;\">Igualmente, a torcida do flamengo ganhou o pr\u00eamio &#8220;Torcida de Ouro&#8221; do Campeonato Brasileiro de 2007, entregue pela Confedera\u00e7\u00e3o Brasileira de Futebol &#8211; CBF.<\/p>\n<p style=\"text-align: justify;\">Os flamenguistas somam\u00a0<strong>33 milh\u00f5es de pessoas<\/strong>\u00a0e, segundo a FIFA ( Federa\u00e7\u00e3o Internacional de Futebol), o time rubro-negro tem a maior torcida do mundo.<\/p>\n<h2 style=\"text-align: justify;\">Origem do Dia do Flamenguista<\/h2>\n<p style=\"text-align: justify;\">O\u00a0<strong>Dia do Flamenguista<\/strong>\u00a0\u00e9 comemorado em\u00a0<strong>28 de Outubro\u00a0<\/strong>por ser este o dia do padroeiro do time,<strong>\u00a0S\u00e3o Judas Tadeu<\/strong>, conhecido por ser o &#8220;santo das causas imposs\u00edveis&#8221;.<\/p>\n<p style=\"text-align: justify;\">Todos os anos, o time faz uma missa na capela da S\u00e3o Judas Tadeu, na sede do Flamengo no Rio de Janeiro, com a presen\u00e7a de todos os jogadores, torcedores e dirigentes do time.<\/p>\n<p style=\"text-align: justify;\">O Dia do Torcedor Flamenguista foi institu\u00eddo pela Lei n\u00ba 4679<strong>,<\/strong>\u00a0de 15 de Outubro de 2007, pelo prefeito C\u00e9sar Maia, com base na proposta do vereador Jorge Mauro.<\/p>\n<p style=\"text-align: justify;\">A data j\u00e1 faz parte do calend\u00e1rio oficial da cidade do Rio de Janeiro.<\/p>\n<p style=\"text-align: justify;\">Fonte: https:\/\/www.calendarr.com\/brasil\/dia-do-flamenguista\/<\/p>\n<p style=\"text-align: justify;\"><strong>NESTE LINK, O HINO DO FLAMENTO:<\/strong> https:\/\/www.youtube.com\/watch?v=Sx86-18V3m8<\/p>\n<p><strong>IMAGENS DOS DRACENENSES:\u00a0<\/strong><\/p>\n<p><img loading=\"lazy\" decoding=\"async\" class=\"alignnone size-full wp-image-37764\" src=\"https:\/\/jorgezanoni.com.br\/2019\/wp-content\/uploads\/2020\/10\/Jogador-Vinicius-Junior-e-Draena.jpg\" alt=\"\" width=\"960\" height=\"1280\" srcset=\"https:\/\/jorgezanoni.com.br\/2019\/wp-content\/uploads\/2020\/10\/Jogador-Vinicius-Junior-e-Draena.jpg 960w, https:\/\/jorgezanoni.com.br\/2019\/wp-content\/uploads\/2020\/10\/Jogador-Vinicius-Junior-e-Draena-225x300.jpg 225w, https:\/\/jorgezanoni.com.br\/2019\/wp-content\/uploads\/2020\/10\/Jogador-Vinicius-Junior-e-Draena-768x1024.jpg 768w, https:\/\/jorgezanoni.com.br\/2019\/wp-content\/uploads\/2020\/10\/Jogador-Vinicius-Junior-e-Draena-696x928.jpg 696w, https:\/\/jorgezanoni.com.br\/2019\/wp-content\/uploads\/2020\/10\/Jogador-Vinicius-Junior-e-Draena-315x420.jpg 315w\" sizes=\"auto, (max-width: 960px) 100vw, 960px\" \/>Jogador Vinicius Junior e Silas de Dracena<\/p>\n<p><img loading=\"lazy\" decoding=\"async\" class=\"alignnone size-full wp-image-37765\" src=\"https:\/\/jorgezanoni.com.br\/2019\/wp-content\/uploads\/2020\/10\/Silas-de-Dracena-e-o-jogador-L\u00e9o-Moura.jpg\" alt=\"\" width=\"768\" height=\"1024\" srcset=\"https:\/\/jorgezanoni.com.br\/2019\/wp-content\/uploads\/2020\/10\/Silas-de-Dracena-e-o-jogador-L\u00e9o-Moura.jpg 768w, https:\/\/jorgezanoni.com.br\/2019\/wp-content\/uploads\/2020\/10\/Silas-de-Dracena-e-o-jogador-L\u00e9o-Moura-225x300.jpg 225w, https:\/\/jorgezanoni.com.br\/2019\/wp-content\/uploads\/2020\/10\/Silas-de-Dracena-e-o-jogador-L\u00e9o-Moura-696x928.jpg 696w, https:\/\/jorgezanoni.com.br\/2019\/wp-content\/uploads\/2020\/10\/Silas-de-Dracena-e-o-jogador-L\u00e9o-Moura-315x420.jpg 315w\" sizes=\"auto, (max-width: 768px) 100vw, 768px\" \/>Silas de Dracena e o jogador L\u00e9o Moura<\/p>\n<p><img loading=\"lazy\" decoding=\"async\" class=\"alignnone size-full wp-image-37766\" src=\"https:\/\/jorgezanoni.com.br\/2019\/wp-content\/uploads\/2020\/10\/Familia-1.jpg\" alt=\"\" width=\"1280\" height=\"872\" srcset=\"https:\/\/jorgezanoni.com.br\/2019\/wp-content\/uploads\/2020\/10\/Familia-1.jpg 1280w, https:\/\/jorgezanoni.com.br\/2019\/wp-content\/uploads\/2020\/10\/Familia-1-300x204.jpg 300w, https:\/\/jorgezanoni.com.br\/2019\/wp-content\/uploads\/2020\/10\/Familia-1-1024x698.jpg 1024w, https:\/\/jorgezanoni.com.br\/2019\/wp-content\/uploads\/2020\/10\/Familia-1-768x523.jpg 768w, https:\/\/jorgezanoni.com.br\/2019\/wp-content\/uploads\/2020\/10\/Familia-1-218x150.jpg 218w, https:\/\/jorgezanoni.com.br\/2019\/wp-content\/uploads\/2020\/10\/Familia-1-696x474.jpg 696w, https:\/\/jorgezanoni.com.br\/2019\/wp-content\/uploads\/2020\/10\/Familia-1-1068x728.jpg 1068w, https:\/\/jorgezanoni.com.br\/2019\/wp-content\/uploads\/2020\/10\/Familia-1-617x420.jpg 617w\" sizes=\"auto, (max-width: 1280px) 100vw, 1280px\" \/>Fam\u00edlia do Pastor Renato Alves flamenguista de carteirinha<\/p>\n<p><img loading=\"lazy\" decoding=\"async\" class=\"alignnone size-full wp-image-37767\" src=\"https:\/\/jorgezanoni.com.br\/2019\/wp-content\/uploads\/2020\/10\/Rodnei.jpg\" alt=\"\" width=\"560\" height=\"1152\" srcset=\"https:\/\/jorgezanoni.com.br\/2019\/wp-content\/uploads\/2020\/10\/Rodnei.jpg 560w, https:\/\/jorgezanoni.com.br\/2019\/wp-content\/uploads\/2020\/10\/Rodnei-146x300.jpg 146w, https:\/\/jorgezanoni.com.br\/2019\/wp-content\/uploads\/2020\/10\/Rodnei-498x1024.jpg 498w, https:\/\/jorgezanoni.com.br\/2019\/wp-content\/uploads\/2020\/10\/Rodnei-204x420.jpg 204w\" sizes=\"auto, (max-width: 560px) 100vw, 560px\" \/>Jogadores Rodnei e Rodrigo Caio ladeando o Pastor Renato<\/p>\n<p>&nbsp;<\/p>\n<p style=\"text-align: justify;\">\n","protected":false},"excerpt":{"rendered":"<p>Pelo menos 20 amigos de Dracena s\u00e3o torcedores do Clube de Regatas Flamengo, a TORCIDA-FLA. &#8220;Dia do Flamenguista&#8221; O\u00a0Dia do Flamenguista\u00a0\u00e9 comemorado anualmente em\u00a028 de outubro, no Brasil. A\u00a0torcida do Flamengo, time carioca de futebol, \u00e9 uma das mais fortes e organizadas do Brasil. A representa\u00e7\u00e3o do Flamengo no Rio de Janeiro \u00e9 t\u00e3o importante [&hellip;]<\/p>\n","protected":false},"author":1,"featured_media":37768,"comment_status":"closed","ping_status":"open","sticky":false,"template":"","format":"standard","meta":{"footnotes":""},"categories":[111],"tags":[],"class_list":["post-37763","post","type-post","status-publish","format-standard","has-post-thumbnail","hentry","category-esporteecultura"],"_links":{"self":[{"href":"https:\/\/jorgezanoni.com.br\/2019\/wp-json\/wp\/v2\/posts\/37763","targetHints":{"allow":["GET"]}}],"collection":[{"href":"https:\/\/jorgezanoni.com.br\/2019\/wp-json\/wp\/v2\/posts"}],"about":[{"href":"https:\/\/jorgezanoni.com.br\/2019\/wp-json\/wp\/v2\/types\/post"}],"author":[{"embeddable":true,"href":"https:\/\/jorgezanoni.com.br\/2019\/wp-json\/wp\/v2\/users\/1"}],"replies":[{"embeddable":true,"href":"https:\/\/jorgezanoni.com.br\/2019\/wp-json\/wp\/v2\/comments?post=37763"}],"version-history":[{"count":0,"href":"https:\/\/jorgezanoni.com.br\/2019\/wp-json\/wp\/v2\/posts\/37763\/revisions"}],"wp:featuredmedia":[{"embeddable":true,"href":"https:\/\/jorgezanoni.com.br\/2019\/wp-json\/wp\/v2\/media\/37768"}],"wp:attachment":[{"href":"https:\/\/jorgezanoni.com.br\/2019\/wp-json\/wp\/v2\/media?parent=37763"}],"wp:term":[{"taxonomy":"category","embeddable":true,"href":"https:\/\/jorgezanoni.com.br\/2019\/wp-json\/wp\/v2\/categories?post=37763"},{"taxonomy":"post_tag","embeddable":true,"href":"https:\/\/jorgezanoni.com.br\/2019\/wp-json\/wp\/v2\/tags?post=37763"}],"curies":[{"name":"wp","href":"https:\/\/api.w.org\/{rel}","templated":true}]}}