{"id":37750,"date":"2020-10-28T15:15:05","date_gmt":"2020-10-28T15:15:05","guid":{"rendered":"https:\/\/jorgezanoni.com.br\/2019\/?p=37750"},"modified":"2020-10-28T15:15:05","modified_gmt":"2020-10-28T15:15:05","slug":"d-e-r-confirma-radar-do-km-646-da-sp-294-esta-funcionando-desde-o-ultimo-dia-12","status":"publish","type":"post","link":"https:\/\/jorgezanoni.com.br\/2019\/d-e-r-confirma-radar-do-km-646-da-sp-294-esta-funcionando-desde-o-ultimo-dia-12\/","title":{"rendered":"D.E.R. confirma: Radar do Km 646 da SP-294, est\u00e1 funcionando desde o \u00faltimo dia 12"},"content":{"rendered":"<p style=\"text-align: justify;\">No in\u00edcio desta semana, principalmente ontem (27), os mais diversos coment\u00e1rios foram feitos em rela\u00e7\u00e3o h\u00e1 um novo Radar instalado nas proximidades de Dracena, inclusive com muitas imagens de multas nas redes sociais.<\/p>\n<p style=\"text-align: justify;\">No Km. 646 + 500 metros em frente a empresa Coimma existe um Radar em opera\u00e7\u00e3o h\u00e1 tempos, por\u00e9m um outro foi instalado no sentido oeste (S\u00e3o Paulo a Panorama) no Km. 646 da Rodovia Comandante Jo\u00e3o Ribeiro de Barros a SP-294.<\/p>\n<p style=\"text-align: justify;\">No dia 24 de setembro o Site Jorge Zanoni fez uma ampla reportagem sobre o N\u00c3O funcionamento desse Radar do Km. 646 (veja mat\u00e9ria no link: https:\/\/jorgezanoni.com.br\/2019\/2020\/09\/24\/imprensa-da-artesp-garante-que-so-o-radar-em-frente-a-coimma-esta-funcionando\/), por\u00e9m a partir do dia 12 de outubro o mesmo entrou em opera\u00e7\u00e3o.<\/p>\n<p style=\"text-align: justify;\">Segundo o D.E.R. informou \u00e0 reportagem do Site Jorge Zanoni, foi homologado e publicado no Di\u00e1rio Oficial da Uni\u00e3o no dia 09\/10\/20 podendo ser consultado no site: www.imprensaoficial.com.br<\/p>\n<p style=\"text-align: justify;\"><strong>Portanto, o Radar realmente est\u00e1 autuando quem passa acima da velocidade permitida no local que \u00e9 de 60 Km\/H desde o dia 10 de outubro.<\/strong><\/p>\n<p style=\"text-align: justify;\">Causa estranheza que nenhum \u00f3rg\u00e3o de imprensa da regi\u00e3o recebeu qualquer comunicado seja da Artesp, DER ou da Concession\u00e1ria Eixo para divulga\u00e7\u00e3o junto aos motoristas que trafegam por essa rodovia.<\/p>\n<p style=\"text-align: justify;\">\n<p>&nbsp;<\/p>\n","protected":false},"excerpt":{"rendered":"<p>No in\u00edcio desta semana, principalmente ontem (27), os mais diversos coment\u00e1rios foram feitos em rela\u00e7\u00e3o h\u00e1 um novo Radar instalado nas proximidades de Dracena, inclusive com muitas imagens de multas nas redes sociais. No Km. 646 + 500 metros em frente a empresa Coimma existe um Radar em opera\u00e7\u00e3o h\u00e1 tempos, por\u00e9m um outro foi [&hellip;]<\/p>\n","protected":false},"author":1,"featured_media":37754,"comment_status":"closed","ping_status":"open","sticky":false,"template":"","format":"standard","meta":{"footnotes":""},"categories":[180,110],"tags":[],"class_list":["post-37750","post","type-post","status-publish","format-standard","has-post-thumbnail","hentry","category-estradastransitoveiculos","category-noticiasdestaque"],"_links":{"self":[{"href":"https:\/\/jorgezanoni.com.br\/2019\/wp-json\/wp\/v2\/posts\/37750","targetHints":{"allow":["GET"]}}],"collection":[{"href":"https:\/\/jorgezanoni.com.br\/2019\/wp-json\/wp\/v2\/posts"}],"about":[{"href":"https:\/\/jorgezanoni.com.br\/2019\/wp-json\/wp\/v2\/types\/post"}],"author":[{"embeddable":true,"href":"https:\/\/jorgezanoni.com.br\/2019\/wp-json\/wp\/v2\/users\/1"}],"replies":[{"embeddable":true,"href":"https:\/\/jorgezanoni.com.br\/2019\/wp-json\/wp\/v2\/comments?post=37750"}],"version-history":[{"count":0,"href":"https:\/\/jorgezanoni.com.br\/2019\/wp-json\/wp\/v2\/posts\/37750\/revisions"}],"wp:featuredmedia":[{"embeddable":true,"href":"https:\/\/jorgezanoni.com.br\/2019\/wp-json\/wp\/v2\/media\/37754"}],"wp:attachment":[{"href":"https:\/\/jorgezanoni.com.br\/2019\/wp-json\/wp\/v2\/media?parent=37750"}],"wp:term":[{"taxonomy":"category","embeddable":true,"href":"https:\/\/jorgezanoni.com.br\/2019\/wp-json\/wp\/v2\/categories?post=37750"},{"taxonomy":"post_tag","embeddable":true,"href":"https:\/\/jorgezanoni.com.br\/2019\/wp-json\/wp\/v2\/tags?post=37750"}],"curies":[{"name":"wp","href":"https:\/\/api.w.org\/{rel}","templated":true}]}}