{"id":3773,"date":"2019-08-13T12:20:27","date_gmt":"2019-08-13T12:20:27","guid":{"rendered":"https:\/\/jorgezanoni.com.br\/2019\/?p=3773"},"modified":"2019-08-13T12:20:27","modified_gmt":"2019-08-13T12:20:27","slug":"manifestacao-em-defesa-dos-direitos-dos-estudantes-em-dracena-dia-13-08","status":"publish","type":"post","link":"https:\/\/jorgezanoni.com.br\/2019\/manifestacao-em-defesa-dos-direitos-dos-estudantes-em-dracena-dia-13-08\/","title":{"rendered":"Manifesta\u00e7\u00e3o em defesa dos direitos dos estudantes em Dracena dia 13\/08"},"content":{"rendered":"<p style=\"font-weight: 400; text-align: justify;\">Nesta Ter\u00e7a-Feira (13\/08) ocorrer\u00e1 em todo o Brasil um ato em defesa da educa\u00e7\u00e3o p\u00fablica, um evento para mostrar como os estudantes s\u00e3o contr\u00e1rios aos cortes e congelamentos de verbas destinadas a educa\u00e7\u00e3o que vem causando problemas para o desenvolvimento acad\u00eamicos dentro de algumas universidades enquanto outras est\u00e3o amea\u00e7adas de terem suas atividades suspensas, n\u00e3o por greve, mas por falta de verba para pagar contas b\u00e1sicas como luz e \u00e1gua.<\/p>\n<p style=\"font-weight: 400; text-align: justify;\">O ato idealizado pela Uni\u00e3o Nacional dos Estudantes \u00e9 chamado de Tsunami e ser\u00e1 o terceiro que ocorrer\u00e1, desta vez em protesto contra o projeto apresentado pelo MEC chamado Future-se. Em Dracena n\u00e3o ser\u00e1 diferente, na Pra\u00e7a Arthur Pagnozzi (Pra\u00e7a da Bandeira) a partir das 17 horas ocorrera um evento, com m\u00fasica ao vivo e debates sobre geopol\u00edtica, economia e todos os temas que levaram a chegar nos cortes que ocorreram na educa\u00e7\u00e3o.<\/p>\n<p style=\"font-weight: 400; text-align: justify;\">O evento est\u00e1 sendo organizado por F\u00e1bio Lopes, filiado da Uni\u00e3o da Juventude Socialista (UJS) apoiado por for\u00e7as pol\u00edticas locais, n\u00f3s pretendemos deixar claro para quem participar o que est\u00e1 acontecendo com quem est\u00e1 sendo afetado diretamente pelas medidas que o governo vem tomando em rela\u00e7\u00e3o a Educa\u00e7\u00e3o e assim conscientizar a popula\u00e7\u00e3o que \u00e9 poss\u00edvel sim lutar pelos seus direitos.<\/p>\n<p style=\"font-weight: 400; text-align: justify;\">Mais informa\u00e7\u00f5es pelo email\u00a0<a href=\"mailto:fabio_alopes@hotmail.com\">fabio_alopes@hotmail.com<\/a>\u00a0ou pelo telefone\/Whatsapp (18)98103-7867<\/p>\n<p style=\"font-weight: 400; text-align: justify;\">F\u00e1bio Arruda Lopes<br \/>\nGraduando de Engenharia de Computa\u00e7\u00e3o pela Funda\u00e7\u00e3o Universidade Virtual do Estado de S\u00e3o Paulo (Univesp)<\/p>\n","protected":false},"excerpt":{"rendered":"<p>Nesta Ter\u00e7a-Feira (13\/08) ocorrer\u00e1 em todo o Brasil um ato em defesa da educa\u00e7\u00e3o p\u00fablica, um evento para mostrar como os estudantes s\u00e3o contr\u00e1rios aos cortes e congelamentos de verbas destinadas a educa\u00e7\u00e3o que vem causando problemas para o desenvolvimento acad\u00eamicos dentro de algumas universidades enquanto outras est\u00e3o amea\u00e7adas de terem suas atividades suspensas, n\u00e3o [&hellip;]<\/p>\n","protected":false},"author":1,"featured_media":3774,"comment_status":"closed","ping_status":"open","sticky":false,"template":"","format":"standard","meta":{"footnotes":""},"categories":[122],"tags":[],"class_list":["post-3773","post","type-post","status-publish","format-standard","has-post-thumbnail","hentry","category-saudeeducacaoeconcurso"],"_links":{"self":[{"href":"https:\/\/jorgezanoni.com.br\/2019\/wp-json\/wp\/v2\/posts\/3773","targetHints":{"allow":["GET"]}}],"collection":[{"href":"https:\/\/jorgezanoni.com.br\/2019\/wp-json\/wp\/v2\/posts"}],"about":[{"href":"https:\/\/jorgezanoni.com.br\/2019\/wp-json\/wp\/v2\/types\/post"}],"author":[{"embeddable":true,"href":"https:\/\/jorgezanoni.com.br\/2019\/wp-json\/wp\/v2\/users\/1"}],"replies":[{"embeddable":true,"href":"https:\/\/jorgezanoni.com.br\/2019\/wp-json\/wp\/v2\/comments?post=3773"}],"version-history":[{"count":0,"href":"https:\/\/jorgezanoni.com.br\/2019\/wp-json\/wp\/v2\/posts\/3773\/revisions"}],"wp:featuredmedia":[{"embeddable":true,"href":"https:\/\/jorgezanoni.com.br\/2019\/wp-json\/wp\/v2\/media\/3774"}],"wp:attachment":[{"href":"https:\/\/jorgezanoni.com.br\/2019\/wp-json\/wp\/v2\/media?parent=3773"}],"wp:term":[{"taxonomy":"category","embeddable":true,"href":"https:\/\/jorgezanoni.com.br\/2019\/wp-json\/wp\/v2\/categories?post=3773"},{"taxonomy":"post_tag","embeddable":true,"href":"https:\/\/jorgezanoni.com.br\/2019\/wp-json\/wp\/v2\/tags?post=3773"}],"curies":[{"name":"wp","href":"https:\/\/api.w.org\/{rel}","templated":true}]}}