{"id":37715,"date":"2020-10-28T01:08:32","date_gmt":"2020-10-28T01:08:32","guid":{"rendered":"https:\/\/jorgezanoni.com.br\/2019\/?p=37715"},"modified":"2020-10-28T01:08:32","modified_gmt":"2020-10-28T01:08:32","slug":"renato-gringo-e-o-novo-candidato-a-prefeito-pelo-pl-em-tupi-paulista","status":"publish","type":"post","link":"https:\/\/jorgezanoni.com.br\/2019\/renato-gringo-e-o-novo-candidato-a-prefeito-pelo-pl-em-tupi-paulista\/","title":{"rendered":"Renato &#8220;Gringo&#8221; \u00e9 o novo candidato a prefeito pelo PL em Tupi Paulista"},"content":{"rendered":"<h3 style=\"text-align: justify;\"><strong>Empres\u00e1rio assume o lugar do candidato Jo\u00e3o Ferracini, impedido pela justi\u00e7a eleitoral de concorrer ao cargo de Prefeito Municipal nessas elei\u00e7\u00f5es.<\/strong><\/h3>\n<div>\n<div style=\"text-align: justify;\">O Partido Liberal (PL) de Tupi Paulista, confirmou neste \u00faltimo final de semana o nome do empres\u00e1rio Renato Ramalho Suzuki Fernandes &#8220;Gringo&#8221; 30 anos, como concorrente ao cargo de prefeito municipal nas elei\u00e7\u00f5es municipais do pr\u00f3ximo dia 15 de novembro pela Coliga\u00e7\u00e3o &#8220;Com Trabalho e Compet\u00eancia Podemos Mais&#8221; composta pelos partidos PL, PTB e PODE. Ele ter\u00e1 como vice na chapa, Agnaldo Cenedesi Junior, popular &#8220;Birr\u00e3o&#8221; ambos do mesmo partido.<\/div>\n<\/div>\n<div style=\"text-align: justify;\"><\/div>\n<div style=\"text-align: justify;\">Filho do saudoso empres\u00e1rio, pecuarista e vereador &#8220;S\u00e9rgio Donizete Fernandes Balestra, &#8220;Gringo&#8221; e da advogada Roseli Ramalho Fernandes, Renato preserva a tradi\u00e7\u00e3o familiar e traz o DNA dos pais no campo empresarial.<\/div>\n<div style=\"text-align: justify;\"><\/div>\n<div style=\"text-align: justify;\">Casado com a dentista Nathalia Suzuki Fernandes, o casal enxergou no empreendedorismo o ponto de partida como uma carreira de sucesso, e decidiram investir no neg\u00f3cio. Hoje, Renato e Nathalia s\u00e3o s\u00f3cios propriet\u00e1rios das maiores redes de clinicas M\u00e9dicas e Odontol\u00f3gicas da Nova Alta Paulista, com destaque para as empresas OdontoCompany e Partmed, respons\u00e1veis pela capacita\u00e7\u00e3o profissional e gera\u00e7\u00e3o direita de in\u00fameros empregos para a cidade e regi\u00e3o.<\/div>\n<div style=\"text-align: justify;\"><\/div>\n<div style=\"text-align: justify;\">Dentre outras atribui\u00e7\u00f5es, Renato foi respons\u00e1vel pela reorganiza\u00e7\u00e3o do Tupi Paulista T\u00eanis a partir de 2017. O sucedido empres\u00e1rio \u00e9 amante e apoiador do esporte amador no munic\u00edpio, onde participou de in\u00fameras competi\u00e7\u00f5es esportivas.<\/div>\n<div style=\"text-align: justify;\"><\/div>\n<div style=\"text-align: justify;\">Com uma condi\u00e7\u00e3o confort\u00e1vel, Gringo decidiu encarar os desafios da pol\u00edtica local. Pensando no bem estar da comunidade e no desenvolvimento social do munic\u00edpio, o empres\u00e1rio tupiense garante, que com esfor\u00e7o e dedica\u00e7\u00e3o, pretende juntamente com sua equipe, desenvolver um trabalho buscando alternativas vi\u00e1veis que possam garantir a todos uma coloca\u00e7\u00e3o no mercado de trabalho. Gringo garante, que somente atrav\u00e9s de pol\u00edticas inteligentes \u00e9 poss\u00edvel reverter esse cen\u00e1rio ca\u00f3tico que hoje enfrentam nossas fam\u00edlias com a quest\u00e3o do desemprego nacional. &#8220;N\u00e3o resolveremos toda essa quest\u00e3o, mas nos propomos a buscar solu\u00e7\u00f5es que possam amenizar o sofrimento de muitas fam\u00edlias que buscam por um emprego em nossa cidade. Penso que essa deve ser a preocupa\u00e7\u00e3o do bom gestor&#8221;.<\/div>\n<div style=\"text-align: justify;\"><\/div>\n<div style=\"text-align: justify;\">&#8220;No mercado de trabalho, o emprego \u00e9 a locomotiva que garante \u00e0s fam\u00edlias uma sustenta\u00e7\u00e3o digna para todos&#8221;, revela o candidato.<\/div>\n<div><\/div>\n<div>Fonte: Agora News<\/div>\n","protected":false},"excerpt":{"rendered":"<p>Empres\u00e1rio assume o lugar do candidato Jo\u00e3o Ferracini, impedido pela justi\u00e7a eleitoral de concorrer ao cargo de Prefeito Municipal nessas elei\u00e7\u00f5es. O Partido Liberal (PL) de Tupi Paulista, confirmou neste \u00faltimo final de semana o nome do empres\u00e1rio Renato Ramalho Suzuki Fernandes &#8220;Gringo&#8221; 30 anos, como concorrente ao cargo de prefeito municipal nas elei\u00e7\u00f5es municipais [&hellip;]<\/p>\n","protected":false},"author":1,"featured_media":37716,"comment_status":"closed","ping_status":"open","sticky":false,"template":"","format":"standard","meta":{"footnotes":""},"categories":[179,116,185],"tags":[],"class_list":["post-37715","post","type-post","status-publish","format-standard","has-post-thumbnail","hentry","category-cidadeseregiao","category-politicaeeconomia","category-tupipaulista"],"_links":{"self":[{"href":"https:\/\/jorgezanoni.com.br\/2019\/wp-json\/wp\/v2\/posts\/37715","targetHints":{"allow":["GET"]}}],"collection":[{"href":"https:\/\/jorgezanoni.com.br\/2019\/wp-json\/wp\/v2\/posts"}],"about":[{"href":"https:\/\/jorgezanoni.com.br\/2019\/wp-json\/wp\/v2\/types\/post"}],"author":[{"embeddable":true,"href":"https:\/\/jorgezanoni.com.br\/2019\/wp-json\/wp\/v2\/users\/1"}],"replies":[{"embeddable":true,"href":"https:\/\/jorgezanoni.com.br\/2019\/wp-json\/wp\/v2\/comments?post=37715"}],"version-history":[{"count":0,"href":"https:\/\/jorgezanoni.com.br\/2019\/wp-json\/wp\/v2\/posts\/37715\/revisions"}],"wp:featuredmedia":[{"embeddable":true,"href":"https:\/\/jorgezanoni.com.br\/2019\/wp-json\/wp\/v2\/media\/37716"}],"wp:attachment":[{"href":"https:\/\/jorgezanoni.com.br\/2019\/wp-json\/wp\/v2\/media?parent=37715"}],"wp:term":[{"taxonomy":"category","embeddable":true,"href":"https:\/\/jorgezanoni.com.br\/2019\/wp-json\/wp\/v2\/categories?post=37715"},{"taxonomy":"post_tag","embeddable":true,"href":"https:\/\/jorgezanoni.com.br\/2019\/wp-json\/wp\/v2\/tags?post=37715"}],"curies":[{"name":"wp","href":"https:\/\/api.w.org\/{rel}","templated":true}]}}