{"id":37712,"date":"2020-10-28T00:34:49","date_gmt":"2020-10-28T00:34:49","guid":{"rendered":"https:\/\/jorgezanoni.com.br\/2019\/?p=37712"},"modified":"2020-10-28T00:34:49","modified_gmt":"2020-10-28T00:34:49","slug":"ecap-unifadra-barbara-antunes-trara-o-tema-obesidade-para-o-evento","status":"publish","type":"post","link":"https:\/\/jorgezanoni.com.br\/2019\/ecap-unifadra-barbara-antunes-trara-o-tema-obesidade-para-o-evento\/","title":{"rendered":"ECAP UNIFADRA: Barbara Antunes trar\u00e1 o tema Obesidade para o evento"},"content":{"rendered":"<p dir=\"ltr\" style=\"text-align: justify;\">A convidada Prof. Dra. Barbara de Moura Antunes, p\u00f3s-doutoranda na UNESP Campus de Bauru, participar\u00e1 do ECAP 2020 (Encontro Cient\u00edfico da Alta Paulista) no dia 11 de novembro. O evento, realizado anualmente pela Unifadra, este ano ser\u00e1 na modalidade on-line.<br \/>\nBarbara Antunes abordar\u00e1 o tema &#8220;A complexidade por tr\u00e1s da obesidade&#8221;, falando sobre a doen\u00e7a. A obesidade \u00e9 a doen\u00e7a mais prevalente no mundo moderno, sendo considerada pela OMS como uma pandemia, que acarreta problemas de sa\u00fade p\u00fablica no Brasil e em pa\u00edses distribu\u00eddos em todos os continentes. A obesidade tamb\u00e9m est\u00e1 associada \u00e0 etiologia das Doen\u00e7as Cr\u00f4nicas n\u00e3o Transmiss\u00edveis (DCNTs), especialmente diabetes e doen\u00e7as cardiovasculares. Neste sentido, o entendimento dos mecanismos que permeiam este dist\u00farbio metab\u00f3lico \u00e9 fundamental para a adequar o programa de treinamento f\u00edsico, bem como compreender como os fatores psicol\u00f3gicos e nutricionais modulam os fatores inflamat\u00f3rios perif\u00e9ricos e centrais que comp\u00f5em o quadro patol\u00f3gico da doen\u00e7a.<\/p>\n<p dir=\"ltr\" style=\"text-align: justify;\">&#8220;No \u00e2mbito do exerc\u00edcio f\u00edsico, a prescri\u00e7\u00e3o de treinamento para indiv\u00edduos com obesidade ultrapassa a barreira do &#8216;aumentar o gasto energ\u00e9tico e diminuir a ingest\u00e3o cal\u00f3rica&#8217; para promover redu\u00e7\u00e3o da gordura corporal. Antes de orientar uma rotina de exerc\u00edcio f\u00edsico, o profissional de Educa\u00e7\u00e3o F\u00edsica (e outros profissionais da \u00e1rea da sa\u00fade) necessita dominar informa\u00e7\u00f5es primordiais para alcan\u00e7ar os objetivos tra\u00e7ados junto com seu aluno\/paciente e esta palestra poder\u00e1 norte\u00e1-los sobre como atuar nos mais diversos espectros que constituem a obesidade, partindo do conhecimento da sua complexidade&#8221;, explicou a palestrante convidada.<\/p>\n<p dir=\"ltr\" style=\"text-align: justify;\">Barbara de Moura Antunes \u00e9 graduada em Educa\u00e7\u00e3o F\u00edsica pela Universidade Estadual Paulista &#8220;J\u00falio de Mesquita Filho&#8221; &#8211; UNESP, Campus de Presidente Prudente, Mestra e Doutora pelo programa de P\u00f3s-Gradua\u00e7\u00e3o em Ci\u00eancias da Motricidade na UNESP, Campus de Rio Claro. Realizou Doutorado sandu\u00edche na Universidad de C\u00f3rdoba (Espanha) entre 2016-2017 com aux\u00edlio da BEPE\/FAPESP. Atualmente realiza o P\u00f3s-Doutorado na UNESP, Campus de Bauru, com bolsa FAPESP. \u00c9 integrante do Grupo de Estudo em Imunometabolismo e do Laborat\u00f3rio de Fisiologia Celular do Exerc\u00edcio (LaFICE), vinculado a UNESP de Presidente Prudente, e do Laborat\u00f3rio de Fisiologia e Desempenho Esportivo (LAFIDE) vinculado a UNESP de Bauru. Tamb\u00e9m \u00e9 Membro da International Society of Exercise and Immunology e tem como linha de pesquisa: Inflama\u00e7\u00e3o, Imunometabolismo, Exerc\u00edcio F\u00edsico como Estrat\u00e9gia Anti-inflamat\u00f3ria, Sistema Imune e Sa\u00fade.<\/p>\n<p dir=\"ltr\" style=\"text-align: justify;\">O evento ser\u00e1 gratuito. Para participar, inscreva-se pelo site: <a href=\"https:\/\/fundec.edu.br\/unifadra\/ecap\" target=\"_blank\" rel=\"noopener noreferrer\">https:\/\/fundec.edu.br\/unifadra\/ecap<\/a> . Para mais informa\u00e7\u00f5es: (18) 3821-9004 ou <a href=\"mailto:ecapunifadra@fundec.edu.br\" rel=\"noreferrer\">ecapunifadra@fundec.edu.br<\/a> .<span id=\"gmail-docs-internal-guid-23e9d026-7fff-72fe-9320-fb76f1f4f1f5\"><\/span><\/p>\n<div style=\"text-align: justify;\">Foto:\u00a0 Prof. Dra. Barbara de Moura Antunes, convidada para o ECAP 2020.<\/div>\n<div style=\"text-align: justify;\"><\/div>\n<div class=\"gmail_signature\" dir=\"ltr\">\n<div dir=\"ltr\" style=\"text-align: justify;\">Carolina Colnago<br \/>\nAssistente de Comunica\u00e7\u00e3o<br \/>\nFunda\u00e7\u00e3o Dracenense de Educa\u00e7\u00e3o e Cultura<\/div>\n<\/div>\n","protected":false},"excerpt":{"rendered":"<p>A convidada Prof. Dra. Barbara de Moura Antunes, p\u00f3s-doutoranda na UNESP Campus de Bauru, participar\u00e1 do ECAP 2020 (Encontro Cient\u00edfico da Alta Paulista) no dia 11 de novembro. O evento, realizado anualmente pela Unifadra, este ano ser\u00e1 na modalidade on-line. Barbara Antunes abordar\u00e1 o tema &#8220;A complexidade por tr\u00e1s da obesidade&#8221;, falando sobre a doen\u00e7a. [&hellip;]<\/p>\n","protected":false},"author":1,"featured_media":37713,"comment_status":"closed","ping_status":"open","sticky":false,"template":"","format":"standard","meta":{"footnotes":""},"categories":[122],"tags":[],"class_list":["post-37712","post","type-post","status-publish","format-standard","has-post-thumbnail","hentry","category-saudeeducacaoeconcurso"],"_links":{"self":[{"href":"https:\/\/jorgezanoni.com.br\/2019\/wp-json\/wp\/v2\/posts\/37712","targetHints":{"allow":["GET"]}}],"collection":[{"href":"https:\/\/jorgezanoni.com.br\/2019\/wp-json\/wp\/v2\/posts"}],"about":[{"href":"https:\/\/jorgezanoni.com.br\/2019\/wp-json\/wp\/v2\/types\/post"}],"author":[{"embeddable":true,"href":"https:\/\/jorgezanoni.com.br\/2019\/wp-json\/wp\/v2\/users\/1"}],"replies":[{"embeddable":true,"href":"https:\/\/jorgezanoni.com.br\/2019\/wp-json\/wp\/v2\/comments?post=37712"}],"version-history":[{"count":0,"href":"https:\/\/jorgezanoni.com.br\/2019\/wp-json\/wp\/v2\/posts\/37712\/revisions"}],"wp:featuredmedia":[{"embeddable":true,"href":"https:\/\/jorgezanoni.com.br\/2019\/wp-json\/wp\/v2\/media\/37713"}],"wp:attachment":[{"href":"https:\/\/jorgezanoni.com.br\/2019\/wp-json\/wp\/v2\/media?parent=37712"}],"wp:term":[{"taxonomy":"category","embeddable":true,"href":"https:\/\/jorgezanoni.com.br\/2019\/wp-json\/wp\/v2\/categories?post=37712"},{"taxonomy":"post_tag","embeddable":true,"href":"https:\/\/jorgezanoni.com.br\/2019\/wp-json\/wp\/v2\/tags?post=37712"}],"curies":[{"name":"wp","href":"https:\/\/api.w.org\/{rel}","templated":true}]}}