{"id":37700,"date":"2020-10-27T22:40:38","date_gmt":"2020-10-27T22:40:38","guid":{"rendered":"https:\/\/jorgezanoni.com.br\/2019\/?p=37700"},"modified":"2020-10-27T22:40:38","modified_gmt":"2020-10-27T22:40:38","slug":"budismo-e-tema-de-videoconferencia-no-curso-de-historia-da-unifai","status":"publish","type":"post","link":"https:\/\/jorgezanoni.com.br\/2019\/budismo-e-tema-de-videoconferencia-no-curso-de-historia-da-unifai\/","title":{"rendered":"\u201cBudismo\u201d \u00e9 tema de Videoconfer\u00eancia no Curso de Hist\u00f3ria da UNIFAI!"},"content":{"rendered":"<p style=\"text-align: justify;\"><strong><em>\u201cSomos o que pensamos. Tudo o que somos surge com nossos pensamentos. Com nossos pensamentos, fazemos o nosso mundo.\u201d (Buda)<\/em><\/strong><\/p>\n<p style=\"text-align: justify;\"><strong><em>S\u00e9rgio Barbosa (*)<\/em><\/strong><\/p>\n<p style=\"text-align: justify;\">Realizou-se nesta segunda-feira, 26, das 21h30 \u00e0s 22h30, a videoconfer\u00eancia, a saber: <strong>\u201cA Hist\u00f3ria do Budismo: De Sakyamuni at\u00e9 o movimento religioso da Soka Gakkai no Brasil e no Mundo\u201d<\/strong> com o jornalista diplomado, tamb\u00e9m, publicit\u00e1rio diplomado, CARLOS EDUARDO BERTIN de acordo com o Plano de Ensino da Disciplina de HIST\u00d3RIA E RELIIG\u00c3O ministrada no VI termo do Curso de Hist\u00f3ria da UNIFAI&#8230;<\/p>\n<p style=\"text-align: justify;\">Neste contexto plural para as denominadas Grandes Religi\u00f5es da Humanidade, ainda, considerando que o BUDISMO faz parte deste cen\u00e1rio, torna-se necess\u00e1rio estar em conex\u00e3o com o debate mediado pela reflex\u00e3o cr\u00edtica frente aos desafios deste novo tempo novo que se chama hoje&#8230;<\/p>\n<p style=\"text-align: justify;\">Tamb\u00e9m, torna-se fundamental para o conhecimento dos\/as discentes e futuros\/as Historiadores\/as estar em sintonia com convidados\/as que est\u00e3o desenvolvendo ou participando de atividades patrocinadas por esta ou aquela Religi\u00e3o em tempo de p\u00f3s-globaliza\u00e7\u00e3o organizacional&#8230;<\/p>\n<p style=\"text-align: justify;\">Soka Gakkai<\/p>\n<p style=\"text-align: justify;\">A religi\u00e3o Budista est\u00e1 fundamentada integralmente nos ensinamentos de BUDA, portanto, todas as diretrizes e demais orienta\u00e7\u00f5es s\u00e3o de acordo com o mesmo, ainda, existem diversas vertentes que atuam em n\u00edvel mundial e todas com o objetivo de divulgar a proposta mediada pelo Budismo&#8230;<\/p>\n<p style=\"text-align: justify;\">A comunidade Budista \u00e9 fundada no Brasil em 1.960 por meio das atividades de IKEDA e denomina-se SOKA GAKKAI e atua\u00e7\u00e3o por meio da BSGI-Associa\u00e7\u00e3o Brasil Soka Gakkai Internacional, assim, pode-se afirmar que s\u00e3o sete d\u00e9cadas de presen\u00e7a no territ\u00f3rio brasileiro&#8230;<\/p>\n<p style=\"text-align: justify;\">De acordo com o palestrante CARLOS BERTIN, o mesmo destacou o seguinte, a saber: \u201cConversar com os alunos sobre o Budismo foi experi\u00eancia muito significativa, pois pude transmitir todo o meu conhecimento acerca dessa religi\u00e3o e ao mesmo aprender por meio da intera\u00e7\u00e3o com os alunos. Al\u00e9m disso, \u00e9 sempre importante participar de a\u00e7\u00f5es na institui\u00e7\u00e3o que me formou e abriu horizontes. Agrade\u00e7o ao professor e amigo S\u00e9rgio Barbosa e a todos os alunos e alunas pela oportunidade.&#8221;<\/p>\n<p style=\"text-align: justify;\">A utiliza\u00e7\u00e3o da plataforma disponibilizada pela institui\u00e7\u00e3o para docentes e discentes, proporciona in\u00fameras possibilidades de interatividade e criatividade, por\u00e9m, depende sempre do interesse e disponibilidade para ambos os lados, todavia, deve-se estar sempre em conex\u00e3o com as Redes Sociais para sair da \u201ccaixinha\u201d e ponto quase final&#8230;<\/p>\n<p style=\"text-align: justify;\"><em>_________________________________<\/em><\/p>\n<p style=\"text-align: justify;\"><em>(*) jornalista diplomado, cursou teologia na ftimb, mestre em ci\u00eancias da religi\u00e3o pelo ppgcr\/umesp, desenvolveu atividades como pesquisador-colaborador da c\u00e1tedra unesco\/metodista de comunica\u00e7\u00e3o para o desenvolvimento regional (1.998-2.018) e professor dos cursos de hist\u00f3ria e administra\u00e7\u00e3o da unifai.<\/em><\/p>\n<p style=\"text-align: justify;\"><em>\u00a0<\/em><\/p>\n<p style=\"text-align: justify;\">\n<p style=\"text-align: justify;\">\n<p>&nbsp;<\/p>\n","protected":false},"excerpt":{"rendered":"<p>\u201cSomos o que pensamos. Tudo o que somos surge com nossos pensamentos. Com nossos pensamentos, fazemos o nosso mundo.\u201d (Buda) S\u00e9rgio Barbosa (*) Realizou-se nesta segunda-feira, 26, das 21h30 \u00e0s 22h30, a videoconfer\u00eancia, a saber: \u201cA Hist\u00f3ria do Budismo: De Sakyamuni at\u00e9 o movimento religioso da Soka Gakkai no Brasil e no Mundo\u201d com o [&hellip;]<\/p>\n","protected":false},"author":1,"featured_media":37701,"comment_status":"closed","ping_status":"open","sticky":false,"template":"","format":"standard","meta":{"footnotes":""},"categories":[110,118],"tags":[],"class_list":["post-37700","post","type-post","status-publish","format-standard","has-post-thumbnail","hentry","category-noticiasdestaque","category-religiaoesolidariedade"],"_links":{"self":[{"href":"https:\/\/jorgezanoni.com.br\/2019\/wp-json\/wp\/v2\/posts\/37700","targetHints":{"allow":["GET"]}}],"collection":[{"href":"https:\/\/jorgezanoni.com.br\/2019\/wp-json\/wp\/v2\/posts"}],"about":[{"href":"https:\/\/jorgezanoni.com.br\/2019\/wp-json\/wp\/v2\/types\/post"}],"author":[{"embeddable":true,"href":"https:\/\/jorgezanoni.com.br\/2019\/wp-json\/wp\/v2\/users\/1"}],"replies":[{"embeddable":true,"href":"https:\/\/jorgezanoni.com.br\/2019\/wp-json\/wp\/v2\/comments?post=37700"}],"version-history":[{"count":0,"href":"https:\/\/jorgezanoni.com.br\/2019\/wp-json\/wp\/v2\/posts\/37700\/revisions"}],"wp:featuredmedia":[{"embeddable":true,"href":"https:\/\/jorgezanoni.com.br\/2019\/wp-json\/wp\/v2\/media\/37701"}],"wp:attachment":[{"href":"https:\/\/jorgezanoni.com.br\/2019\/wp-json\/wp\/v2\/media?parent=37700"}],"wp:term":[{"taxonomy":"category","embeddable":true,"href":"https:\/\/jorgezanoni.com.br\/2019\/wp-json\/wp\/v2\/categories?post=37700"},{"taxonomy":"post_tag","embeddable":true,"href":"https:\/\/jorgezanoni.com.br\/2019\/wp-json\/wp\/v2\/tags?post=37700"}],"curies":[{"name":"wp","href":"https:\/\/api.w.org\/{rel}","templated":true}]}}