{"id":37678,"date":"2020-10-27T02:00:31","date_gmt":"2020-10-27T02:00:31","guid":{"rendered":"https:\/\/jorgezanoni.com.br\/2019\/?p=37678"},"modified":"2020-10-27T02:00:31","modified_gmt":"2020-10-27T02:00:31","slug":"presos-do-regime-semiaberto-pulam-alambrado-e-fogem-da-penitenciaria-de-presidente-prudente","status":"publish","type":"post","link":"https:\/\/jorgezanoni.com.br\/2019\/presos-do-regime-semiaberto-pulam-alambrado-e-fogem-da-penitenciaria-de-presidente-prudente\/","title":{"rendered":"Presos do regime semiaberto pulam alambrado e fogem da Penitenci\u00e1ria de Presidente Prudente"},"content":{"rendered":"<h2 class=\"content-head__subtitle\" style=\"text-align: justify;\"><strong>Pol\u00edcia Militar recapturou parte dos fugitivos. Secretaria de Administra\u00e7\u00e3o Penitenci\u00e1ria registrou um total de 21 evas\u00f5es.<\/strong><\/h2>\n<div class=\"mc-column content-text active-extra-styles \" data-block-type=\"unstyled\" data-block-weight=\"49\" data-block-id=\"2\">\n<p class=\"content-text__container \" style=\"text-align: justify;\" data-track-category=\"Link no Texto\" data-track-links=\"\">Vinte e um detentos fugiram do Anexo Semiaberto da Penitenci\u00e1ria Wellington Rodrigo Segura, no distrito de Montalv\u00e3o, em\u00a0<a href=\"http:\/\/g1.globo.com\/sp\/presidente-prudente-regiao\/cidade\/presidente-prudente.html\">Presidente Prudente<\/a>. O primeiro caso, com cinco envolvidos, foi registrado na Delegacia Participativa da Pol\u00edcia Civil, neste domingo (25). Na manh\u00e3 desta segunda-feira (26), houve o registro de outras 16 fugas.<\/p>\n<\/div>\n<div class=\"wall protected-content\">\n<div class=\"mc-column content-text active-extra-styles \" style=\"text-align: justify;\" data-block-type=\"unstyled\" data-block-weight=\"28\" data-block-id=\"3\">\n<p class=\"content-text__container \" data-track-category=\"Link no Texto\" data-track-links=\"\">Na noite desta segunda-feira (26), a Secretaria da Administra\u00e7\u00e3o Penitenci\u00e1ria do Estado de S\u00e3o Paulo (SAP) informou que 11 dos fugitivos j\u00e1 tinham sido recapturados pela Pol\u00edcia Militar.<\/p>\n<\/div>\n<div class=\"mc-column content-text active-extra-styles \" style=\"text-align: justify;\" data-block-type=\"unstyled\" data-block-weight=\"39\" data-block-id=\"4\">\n<p class=\"content-text__container \" data-track-category=\"Link no Texto\" data-track-links=\"\">Segundo informou uma testemunha, os indiv\u00edduos, com idades entre 25 e 47 anos, sa\u00edram do corredor externo da penitenci\u00e1ria de regime semiaberto, pularam um port\u00e3o ali existente e seguiram ao setor de lavanderia, onde pularam os alambrados da unidade.<\/p>\n<\/div>\n<div class=\"mc-column content-text active-extra-styles \" style=\"text-align: justify;\" data-block-type=\"unstyled\" data-block-weight=\"13\" data-block-id=\"5\">\n<p class=\"content-text__container \" data-track-category=\"Link no Texto\" data-track-links=\"\">Na sequ\u00eancia, os presos foram em dire\u00e7\u00e3o de um s\u00edtio nas proximidades.<\/p>\n<\/div>\n<div class=\"mc-column content-text active-extra-styles \" style=\"text-align: justify;\" data-block-type=\"unstyled\" data-block-weight=\"22\" data-block-id=\"6\">\n<p class=\"content-text__container \" data-track-category=\"Link no Texto\" data-track-links=\"\">Conforme o registro policial, os internos estavam na cela de inclus\u00e3o por motivo de falta disciplinar ocorrida no \u00faltimo s\u00e1bado (24).<\/p>\n<\/div>\n<div class=\"mc-column content-text active-extra-styles \" style=\"text-align: justify;\" data-block-type=\"unstyled\" data-block-weight=\"11\" data-block-id=\"7\">\n<p class=\"content-text__container \" data-track-category=\"Link no Texto\" data-track-links=\"\">Foram realizadas buscas para localizar os presos, mas sem sucesso.<\/p>\n<\/div>\n<div class=\"mc-column content-text active-extra-styles \" style=\"text-align: justify;\" data-block-type=\"unstyled\" data-block-weight=\"37\" data-block-id=\"8\">\n<p class=\"content-text__container \" data-track-category=\"Link no Texto\" data-track-links=\"\">Entretanto, por volta das 21h, um homem em atitude suspeita foi abordado pela Pol\u00edcia Militar na rampa do Terminal Rodovi\u00e1rio. Quando seus dados foram consultados, os policiais constataram que o indiv\u00edduo era fugitivo do sistema prisional.<\/p>\n<\/div>\n<div class=\"mc-column content-text active-extra-styles \" style=\"text-align: justify;\" data-block-type=\"unstyled\" data-block-weight=\"14\" data-block-id=\"9\">\n<p class=\"content-text__container \" data-track-category=\"Link no Texto\" data-track-links=\"\">O homem, de 25 anos, foi preso e encaminhado \u00e0 Cadeia de Presidente Venceslau.<\/p>\n<\/div>\n<div class=\"content-ads content-ads--reveal\" style=\"text-align: justify;\" data-block-type=\"ads\" data-block-id=\"10\">\n<div id=\"banner_materia2\" class=\"tag-manager-publicidade-container mc-has-reveal mc-has-ad-lazyload\" data-id=\"banner_materia2\"><\/div>\n<\/div>\n<div class=\"mc-column content-text active-extra-styles\" style=\"text-align: justify;\" data-block-type=\"raw\" data-block-weight=\"2\" data-block-id=\"11\">\n<div class=\"content-intertitle\">\n<h2>Mais capturas<\/h2>\n<\/div>\n<\/div>\n<div class=\"mc-column content-text active-extra-styles \" style=\"text-align: justify;\" data-block-type=\"unstyled\" data-block-weight=\"27\" data-block-id=\"12\">\n<p class=\"content-text__container \" data-track-category=\"Link no Texto\" data-track-links=\"\">Por volta das 7h55 desta segunda-feira (26), a Pol\u00edcia Militar capturou mais dois fugitivos do semiaberto de Presidente Prudente, sendo os homens de 37 e 47 anos.<\/p>\n<\/div>\n<div class=\"mc-column content-text active-extra-styles \" style=\"text-align: justify;\" data-block-type=\"unstyled\" data-block-weight=\"32\" data-block-id=\"13\">\n<p class=\"content-text__container \" data-track-category=\"Link no Texto\" data-track-links=\"\">De acordo com o Boletim de Ocorr\u00eancia, ao sa\u00edrem do batalh\u00e3o, os militares foram informados de que duas pessoas em atitude suspeita caminhavam na beira da Rodovia Raposo Tavares (SP-270), ali perto.<\/p>\n<\/div>\n<div class=\"mc-column content-text active-extra-styles \" style=\"text-align: justify;\" data-block-type=\"unstyled\" data-block-weight=\"39\" data-block-id=\"14\">\n<p class=\"content-text__container \" data-track-category=\"Link no Texto\" data-track-links=\"\">A Pol\u00edcia Militar seguiu ao ponto indicado e abordou os homens, que logo se identificaram como foragidos do anexo semiaberto da Penitenci\u00e1ria de Presidente Prudente. Os dados foram verificados e a dupla encaminhada \u00e0 Delegacia Participativa da Pol\u00edcia Civil.<\/p>\n<\/div>\n<div class=\"mc-column content-text active-extra-styles\" style=\"text-align: justify;\" data-block-type=\"raw\" data-block-weight=\"1\" data-block-id=\"15\">\n<div class=\"content-intertitle\">\n<h2>SAP<\/h2>\n<\/div>\n<\/div>\n<div class=\"mc-column content-text active-extra-styles \" style=\"text-align: justify;\" data-block-type=\"unstyled\" data-block-weight=\"26\" data-block-id=\"16\">\n<p class=\"content-text__container \" data-track-category=\"Link no Texto\" data-track-links=\"\">Em nota ao\u00a0<strong>G1<\/strong>, a SAP informou sobre duas evas\u00f5es ocorridas na Penitenci\u00e1ria de Presidente Prudente no \u00faltimo fim de semana, ambas no regime semiaberto.<\/p>\n<\/div>\n<div class=\"mc-column content-text active-extra-styles \" style=\"text-align: justify;\" data-block-type=\"unstyled\" data-block-weight=\"35\" data-block-id=\"17\">\n<p class=\"content-text__container \" data-track-category=\"Link no Texto\" data-track-links=\"\">Al\u00e9m dos cinco presos que serraram a grade do setor de inclus\u00e3o e pularam o alambrado, na madrugada desta segunda-feira (26) outros 16 reeducandos romperam a janela do alojamento e tamb\u00e9m pularam o alambrado.<\/p>\n<\/div>\n<div class=\"mc-column content-text active-extra-styles \" style=\"text-align: justify;\" data-block-type=\"unstyled\" data-block-weight=\"29\" data-block-id=\"18\">\n<p class=\"content-text__container \" data-track-category=\"Link no Texto\" data-track-links=\"\">Em ambos os casos, a Pol\u00edcia Militar foi acionada e recapturou parte dos fugitivos. O Grupo de Interven\u00e7\u00e3o R\u00e1pida (GIR) compareceu \u00e0 unidade para auxiliar na contagem dos presos.<\/p>\n<\/div>\n<div class=\"mc-column content-text active-extra-styles \" data-block-type=\"unstyled\" data-block-weight=\"52\" data-block-id=\"19\">\n<p class=\"content-text__container \" style=\"text-align: justify;\" data-track-category=\"Link no Texto\" data-track-links=\"\">\u201cRessalvamos que as alas de semiaberto n\u00e3o disp\u00f5em de vigil\u00e2ncia armada nem de altas muralhas, sendo cercadas apenas por alambrados. A perman\u00eancia do preso nesse regime se deve mais pela autoconsci\u00eancia do preso do que por mecanismos de conten\u00e7\u00e3o. Os evadidos perder\u00e3o o direito ao semiaberto, regredindo ao fechado\u201d, explicou a SAP.<\/p>\n<p style=\"text-align: justify;\" data-track-category=\"Link no Texto\" data-track-links=\"\">Fonte: G1<\/p>\n<\/div>\n<\/div>\n","protected":false},"excerpt":{"rendered":"<p>Pol\u00edcia Militar recapturou parte dos fugitivos. Secretaria de Administra\u00e7\u00e3o Penitenci\u00e1ria registrou um total de 21 evas\u00f5es. Vinte e um detentos fugiram do Anexo Semiaberto da Penitenci\u00e1ria Wellington Rodrigo Segura, no distrito de Montalv\u00e3o, em\u00a0Presidente Prudente. O primeiro caso, com cinco envolvidos, foi registrado na Delegacia Participativa da Pol\u00edcia Civil, neste domingo (25). Na manh\u00e3 desta [&hellip;]<\/p>\n","protected":false},"author":1,"featured_media":37679,"comment_status":"closed","ping_status":"open","sticky":false,"template":"","format":"standard","meta":{"footnotes":""},"categories":[110,2],"tags":[],"class_list":["post-37678","post","type-post","status-publish","format-standard","has-post-thumbnail","hentry","category-noticiasdestaque","category-policial"],"_links":{"self":[{"href":"https:\/\/jorgezanoni.com.br\/2019\/wp-json\/wp\/v2\/posts\/37678","targetHints":{"allow":["GET"]}}],"collection":[{"href":"https:\/\/jorgezanoni.com.br\/2019\/wp-json\/wp\/v2\/posts"}],"about":[{"href":"https:\/\/jorgezanoni.com.br\/2019\/wp-json\/wp\/v2\/types\/post"}],"author":[{"embeddable":true,"href":"https:\/\/jorgezanoni.com.br\/2019\/wp-json\/wp\/v2\/users\/1"}],"replies":[{"embeddable":true,"href":"https:\/\/jorgezanoni.com.br\/2019\/wp-json\/wp\/v2\/comments?post=37678"}],"version-history":[{"count":0,"href":"https:\/\/jorgezanoni.com.br\/2019\/wp-json\/wp\/v2\/posts\/37678\/revisions"}],"wp:featuredmedia":[{"embeddable":true,"href":"https:\/\/jorgezanoni.com.br\/2019\/wp-json\/wp\/v2\/media\/37679"}],"wp:attachment":[{"href":"https:\/\/jorgezanoni.com.br\/2019\/wp-json\/wp\/v2\/media?parent=37678"}],"wp:term":[{"taxonomy":"category","embeddable":true,"href":"https:\/\/jorgezanoni.com.br\/2019\/wp-json\/wp\/v2\/categories?post=37678"},{"taxonomy":"post_tag","embeddable":true,"href":"https:\/\/jorgezanoni.com.br\/2019\/wp-json\/wp\/v2\/tags?post=37678"}],"curies":[{"name":"wp","href":"https:\/\/api.w.org\/{rel}","templated":true}]}}