{"id":37667,"date":"2020-10-27T01:07:38","date_gmt":"2020-10-27T01:07:38","guid":{"rendered":"https:\/\/jorgezanoni.com.br\/2019\/?p=37667"},"modified":"2020-10-27T01:07:38","modified_gmt":"2020-10-27T01:07:38","slug":"justica-eleitoral-determina-que-em-ate-48-horas-novos-semaforos-sejam-ajustados-sem-destaque-ao-19","status":"publish","type":"post","link":"https:\/\/jorgezanoni.com.br\/2019\/justica-eleitoral-determina-que-em-ate-48-horas-novos-semaforos-sejam-ajustados-sem-destaque-ao-19\/","title":{"rendered":"Justi\u00e7a Eleitoral determina que em at\u00e9 48 horas novos sem\u00e1foros sejam ajustados sem destaque ao 19"},"content":{"rendered":"<p style=\"text-align: justify;\">A pedido da coliga\u00e7\u00e3o &#8220;Todos por Dracena&#8221; dos partidos pol\u00edticos (Republicanos, PROS, DEM e PATRIOTAS),\u00a0 a Justi\u00e7a Eleitoral atrav\u00e9s da Juiza Dra. Aline Sugahara Bertaco, determinou que sob pena de multa, a coliga\u00e7\u00e3o\u00a0 &#8220;Unidos Faremos Mais&#8221; dos partidos pol\u00edticos (PTB\/PODE\/PSB\/PV), mude o in\u00edcio dos novos sem\u00e1foros instalados em Dracena para outro tempo que n\u00e3o seja o n\u00famero 19 o inicial. O prazo para a mudan\u00e7a \u00e9 de at\u00e9 48 Horas podendo incidir multa de R$ 2 a 8 mil reais por dia. Entenda o Processo de pedido e o parecer da Meret\u00edssima Juiza de Direito respons\u00e1vel pelo pleito de 15 de novembro em Dracena.<\/p>\n<p style=\"text-align: justify;\">Justi\u00e7a Eleitoral<br \/>\nPJe &#8211; Processo Judicial Eletr\u00f4nico<\/p>\n<p style=\"text-align: justify;\">N\u00famero: 0600421-49.2020.6.26.0149<br \/>\nClasse: A\u00c7\u00c3O DE INVESTIGA\u00c7\u00c3O JUDICIAL ELEITORAL<br \/>\n\u00d3rg\u00e3o julgador: 149\u00aa ZONA ELEITORAL DE DRACENA SP<br \/>\n\u00daltima distribui\u00e7\u00e3o : 24\/10\/2020<br \/>\nValor da causa: R$ 0,00<br \/>\nAssuntos: Inelegibilidade &#8211; Representa\u00e7\u00e3o ou A\u00e7\u00e3o de Investiga\u00e7\u00e3o Judicial Eleitoral Jugada<br \/>\nProcedente pela Justi\u00e7a Eleitoral<br \/>\nSegredo de justi\u00e7a? N\u00c3O<br \/>\nJusti\u00e7a gratuita? N\u00c3O<br \/>\nPedido de liminar ou antecipa\u00e7\u00e3o de tutela? N\u00c3O<br \/>\nJusti\u00e7a Eleitoral<br \/>\nPJe &#8211; Processo Judicial Eletr\u00f4nico<br \/>\nPartes Procurador\/Terceiro vinculado<br \/>\nANDRE KOZAN LEMOS (AUTOR) WILTON LUIS DE CARVALHO (ADVOGADO)<br \/>\nVALTER FERNANDES (REPRESENTANTE) WILTON LUIS DE CARVALHO (ADVOGADO)<br \/>\nJULIANO BRITO BERTOLINI (INVESTIGADO)<br \/>\nMOISES ANTONIO DE LIMA (INVESTIGADO)<br \/>\nCOLIGA\u00c7\u00c3O UNIDOS FAREMOS MAIS!<br \/>\n(PTB\/PODE\/PSB\/PV) (INVESTIGADO)<br \/>\nPROMOTOR ELEITORAL DO ESTADO DE SAO PAULO<br \/>\n(FISCAL DA LEI)<br \/>\nDocumentos<br \/>\nId. Data da<br \/>\nAssinatura<br \/>\nDocumento Tipo<br \/>\n21080<br \/>\n180<br \/>\n24\/10\/2020 14:33 AIJE Peti\u00e7\u00e3o Inicial Anexa<\/p>\n<p style=\"text-align: justify;\">Termos em que,<br \/>\nPede Deferimento.<br \/>\nCatanduva, 24 de Outubro de 2020.<br \/>\nWILTON LUIS DE CARVALHO<br \/>\nOAB\/SP n\u00ba 227.089<\/p>\n<p style=\"text-align: justify;\"><strong>PARECER DA JU\u00cdZA ELEITORAL DA COMARCA DE DRACENA.<\/strong><\/p>\n<p style=\"text-align: justify;\">TRIBUNAL REGIONAL ELEITORAL DE S\u00c3O PAULO<br \/>\nJU\u00cdZO DA 149\u00aa ZONA ELEITORAL DE DRACENA SP<br \/>\nPROCESSO n\u00ba 0600421-49.2020.6.26.0149<br \/>\nCLASSE PROCESSUAL: A\u00c7\u00c3O DE INVESTIGA\u00c7\u00c3O JUDICIAL ELEITORAL (11527)<br \/>\nAUTOR: ANDRE KOZAN LEMOS<br \/>\nREPRESENTANTE: VALTER FERNANDES<br \/>\nAdvogado do(a) AUTOR: WILTON LUIS DE CARVALHO &#8211; SP227089<br \/>\nAdvogado do(a) REPRESENTANTE: WILTON LUIS DE CARVALHO &#8211; SP227089<br \/>\nINVESTIGADO: JULIANO BRITO BERTOLINI, MOISES ANTONIO DE LIMA, COLIGA\u00c7\u00c3O UNIDOS FAREMOS MAIS!<br \/>\n(PTB\/PODE\/PSB\/PV)<br \/>\nDECIS\u00c3O<br \/>\nTrata-se de representa\u00e7\u00e3o e requerimento de abertura de a\u00e7\u00e3o de investiga\u00e7\u00e3o<br \/>\njudicial eleitoral ajuizada pela COLIGA\u00c7\u00c3O TODOS POR DRACENA 10-REPLUBLICANOS \/ 90- PROS \/ 25-DEM\/ 51-PATRIOTA em face JULIANO BRITO BERTOLINI, MOIS\u00c9S ANTONIO DE LIMA e COLIGA\u00c7\u00c3O UNIDOS FAREMOS MAIS! (PTB\/PODE\/PSB\/PV), com fulcro no art. 22, \u201ccaput\u201d, da LC 64\/90, sob o argumento de que o investigado, na qualidade de atual prefeito municipal de Dracena, alterou todos os tempos dos sem\u00e1foros da cidade, a fim de que os mesmos tivessem o tempo de 19 segundos, mesmo n\u00famero utilizado para sua candidatura, caracterizando o abuso do poder pol\u00edtico em raz\u00e3o da utiliza\u00e7\u00e3o da m\u00e1quina estatal a fim de fazer sua campanha eleitoral, com a estrita finalidade de abusar do poder pol\u00edtico a ele concedido, concluindo pelo car\u00e1ter subliminar da propaganda. Requer a proced\u00eancia da a\u00e7\u00e3o para determinar a cassa\u00e7\u00e3o dos registros ou diplomas dos investigados, bem como a inelegibilidade para as elei\u00e7\u00f5es a se realizarem nos 8 (oito) anos subsequentes \u00e0 elei\u00e7\u00e3o. Apresentou rol de testemunhas e juntou documentos e v\u00eddeos onde se verifica a situa\u00e7\u00e3o descrita na inicial.<br \/>\nO Minist\u00e9rio P\u00fablico Eleitoral requereu a suspens\u00e3o do ato para que os sem\u00e1foros<br \/>\nvoltarem a programa\u00e7\u00e3o anterior de tempo de sinaliza\u00e7\u00e3o.<br \/>\nVieram-me os autos conclusos.<br \/>\n\u00c9 o relat\u00f3rio.<br \/>\nFundamento e Decido.<br \/>\nO artigo 19 da Resolu\u00e7\u00e3o n\u00ba 23.610\/2019 expressamente estabelece a proibi\u00e7\u00e3o de veicula\u00e7\u00e3o de propaganda de qualquer natureza em bens cujo uso dependa de cess\u00e3o ou permiss\u00e3o do poder p\u00fablico, ou que a ele perten\u00e7am, e nos bens de uso comum, inclusive sinaliza\u00e7\u00e3o de tr\u00e1fego.<br \/>\nNum. 23625589 &#8211; P\u00e1g. 1 Assinado eletronicamente por: ALINE SUGAHARA BERTACO &#8211; 26\/10\/2020 15:10:23<br \/>\nhttps:\/\/pje1g.tse.jus.br:443\/pje\/Processo\/ConsultaDocumento\/listView.seam?x=20102615102386300000021803168<br \/>\nN\u00famero do documento: 20102615102386300000021803168<br \/>\nNo caso presente, os documentos e v\u00eddeos colacionados aos autos, demonstrando a altera\u00e7\u00e3o de tempo dos sem\u00e1foros da cidade, a fim de que os mesmos tivessem o tempo de 19 segundos, denotam ilegalidade na conduta, por remeter ao eleitorado, em pleno momento da campanha eleitoral, ao n\u00famero not\u00f3rio e p\u00fablico utilizado pelo candidato \u00e0 reelei\u00e7\u00e3o Sr. Juliano Brito Bertolini, caracterizando propaganda eleitoral subliminar efetuada em bens p\u00fablicos.<br \/>\nPortanto, h\u00e1 probabilidade do direito, devidamente consubstanciada no enquadramento legal dos fatos \u00e0 legisla\u00e7\u00e3o eleitoral e nas imagens e nos v\u00eddeos anexados na pe\u00e7a vestibular de IDs 21082363 e ss e IDs 21082375 e ss que indicam exist\u00eancia de viola\u00e7\u00e3o \u00e0s normas eleitorais referentes \u00e0 campanha eleitoral.<br \/>\nTais fatos indicam a necessidade da antecipa\u00e7\u00e3o de tutela de urg\u00eancia.<br \/>\nPor fim, resta evidente o perigo de dano uma vez que a continuidade de tal pr\u00e1tica p\u00f5e em risco a lisura do pleito eleitoral que se aproxima.<br \/>\nAnte o exposto, com fulcro no artigo 22, inciso I, al\u00ednea \u201cb\u201d, da Lei Complementar n\u00ba 64\/90, DEFIRO A CONCESS\u00c3O DA TUTELA DE URG\u00caNCIA para o fim de determinar a notifica\u00e7\u00e3o dos representados para que, no prazo de 48 (quarenta e oito) horas, restabele\u00e7am a programa\u00e7\u00e3o anterior de tempo de sinaliza\u00e7\u00e3o de todos os sem\u00e1foros da cidade, cessando a propaganda subliminar, sob pena de multa no importe de R$ 2.000,00 a R$ 8.000,00, nos termos do artigo 19, \u00a7 1\u00ba, da Resolu\u00e7\u00e3o n\u00ba 23.610\/2019.<br \/>\nNo mesmo ato, determino, ainda, a cita\u00e7\u00e3o do(s) representado(s) para, no prazo de 05 (cinco) dias, apresentarem de defesa, juntada de documentos e rol de testemunhas (art. 22, I, \u201ca\u201d , LC n\u00ba 64\/90);<br \/>\nEsta decis\u00e3o tem for\u00e7a de mandado\/of\u00edcio. Intima\u00e7\u00f5es necess\u00e1rias.<br \/>\nCumpra-se urgente.<br \/>\nDracena, 26 de outubro de 2020.<br \/>\nALINE SUGAHARA BERTACO<br \/>\nJu\u00edza Eleitoral<\/p>\n<p><strong>VEJA ALGUNS V\u00cdDEOS QUE FORAM ANEXADOS AO PROCESSO INICIAL.<\/strong><\/p>\n<div style=\"width: 696px;\" class=\"wp-video\"><video class=\"wp-video-shortcode\" id=\"video-37667-1\" width=\"696\" height=\"392\" preload=\"metadata\" controls=\"controls\"><source type=\"video\/mp4\" src=\"https:\/\/jorgezanoni.com.br\/2019\/wp-content\/uploads\/2020\/10\/WhatsApp-Video-2020-10-26-at-12.28.54.mp4?_=1\" \/><a href=\"https:\/\/jorgezanoni.com.br\/2019\/wp-content\/uploads\/2020\/10\/WhatsApp-Video-2020-10-26-at-12.28.54.mp4\">https:\/\/jorgezanoni.com.br\/2019\/wp-content\/uploads\/2020\/10\/WhatsApp-Video-2020-10-26-at-12.28.54.mp4<\/a><\/video><\/div>\n<div style=\"width: 696px;\" class=\"wp-video\"><video class=\"wp-video-shortcode\" id=\"video-37667-2\" width=\"696\" height=\"392\" preload=\"metadata\" controls=\"controls\"><source type=\"video\/mp4\" src=\"https:\/\/jorgezanoni.com.br\/2019\/wp-content\/uploads\/2020\/10\/WhatsApp-Video-2020-10-26-at-12.28.53.mp4?_=2\" \/><a href=\"https:\/\/jorgezanoni.com.br\/2019\/wp-content\/uploads\/2020\/10\/WhatsApp-Video-2020-10-26-at-12.28.53.mp4\">https:\/\/jorgezanoni.com.br\/2019\/wp-content\/uploads\/2020\/10\/WhatsApp-Video-2020-10-26-at-12.28.53.mp4<\/a><\/video><\/div>\n<div style=\"width: 696px;\" class=\"wp-video\"><video class=\"wp-video-shortcode\" id=\"video-37667-3\" width=\"696\" height=\"392\" preload=\"metadata\" controls=\"controls\"><source type=\"video\/mp4\" src=\"https:\/\/jorgezanoni.com.br\/2019\/wp-content\/uploads\/2020\/10\/WhatsApp-Video-2020-10-26-at-12.28.52.mp4?_=3\" \/><a href=\"https:\/\/jorgezanoni.com.br\/2019\/wp-content\/uploads\/2020\/10\/WhatsApp-Video-2020-10-26-at-12.28.52.mp4\">https:\/\/jorgezanoni.com.br\/2019\/wp-content\/uploads\/2020\/10\/WhatsApp-Video-2020-10-26-at-12.28.52.mp4<\/a><\/video><\/div>\n<div style=\"width: 696px;\" class=\"wp-video\"><video class=\"wp-video-shortcode\" id=\"video-37667-4\" width=\"696\" height=\"392\" preload=\"metadata\" controls=\"controls\"><source type=\"video\/mp4\" src=\"https:\/\/jorgezanoni.com.br\/2019\/wp-content\/uploads\/2020\/10\/WhatsApp-Video-2020-10-26-at-12.28.51.mp4?_=4\" \/><a href=\"https:\/\/jorgezanoni.com.br\/2019\/wp-content\/uploads\/2020\/10\/WhatsApp-Video-2020-10-26-at-12.28.51.mp4\">https:\/\/jorgezanoni.com.br\/2019\/wp-content\/uploads\/2020\/10\/WhatsApp-Video-2020-10-26-at-12.28.51.mp4<\/a><\/video><\/div>\n<p>Imagem de Capa: Bastidores da Not\u00edcia<\/p>\n","protected":false},"excerpt":{"rendered":"<p>A pedido da coliga\u00e7\u00e3o &#8220;Todos por Dracena&#8221; dos partidos pol\u00edticos (Republicanos, PROS, DEM e PATRIOTAS),\u00a0 a Justi\u00e7a Eleitoral atrav\u00e9s da Juiza Dra. Aline Sugahara Bertaco, determinou que sob pena de multa, a coliga\u00e7\u00e3o\u00a0 &#8220;Unidos Faremos Mais&#8221; dos partidos pol\u00edticos (PTB\/PODE\/PSB\/PV), mude o in\u00edcio dos novos sem\u00e1foros instalados em Dracena para outro tempo que n\u00e3o seja [&hellip;]<\/p>\n","protected":false},"author":1,"featured_media":37673,"comment_status":"closed","ping_status":"open","sticky":false,"template":"","format":"standard","meta":{"footnotes":""},"categories":[120,110,116],"tags":[],"class_list":["post-37667","post","type-post","status-publish","format-standard","has-post-thumbnail","hentry","category-justicahabitacaotecnologia","category-noticiasdestaque","category-politicaeeconomia"],"_links":{"self":[{"href":"https:\/\/jorgezanoni.com.br\/2019\/wp-json\/wp\/v2\/posts\/37667","targetHints":{"allow":["GET"]}}],"collection":[{"href":"https:\/\/jorgezanoni.com.br\/2019\/wp-json\/wp\/v2\/posts"}],"about":[{"href":"https:\/\/jorgezanoni.com.br\/2019\/wp-json\/wp\/v2\/types\/post"}],"author":[{"embeddable":true,"href":"https:\/\/jorgezanoni.com.br\/2019\/wp-json\/wp\/v2\/users\/1"}],"replies":[{"embeddable":true,"href":"https:\/\/jorgezanoni.com.br\/2019\/wp-json\/wp\/v2\/comments?post=37667"}],"version-history":[{"count":0,"href":"https:\/\/jorgezanoni.com.br\/2019\/wp-json\/wp\/v2\/posts\/37667\/revisions"}],"wp:featuredmedia":[{"embeddable":true,"href":"https:\/\/jorgezanoni.com.br\/2019\/wp-json\/wp\/v2\/media\/37673"}],"wp:attachment":[{"href":"https:\/\/jorgezanoni.com.br\/2019\/wp-json\/wp\/v2\/media?parent=37667"}],"wp:term":[{"taxonomy":"category","embeddable":true,"href":"https:\/\/jorgezanoni.com.br\/2019\/wp-json\/wp\/v2\/categories?post=37667"},{"taxonomy":"post_tag","embeddable":true,"href":"https:\/\/jorgezanoni.com.br\/2019\/wp-json\/wp\/v2\/tags?post=37667"}],"curies":[{"name":"wp","href":"https:\/\/api.w.org\/{rel}","templated":true}]}}