{"id":37622,"date":"2020-10-25T23:21:06","date_gmt":"2020-10-25T23:21:06","guid":{"rendered":"https:\/\/jorgezanoni.com.br\/2019\/?p=37622"},"modified":"2020-10-25T23:21:06","modified_gmt":"2020-10-25T23:21:06","slug":"ex-morador-de-dracena-visita-cemiterio-municipal-e-faz-criticas-a-administracao","status":"publish","type":"post","link":"https:\/\/jorgezanoni.com.br\/2019\/ex-morador-de-dracena-visita-cemiterio-municipal-e-faz-criticas-a-administracao\/","title":{"rendered":"Ex-morador de Dracena visita Cemit\u00e9rio Municipal e faz cr\u00edticas a administra\u00e7\u00e3o"},"content":{"rendered":"<p style=\"text-align: justify;\">Um ex-morador de Dracena que est\u00e1 fora da cidade h\u00e1 alguns anos, envia imagens para a reda\u00e7\u00e3o do Site Jorge Zanoni, dizendo que nunca viu o Cemit\u00e9rio Municipal com tanto descaso como aconteceu dessa vez.<\/p>\n<p style=\"text-align: justify;\">Disse: &#8220;Vergonhoso demais o descaso com o cemit\u00e9rio, isso que venho aqui uma vez ao ano desde que fui embora. E \u00e9 a pior falta de limpeza que vejo&#8221;<\/p>\n<p style=\"text-align: justify;\">Realmente a administra\u00e7\u00e3o est\u00e1 deixando e muito a desejar, s\u00e3o constantes as reclama\u00e7\u00f5es do Campo Santo, alguma provid\u00eancia tem que ser tomada. Acreditamos que pela falta de empenho e quantidade de funcion\u00e1rios n\u00e3o ser\u00e1 poss\u00edvel a limpeza, mesmo considerando que no Dia de Finados as portas estar\u00e3o fechadas.<\/p>\n<p style=\"text-align: justify;\">\u00c9 uma grande falta de respeito com quem tem entes queridos sepultados no local.<\/p>\n<p>As imagens s\u00e3o pr\u00f3ximas da Capela, imagem o resto do Cemit\u00e9rio como est\u00e1.<\/p>\n<p><img loading=\"lazy\" decoding=\"async\" class=\"alignnone size-full wp-image-37623\" src=\"https:\/\/jorgezanoni.com.br\/2019\/wp-content\/uploads\/2020\/10\/cemiterio.jpg\" alt=\"\" width=\"720\" height=\"1280\" srcset=\"https:\/\/jorgezanoni.com.br\/2019\/wp-content\/uploads\/2020\/10\/cemiterio.jpg 720w, https:\/\/jorgezanoni.com.br\/2019\/wp-content\/uploads\/2020\/10\/cemiterio-169x300.jpg 169w, https:\/\/jorgezanoni.com.br\/2019\/wp-content\/uploads\/2020\/10\/cemiterio-576x1024.jpg 576w, https:\/\/jorgezanoni.com.br\/2019\/wp-content\/uploads\/2020\/10\/cemiterio-696x1237.jpg 696w, https:\/\/jorgezanoni.com.br\/2019\/wp-content\/uploads\/2020\/10\/cemiterio-236x420.jpg 236w\" sizes=\"auto, (max-width: 720px) 100vw, 720px\" \/> <img loading=\"lazy\" decoding=\"async\" class=\"alignnone size-full wp-image-37624\" src=\"https:\/\/jorgezanoni.com.br\/2019\/wp-content\/uploads\/2020\/10\/cemiterio1.jpg\" alt=\"\" width=\"720\" height=\"1280\" srcset=\"https:\/\/jorgezanoni.com.br\/2019\/wp-content\/uploads\/2020\/10\/cemiterio1.jpg 720w, https:\/\/jorgezanoni.com.br\/2019\/wp-content\/uploads\/2020\/10\/cemiterio1-169x300.jpg 169w, https:\/\/jorgezanoni.com.br\/2019\/wp-content\/uploads\/2020\/10\/cemiterio1-576x1024.jpg 576w, https:\/\/jorgezanoni.com.br\/2019\/wp-content\/uploads\/2020\/10\/cemiterio1-696x1237.jpg 696w, https:\/\/jorgezanoni.com.br\/2019\/wp-content\/uploads\/2020\/10\/cemiterio1-236x420.jpg 236w\" sizes=\"auto, (max-width: 720px) 100vw, 720px\" \/> <img loading=\"lazy\" decoding=\"async\" class=\"alignnone size-full wp-image-37626\" src=\"https:\/\/jorgezanoni.com.br\/2019\/wp-content\/uploads\/2020\/10\/Cemiterio3.jpg\" alt=\"\" width=\"720\" height=\"1280\" srcset=\"https:\/\/jorgezanoni.com.br\/2019\/wp-content\/uploads\/2020\/10\/Cemiterio3.jpg 720w, https:\/\/jorgezanoni.com.br\/2019\/wp-content\/uploads\/2020\/10\/Cemiterio3-169x300.jpg 169w, https:\/\/jorgezanoni.com.br\/2019\/wp-content\/uploads\/2020\/10\/Cemiterio3-576x1024.jpg 576w, https:\/\/jorgezanoni.com.br\/2019\/wp-content\/uploads\/2020\/10\/Cemiterio3-696x1237.jpg 696w, https:\/\/jorgezanoni.com.br\/2019\/wp-content\/uploads\/2020\/10\/Cemiterio3-236x420.jpg 236w\" sizes=\"auto, (max-width: 720px) 100vw, 720px\" \/><\/p>\n","protected":false},"excerpt":{"rendered":"<p>Um ex-morador de Dracena que est\u00e1 fora da cidade h\u00e1 alguns anos, envia imagens para a reda\u00e7\u00e3o do Site Jorge Zanoni, dizendo que nunca viu o Cemit\u00e9rio Municipal com tanto descaso como aconteceu dessa vez. Disse: &#8220;Vergonhoso demais o descaso com o cemit\u00e9rio, isso que venho aqui uma vez ao ano desde que fui embora. [&hellip;]<\/p>\n","protected":false},"author":1,"featured_media":37625,"comment_status":"closed","ping_status":"open","sticky":false,"template":"","format":"standard","meta":{"footnotes":""},"categories":[179,184,110],"tags":[],"class_list":["post-37622","post","type-post","status-publish","format-standard","has-post-thumbnail","hentry","category-cidadeseregiao","category-dracena","category-noticiasdestaque"],"_links":{"self":[{"href":"https:\/\/jorgezanoni.com.br\/2019\/wp-json\/wp\/v2\/posts\/37622","targetHints":{"allow":["GET"]}}],"collection":[{"href":"https:\/\/jorgezanoni.com.br\/2019\/wp-json\/wp\/v2\/posts"}],"about":[{"href":"https:\/\/jorgezanoni.com.br\/2019\/wp-json\/wp\/v2\/types\/post"}],"author":[{"embeddable":true,"href":"https:\/\/jorgezanoni.com.br\/2019\/wp-json\/wp\/v2\/users\/1"}],"replies":[{"embeddable":true,"href":"https:\/\/jorgezanoni.com.br\/2019\/wp-json\/wp\/v2\/comments?post=37622"}],"version-history":[{"count":0,"href":"https:\/\/jorgezanoni.com.br\/2019\/wp-json\/wp\/v2\/posts\/37622\/revisions"}],"wp:featuredmedia":[{"embeddable":true,"href":"https:\/\/jorgezanoni.com.br\/2019\/wp-json\/wp\/v2\/media\/37625"}],"wp:attachment":[{"href":"https:\/\/jorgezanoni.com.br\/2019\/wp-json\/wp\/v2\/media?parent=37622"}],"wp:term":[{"taxonomy":"category","embeddable":true,"href":"https:\/\/jorgezanoni.com.br\/2019\/wp-json\/wp\/v2\/categories?post=37622"},{"taxonomy":"post_tag","embeddable":true,"href":"https:\/\/jorgezanoni.com.br\/2019\/wp-json\/wp\/v2\/tags?post=37622"}],"curies":[{"name":"wp","href":"https:\/\/api.w.org\/{rel}","templated":true}]}}