{"id":3762,"date":"2019-08-13T11:42:21","date_gmt":"2019-08-13T11:42:21","guid":{"rendered":"https:\/\/jorgezanoni.com.br\/2019\/?p=3762"},"modified":"2019-08-13T11:42:21","modified_gmt":"2019-08-13T11:42:21","slug":"aniversariantes-do-dia-13-08-19","status":"publish","type":"post","link":"https:\/\/jorgezanoni.com.br\/2019\/aniversariantes-do-dia-13-08-19\/","title":{"rendered":"Aniversariantes do Dia 13\/08\/19"},"content":{"rendered":"<p>PARABENIZAMOS OS ANIVERSARIANTES DE HOJE:<\/p>\n<p><img loading=\"lazy\" decoding=\"async\" class=\"alignnone size-full wp-image-3763\" src=\"https:\/\/jorgezanoni.com.br\/2019\/wp-content\/uploads\/2019\/08\/Dercilene-Valezi.jpg\" alt=\"\" width=\"720\" height=\"960\" srcset=\"https:\/\/jorgezanoni.com.br\/2019\/wp-content\/uploads\/2019\/08\/Dercilene-Valezi.jpg 720w, https:\/\/jorgezanoni.com.br\/2019\/wp-content\/uploads\/2019\/08\/Dercilene-Valezi-225x300.jpg 225w, https:\/\/jorgezanoni.com.br\/2019\/wp-content\/uploads\/2019\/08\/Dercilene-Valezi-696x928.jpg 696w, https:\/\/jorgezanoni.com.br\/2019\/wp-content\/uploads\/2019\/08\/Dercilene-Valezi-315x420.jpg 315w\" sizes=\"auto, (max-width: 720px) 100vw, 720px\" \/><\/p>\n<p>Dercilene Valezi<\/p>\n<p><img loading=\"lazy\" decoding=\"async\" class=\"alignnone size-full wp-image-3764\" src=\"https:\/\/jorgezanoni.com.br\/2019\/wp-content\/uploads\/2019\/08\/Gilberto-Carneiro.jpg\" alt=\"\" width=\"160\" height=\"160\" srcset=\"https:\/\/jorgezanoni.com.br\/2019\/wp-content\/uploads\/2019\/08\/Gilberto-Carneiro.jpg 160w, https:\/\/jorgezanoni.com.br\/2019\/wp-content\/uploads\/2019\/08\/Gilberto-Carneiro-150x150.jpg 150w\" sizes=\"auto, (max-width: 160px) 100vw, 160px\" \/><\/p>\n<p>Gilberto Carneiro<\/p>\n<p><img loading=\"lazy\" decoding=\"async\" class=\"alignnone size-full wp-image-3765\" src=\"https:\/\/jorgezanoni.com.br\/2019\/wp-content\/uploads\/2019\/08\/Mirtes-Zanoni.jpg\" alt=\"\" width=\"540\" height=\"540\" srcset=\"https:\/\/jorgezanoni.com.br\/2019\/wp-content\/uploads\/2019\/08\/Mirtes-Zanoni.jpg 540w, https:\/\/jorgezanoni.com.br\/2019\/wp-content\/uploads\/2019\/08\/Mirtes-Zanoni-150x150.jpg 150w, https:\/\/jorgezanoni.com.br\/2019\/wp-content\/uploads\/2019\/08\/Mirtes-Zanoni-300x300.jpg 300w, https:\/\/jorgezanoni.com.br\/2019\/wp-content\/uploads\/2019\/08\/Mirtes-Zanoni-420x420.jpg 420w\" sizes=\"auto, (max-width: 540px) 100vw, 540px\" \/><\/p>\n<p>Mirtes Zanoni<\/p>\n<p><img loading=\"lazy\" decoding=\"async\" class=\"alignnone size-full wp-image-3766\" src=\"https:\/\/jorgezanoni.com.br\/2019\/wp-content\/uploads\/2019\/08\/No\u00eamia-Guimar\u00e3es.jpg\" alt=\"\" width=\"540\" height=\"960\" srcset=\"https:\/\/jorgezanoni.com.br\/2019\/wp-content\/uploads\/2019\/08\/No\u00eamia-Guimar\u00e3es.jpg 540w, https:\/\/jorgezanoni.com.br\/2019\/wp-content\/uploads\/2019\/08\/No\u00eamia-Guimar\u00e3es-169x300.jpg 169w, https:\/\/jorgezanoni.com.br\/2019\/wp-content\/uploads\/2019\/08\/No\u00eamia-Guimar\u00e3es-236x420.jpg 236w\" sizes=\"auto, (max-width: 540px) 100vw, 540px\" \/><\/p>\n<p>No\u00eamia Guimar\u00e3es<\/p>\n<p><img loading=\"lazy\" decoding=\"async\" class=\"alignnone size-full wp-image-3767\" src=\"https:\/\/jorgezanoni.com.br\/2019\/wp-content\/uploads\/2019\/08\/S\u00e9rgio-Barbosa.jpg\" alt=\"\" width=\"910\" height=\"919\" srcset=\"https:\/\/jorgezanoni.com.br\/2019\/wp-content\/uploads\/2019\/08\/S\u00e9rgio-Barbosa.jpg 910w, https:\/\/jorgezanoni.com.br\/2019\/wp-content\/uploads\/2019\/08\/S\u00e9rgio-Barbosa-150x150.jpg 150w, https:\/\/jorgezanoni.com.br\/2019\/wp-content\/uploads\/2019\/08\/S\u00e9rgio-Barbosa-297x300.jpg 297w, https:\/\/jorgezanoni.com.br\/2019\/wp-content\/uploads\/2019\/08\/S\u00e9rgio-Barbosa-768x776.jpg 768w, https:\/\/jorgezanoni.com.br\/2019\/wp-content\/uploads\/2019\/08\/S\u00e9rgio-Barbosa-696x703.jpg 696w, https:\/\/jorgezanoni.com.br\/2019\/wp-content\/uploads\/2019\/08\/S\u00e9rgio-Barbosa-416x420.jpg 416w\" sizes=\"auto, (max-width: 910px) 100vw, 910px\" \/><\/p>\n<p>S\u00e9rgio Barbosa<\/p>\n<p>&nbsp;<\/p>\n","protected":false},"excerpt":{"rendered":"<p>PARABENIZAMOS OS ANIVERSARIANTES DE HOJE: Dercilene Valezi Gilberto Carneiro Mirtes Zanoni No\u00eamia Guimar\u00e3es S\u00e9rgio Barbosa &nbsp;<\/p>\n","protected":false},"author":1,"featured_media":3765,"comment_status":"closed","ping_status":"open","sticky":false,"template":"","format":"standard","meta":{"footnotes":""},"categories":[174],"tags":[],"class_list":["post-3762","post","type-post","status-publish","format-standard","has-post-thumbnail","hentry","category-aniversariantes"],"_links":{"self":[{"href":"https:\/\/jorgezanoni.com.br\/2019\/wp-json\/wp\/v2\/posts\/3762","targetHints":{"allow":["GET"]}}],"collection":[{"href":"https:\/\/jorgezanoni.com.br\/2019\/wp-json\/wp\/v2\/posts"}],"about":[{"href":"https:\/\/jorgezanoni.com.br\/2019\/wp-json\/wp\/v2\/types\/post"}],"author":[{"embeddable":true,"href":"https:\/\/jorgezanoni.com.br\/2019\/wp-json\/wp\/v2\/users\/1"}],"replies":[{"embeddable":true,"href":"https:\/\/jorgezanoni.com.br\/2019\/wp-json\/wp\/v2\/comments?post=3762"}],"version-history":[{"count":0,"href":"https:\/\/jorgezanoni.com.br\/2019\/wp-json\/wp\/v2\/posts\/3762\/revisions"}],"wp:featuredmedia":[{"embeddable":true,"href":"https:\/\/jorgezanoni.com.br\/2019\/wp-json\/wp\/v2\/media\/3765"}],"wp:attachment":[{"href":"https:\/\/jorgezanoni.com.br\/2019\/wp-json\/wp\/v2\/media?parent=3762"}],"wp:term":[{"taxonomy":"category","embeddable":true,"href":"https:\/\/jorgezanoni.com.br\/2019\/wp-json\/wp\/v2\/categories?post=3762"},{"taxonomy":"post_tag","embeddable":true,"href":"https:\/\/jorgezanoni.com.br\/2019\/wp-json\/wp\/v2\/tags?post=3762"}],"curies":[{"name":"wp","href":"https:\/\/api.w.org\/{rel}","templated":true}]}}