{"id":37573,"date":"2020-10-25T01:36:03","date_gmt":"2020-10-25T01:36:03","guid":{"rendered":"https:\/\/jorgezanoni.com.br\/2019\/?p=37573"},"modified":"2020-10-25T01:36:03","modified_gmt":"2020-10-25T01:36:03","slug":"confirmado-a-morte-de-sergio-baravelli-esposa-e-filho-em-acidente-proximo-a-agua-clara-no-ms","status":"publish","type":"post","link":"https:\/\/jorgezanoni.com.br\/2019\/confirmado-a-morte-de-sergio-baravelli-esposa-e-filho-em-acidente-proximo-a-agua-clara-no-ms\/","title":{"rendered":"Confirmado a morte de S\u00e9rgio Baravelli, esposa e filho em acidente pr\u00f3ximo a \u00c1gua Clara no MS."},"content":{"rendered":"<p style=\"text-align: justify;\">Em acidente ocorrido no final da tarde de hoje envolvendo um ve\u00edculo e uma carreta, h\u00e1 cerca de 20 Km da cidade de \u00c1gua Clara no MS., sentido Tr\u00eas Lagoas, faleceram o empres\u00e1rio do ramo de cal\u00e7ados Francisco S\u00e9rgio Baravelli, sua esposa Neuza e o filho Marcelo.<\/p>\n<p style=\"text-align: justify;\">A empresa funer\u00e1ria Vida Prev cuidar\u00e1 dos translado dos corpos.<\/p>\n<p style=\"text-align: justify;\"><img loading=\"lazy\" decoding=\"async\" class=\"alignnone size-full wp-image-37574\" src=\"https:\/\/jorgezanoni.com.br\/2019\/wp-content\/uploads\/2020\/10\/Agua.jpg\" alt=\"\" width=\"590\" height=\"414\" srcset=\"https:\/\/jorgezanoni.com.br\/2019\/wp-content\/uploads\/2020\/10\/Agua.jpg 590w, https:\/\/jorgezanoni.com.br\/2019\/wp-content\/uploads\/2020\/10\/Agua-300x211.jpg 300w, https:\/\/jorgezanoni.com.br\/2019\/wp-content\/uploads\/2020\/10\/Agua-100x70.jpg 100w\" sizes=\"auto, (max-width: 590px) 100vw, 590px\" \/> <img loading=\"lazy\" decoding=\"async\" class=\"alignnone size-full wp-image-37575\" src=\"https:\/\/jorgezanoni.com.br\/2019\/wp-content\/uploads\/2020\/10\/agua1.jpg\" alt=\"\" width=\"417\" height=\"594\" srcset=\"https:\/\/jorgezanoni.com.br\/2019\/wp-content\/uploads\/2020\/10\/agua1.jpg 417w, https:\/\/jorgezanoni.com.br\/2019\/wp-content\/uploads\/2020\/10\/agua1-211x300.jpg 211w, https:\/\/jorgezanoni.com.br\/2019\/wp-content\/uploads\/2020\/10\/agua1-295x420.jpg 295w\" sizes=\"auto, (max-width: 417px) 100vw, 417px\" \/> Fotos: JPNews<\/p>\n<p><img loading=\"lazy\" decoding=\"async\" class=\"alignnone size-full wp-image-37576\" src=\"https:\/\/jorgezanoni.com.br\/2019\/wp-content\/uploads\/2020\/10\/bara.jpg\" alt=\"\" width=\"1280\" height=\"576\" srcset=\"https:\/\/jorgezanoni.com.br\/2019\/wp-content\/uploads\/2020\/10\/bara.jpg 1280w, https:\/\/jorgezanoni.com.br\/2019\/wp-content\/uploads\/2020\/10\/bara-300x135.jpg 300w, https:\/\/jorgezanoni.com.br\/2019\/wp-content\/uploads\/2020\/10\/bara-1024x461.jpg 1024w, https:\/\/jorgezanoni.com.br\/2019\/wp-content\/uploads\/2020\/10\/bara-768x346.jpg 768w, https:\/\/jorgezanoni.com.br\/2019\/wp-content\/uploads\/2020\/10\/bara-696x313.jpg 696w, https:\/\/jorgezanoni.com.br\/2019\/wp-content\/uploads\/2020\/10\/bara-1068x481.jpg 1068w, https:\/\/jorgezanoni.com.br\/2019\/wp-content\/uploads\/2020\/10\/bara-933x420.jpg 933w\" sizes=\"auto, (max-width: 1280px) 100vw, 1280px\" \/><\/p>\n<p style=\"text-align: justify;\">S\u00e9rgio Baravelli, Andr\u00e9 Lemos, Serginho Baravelli e o irm\u00e3o Marcelo Baravelli. Foto de Valter Fernandes tirada esta semana antes da viagem das v\u00edtimas fatais.<\/p>\n<p style=\"text-align: justify;\">(Aguarde informa\u00e7\u00f5es)<\/p>\n<p>&nbsp;<\/p>\n<p style=\"text-align: justify;\">\n","protected":false},"excerpt":{"rendered":"<p>Em acidente ocorrido no final da tarde de hoje envolvendo um ve\u00edculo e uma carreta, h\u00e1 cerca de 20 Km da cidade de \u00c1gua Clara no MS., sentido Tr\u00eas Lagoas, faleceram o empres\u00e1rio do ramo de cal\u00e7ados Francisco S\u00e9rgio Baravelli, sua esposa Neuza e o filho Marcelo. A empresa funer\u00e1ria Vida Prev cuidar\u00e1 dos translado [&hellip;]<\/p>\n","protected":false},"author":1,"featured_media":37577,"comment_status":"closed","ping_status":"open","sticky":false,"template":"","format":"standard","meta":{"footnotes":""},"categories":[170,110],"tags":[],"class_list":["post-37573","post","type-post","status-publish","format-standard","has-post-thumbnail","hentry","category-acidentes","category-noticiasdestaque"],"_links":{"self":[{"href":"https:\/\/jorgezanoni.com.br\/2019\/wp-json\/wp\/v2\/posts\/37573","targetHints":{"allow":["GET"]}}],"collection":[{"href":"https:\/\/jorgezanoni.com.br\/2019\/wp-json\/wp\/v2\/posts"}],"about":[{"href":"https:\/\/jorgezanoni.com.br\/2019\/wp-json\/wp\/v2\/types\/post"}],"author":[{"embeddable":true,"href":"https:\/\/jorgezanoni.com.br\/2019\/wp-json\/wp\/v2\/users\/1"}],"replies":[{"embeddable":true,"href":"https:\/\/jorgezanoni.com.br\/2019\/wp-json\/wp\/v2\/comments?post=37573"}],"version-history":[{"count":0,"href":"https:\/\/jorgezanoni.com.br\/2019\/wp-json\/wp\/v2\/posts\/37573\/revisions"}],"wp:featuredmedia":[{"embeddable":true,"href":"https:\/\/jorgezanoni.com.br\/2019\/wp-json\/wp\/v2\/media\/37577"}],"wp:attachment":[{"href":"https:\/\/jorgezanoni.com.br\/2019\/wp-json\/wp\/v2\/media?parent=37573"}],"wp:term":[{"taxonomy":"category","embeddable":true,"href":"https:\/\/jorgezanoni.com.br\/2019\/wp-json\/wp\/v2\/categories?post=37573"},{"taxonomy":"post_tag","embeddable":true,"href":"https:\/\/jorgezanoni.com.br\/2019\/wp-json\/wp\/v2\/tags?post=37573"}],"curies":[{"name":"wp","href":"https:\/\/api.w.org\/{rel}","templated":true}]}}