{"id":37561,"date":"2020-10-24T18:35:35","date_gmt":"2020-10-24T18:35:35","guid":{"rendered":"https:\/\/jorgezanoni.com.br\/2019\/?p=37561"},"modified":"2020-10-24T23:53:21","modified_gmt":"2020-10-24T23:53:21","slug":"tres-candidatos-concorrem-a-prefeitura-de-panorama-um-com-recursos","status":"publish","type":"post","link":"https:\/\/jorgezanoni.com.br\/2019\/tres-candidatos-concorrem-a-prefeitura-de-panorama-um-com-recursos\/","title":{"rendered":"Tr\u00eas candidatos concorrem a Prefeitura de Panorama, um com recurso"},"content":{"rendered":"<table class=\"table table-hover visible-md visible-lg\">\n<thead>\n<tr>\n<th class=\"dvg-cursor-pointer\" data-ng-click=\"setOrder('nomeUrna')\">Nome na Urna\u00a0<i class=\"fa fa-sort-desc\"><\/i><\/th>\n<th class=\"dvg-cursor-pointer\" data-ng-click=\"setOrder('nomeCompleto')\">Nome Completo\u00a0<i class=\"fa fa-sort-desc\"><\/i><\/th>\n<th class=\"dvg-cursor-pointer\" data-ng-click=\"setOrder('numero')\">N\u00ba\u00a0<i class=\"fa fa-sort-desc\"><\/i><\/th>\n<th class=\"dvg-cursor-pointer\" data-ng-click=\"setOrder('descricaoSituacao')\">Situa\u00e7\u00e3o\u00a0<i class=\"fa fa-sort-desc\"><\/i><\/th>\n<th class=\"dvg-cursor-pointer\" data-ng-click=\"setOrder('siglaPartido')\">Sigla\u00a0<i class=\"fa fa-sort-desc\"><\/i><\/th>\n<th class=\"dvg-cursor-pointer\" data-ng-click=\"setOrder('nomeColigacao')\">Partido\/Coliga\u00e7\u00e3o\u00a0<i class=\"fa fa-sort-desc\"><\/i><\/th>\n<th><\/th>\n<\/tr>\n<\/thead>\n<tbody>\n<tr class=\"ng-scope\">\n<td><a class=\"ng-binding\" href=\"http:\/\/divulgacandcontas.tse.jus.br\/divulga\/\" data-ng-click=\"irParaCandidato(row.id)\">DR CARLOS<\/a><\/td>\n<td class=\"ng-binding\">CARLOS HIROCI OUTI<\/td>\n<td class=\"ng-binding\">45<\/td>\n<td class=\"ng-binding\">Deferido com recurso<\/td>\n<td class=\"ng-binding\">PSDB<\/td>\n<td class=\"ng-binding\">A MUDAN\u00c7A QUE PANORAMA PRECISA<\/td>\n<td class=\"text-center\" width=\"130\"><\/td>\n<\/tr>\n<tr class=\"ng-scope\">\n<td><a class=\"ng-binding\" href=\"http:\/\/divulgacandcontas.tse.jus.br\/divulga\/\" data-ng-click=\"irParaCandidato(row.id)\">GIULIO PIRES<\/a><\/td>\n<td class=\"ng-binding\">GIULIO CESAR LIMA PIRES<\/td>\n<td class=\"ng-binding\">23<\/td>\n<td class=\"ng-binding\">Deferido<\/td>\n<td class=\"ng-binding\">CIDADANIA<\/td>\n<td class=\"ng-binding\">AVANTE PANORAMA-JUNTOS E MAIS FORTES<\/td>\n<td class=\"text-center\" width=\"130\"><span class=\"dvg-badge ng-scope dvg-badge-reeleicao\" data-ng-if=\"row.st_REELEICAO === true &amp;&amp; row.descricaoTotalizacao === 'Concorrendo'\" data-ng-class=\"{'dvg-badge-reeleicao': row.st_REELEICAO === true}\">REELEI\u00c7\u00c3O<\/span><\/td>\n<\/tr>\n<tr class=\"ng-scope\">\n<td><a class=\"ng-binding\" href=\"http:\/\/divulgacandcontas.tse.jus.br\/divulga\/\" data-ng-click=\"irParaCandidato(row.id)\">PROFESSOR SULI<\/a><\/td>\n<td class=\"ng-binding\">SLEIMAN EL AISSAMI<\/td>\n<td class=\"ng-binding\">19<\/td>\n<td class=\"ng-binding\">Deferido<\/td>\n<td class=\"ng-binding\">PODE<\/td>\n<td class=\"ng-binding\">E HORA DE DEFENDER PANORAMA\u00bf,<\/td>\n<\/tr>\n<\/tbody>\n<\/table>\n<p>Fone: http:\/\/divulgacandcontas.tse.jus.br\/divulga\/#\/municipios\/2020\/2030402020\/68098\/candidatos<\/p>\n<p style=\"text-align: justify;\">O Candidato as elei\u00e7\u00f5es municipais de panorama Dr. Carlos Hiroshi Outi, PSDB (45), tem candidatura deferida com recurso, correndo riscos de de n\u00e3o participar das elei\u00e7\u00f5es, ou ainda se eleito de n\u00e3o tomar posse.<\/p>\n<div class=\"col-md-2 text-center\"><img decoding=\"async\" class=\"img-thumbnail img-responsive dvg-cand-foto ng-scope\" src=\"http:\/\/divulgacandcontas.tse.jus.br\/candidaturas\/oficial\/2020\/SP\/68098\/426\/candidatos\/630134\/foto.JPG\" alt=\"\" data-ng-if=\"!resultData.st_SUBSTITUIDO\" \/><\/div>\n","protected":false},"excerpt":{"rendered":"<p>Nome na Urna\u00a0 Nome Completo\u00a0 N\u00ba\u00a0 Situa\u00e7\u00e3o\u00a0 Sigla\u00a0 Partido\/Coliga\u00e7\u00e3o\u00a0 DR CARLOS CARLOS HIROCI OUTI 45 Deferido com recurso PSDB A MUDAN\u00c7A QUE PANORAMA PRECISA GIULIO PIRES GIULIO CESAR LIMA PIRES 23 Deferido CIDADANIA AVANTE PANORAMA-JUNTOS E MAIS FORTES REELEI\u00c7\u00c3O PROFESSOR SULI SLEIMAN EL AISSAMI 19 Deferido PODE E HORA DE DEFENDER PANORAMA\u00bf, Fone: http:\/\/divulgacandcontas.tse.jus.br\/divulga\/#\/municipios\/2020\/2030402020\/68098\/candidatos O [&hellip;]<\/p>\n","protected":false},"author":1,"featured_media":37567,"comment_status":"closed","ping_status":"open","sticky":false,"template":"","format":"standard","meta":{"footnotes":""},"categories":[116],"tags":[],"class_list":["post-37561","post","type-post","status-publish","format-standard","has-post-thumbnail","hentry","category-politicaeeconomia"],"_links":{"self":[{"href":"https:\/\/jorgezanoni.com.br\/2019\/wp-json\/wp\/v2\/posts\/37561","targetHints":{"allow":["GET"]}}],"collection":[{"href":"https:\/\/jorgezanoni.com.br\/2019\/wp-json\/wp\/v2\/posts"}],"about":[{"href":"https:\/\/jorgezanoni.com.br\/2019\/wp-json\/wp\/v2\/types\/post"}],"author":[{"embeddable":true,"href":"https:\/\/jorgezanoni.com.br\/2019\/wp-json\/wp\/v2\/users\/1"}],"replies":[{"embeddable":true,"href":"https:\/\/jorgezanoni.com.br\/2019\/wp-json\/wp\/v2\/comments?post=37561"}],"version-history":[{"count":0,"href":"https:\/\/jorgezanoni.com.br\/2019\/wp-json\/wp\/v2\/posts\/37561\/revisions"}],"wp:featuredmedia":[{"embeddable":true,"href":"https:\/\/jorgezanoni.com.br\/2019\/wp-json\/wp\/v2\/media\/37567"}],"wp:attachment":[{"href":"https:\/\/jorgezanoni.com.br\/2019\/wp-json\/wp\/v2\/media?parent=37561"}],"wp:term":[{"taxonomy":"category","embeddable":true,"href":"https:\/\/jorgezanoni.com.br\/2019\/wp-json\/wp\/v2\/categories?post=37561"},{"taxonomy":"post_tag","embeddable":true,"href":"https:\/\/jorgezanoni.com.br\/2019\/wp-json\/wp\/v2\/tags?post=37561"}],"curies":[{"name":"wp","href":"https:\/\/api.w.org\/{rel}","templated":true}]}}