{"id":37539,"date":"2020-10-23T17:11:50","date_gmt":"2020-10-23T17:11:50","guid":{"rendered":"https:\/\/jorgezanoni.com.br\/2019\/?p=37539"},"modified":"2020-10-23T17:11:50","modified_gmt":"2020-10-23T17:11:50","slug":"pais-da-candidata-a-vice-prefeita-mirella-lanzoni-visitam-comite-da-campanha","status":"publish","type":"post","link":"https:\/\/jorgezanoni.com.br\/2019\/pais-da-candidata-a-vice-prefeita-mirella-lanzoni-visitam-comite-da-campanha\/","title":{"rendered":"Pais da candidata a vice-prefeita Mirella Lanzoni, visitam comit\u00ea da campanha"},"content":{"rendered":"<p style=\"text-align: justify;\">A candidata a vice-prefeita de Dracena Mirella Lanzoni, acompanhada do candidato a prefeito Kielse Muniz da coliga\u00e7\u00e3o PSDB, PSL e PP, &#8220;Dracena merece muito mais&#8221;, tiveram a grata satisfa\u00e7\u00e3o de receber os pais dela no comit\u00ea\u00a0 da campanha na esquina da Avenida Presidente Vargas com a Rua Visconde do Rio Branco.<\/p>\n<p style=\"text-align: justify;\">O sr. Am\u00e9rico F. Lanzoni e a senhora Elvira Maria Gragnano, est\u00e3o dando apoio total na candidatura, especialmente \u00e0 filha que est\u00e1 debutando na pol\u00edtica dracenense. O irm\u00e3o da candidata, Am\u00e9riquinho, tamb\u00e9m esteve presente.<\/p>\n<p style=\"text-align: justify;\">Vieram desejar boa sorte aos candidatos a prefeito, vice e vereadores da coliga\u00e7\u00e3o.<\/p>\n<p><img loading=\"lazy\" decoding=\"async\" class=\"alignnone size-full wp-image-37540\" src=\"https:\/\/jorgezanoni.com.br\/2019\/wp-content\/uploads\/2020\/10\/Mirella-1.jpg\" alt=\"\" width=\"853\" height=\"853\" srcset=\"https:\/\/jorgezanoni.com.br\/2019\/wp-content\/uploads\/2020\/10\/Mirella-1.jpg 853w, https:\/\/jorgezanoni.com.br\/2019\/wp-content\/uploads\/2020\/10\/Mirella-1-300x300.jpg 300w, https:\/\/jorgezanoni.com.br\/2019\/wp-content\/uploads\/2020\/10\/Mirella-1-150x150.jpg 150w, https:\/\/jorgezanoni.com.br\/2019\/wp-content\/uploads\/2020\/10\/Mirella-1-768x768.jpg 768w, https:\/\/jorgezanoni.com.br\/2019\/wp-content\/uploads\/2020\/10\/Mirella-1-696x696.jpg 696w, https:\/\/jorgezanoni.com.br\/2019\/wp-content\/uploads\/2020\/10\/Mirella-1-420x420.jpg 420w\" sizes=\"auto, (max-width: 853px) 100vw, 853px\" \/> <img loading=\"lazy\" decoding=\"async\" class=\"alignnone size-full wp-image-37541\" src=\"https:\/\/jorgezanoni.com.br\/2019\/wp-content\/uploads\/2020\/10\/Mirella1-1.jpg\" alt=\"\" width=\"1440\" height=\"1440\" srcset=\"https:\/\/jorgezanoni.com.br\/2019\/wp-content\/uploads\/2020\/10\/Mirella1-1.jpg 1440w, https:\/\/jorgezanoni.com.br\/2019\/wp-content\/uploads\/2020\/10\/Mirella1-1-300x300.jpg 300w, https:\/\/jorgezanoni.com.br\/2019\/wp-content\/uploads\/2020\/10\/Mirella1-1-1024x1024.jpg 1024w, https:\/\/jorgezanoni.com.br\/2019\/wp-content\/uploads\/2020\/10\/Mirella1-1-150x150.jpg 150w, https:\/\/jorgezanoni.com.br\/2019\/wp-content\/uploads\/2020\/10\/Mirella1-1-768x768.jpg 768w, https:\/\/jorgezanoni.com.br\/2019\/wp-content\/uploads\/2020\/10\/Mirella1-1-696x696.jpg 696w, https:\/\/jorgezanoni.com.br\/2019\/wp-content\/uploads\/2020\/10\/Mirella1-1-1068x1068.jpg 1068w, https:\/\/jorgezanoni.com.br\/2019\/wp-content\/uploads\/2020\/10\/Mirella1-1-420x420.jpg 420w\" sizes=\"auto, (max-width: 1440px) 100vw, 1440px\" \/><\/p>\n","protected":false},"excerpt":{"rendered":"<p>A candidata a vice-prefeita de Dracena Mirella Lanzoni, acompanhada do candidato a prefeito Kielse Muniz da coliga\u00e7\u00e3o PSDB, PSL e PP, &#8220;Dracena merece muito mais&#8221;, tiveram a grata satisfa\u00e7\u00e3o de receber os pais dela no comit\u00ea\u00a0 da campanha na esquina da Avenida Presidente Vargas com a Rua Visconde do Rio Branco. O sr. Am\u00e9rico F. [&hellip;]<\/p>\n","protected":false},"author":1,"featured_media":37540,"comment_status":"closed","ping_status":"open","sticky":false,"template":"","format":"standard","meta":{"footnotes":""},"categories":[116],"tags":[],"class_list":["post-37539","post","type-post","status-publish","format-standard","has-post-thumbnail","hentry","category-politicaeeconomia"],"_links":{"self":[{"href":"https:\/\/jorgezanoni.com.br\/2019\/wp-json\/wp\/v2\/posts\/37539","targetHints":{"allow":["GET"]}}],"collection":[{"href":"https:\/\/jorgezanoni.com.br\/2019\/wp-json\/wp\/v2\/posts"}],"about":[{"href":"https:\/\/jorgezanoni.com.br\/2019\/wp-json\/wp\/v2\/types\/post"}],"author":[{"embeddable":true,"href":"https:\/\/jorgezanoni.com.br\/2019\/wp-json\/wp\/v2\/users\/1"}],"replies":[{"embeddable":true,"href":"https:\/\/jorgezanoni.com.br\/2019\/wp-json\/wp\/v2\/comments?post=37539"}],"version-history":[{"count":0,"href":"https:\/\/jorgezanoni.com.br\/2019\/wp-json\/wp\/v2\/posts\/37539\/revisions"}],"wp:featuredmedia":[{"embeddable":true,"href":"https:\/\/jorgezanoni.com.br\/2019\/wp-json\/wp\/v2\/media\/37540"}],"wp:attachment":[{"href":"https:\/\/jorgezanoni.com.br\/2019\/wp-json\/wp\/v2\/media?parent=37539"}],"wp:term":[{"taxonomy":"category","embeddable":true,"href":"https:\/\/jorgezanoni.com.br\/2019\/wp-json\/wp\/v2\/categories?post=37539"},{"taxonomy":"post_tag","embeddable":true,"href":"https:\/\/jorgezanoni.com.br\/2019\/wp-json\/wp\/v2\/tags?post=37539"}],"curies":[{"name":"wp","href":"https:\/\/api.w.org\/{rel}","templated":true}]}}