{"id":3750,"date":"2019-08-13T01:36:27","date_gmt":"2019-08-13T01:36:27","guid":{"rendered":"https:\/\/jorgezanoni.com.br\/2019\/?p=3750"},"modified":"2019-08-13T01:37:49","modified_gmt":"2019-08-13T01:37:49","slug":"dois-raros-leoes-brancos-nascem-em-santuario-frances-de-protecao-animal","status":"publish","type":"post","link":"https:\/\/jorgezanoni.com.br\/2019\/dois-raros-leoes-brancos-nascem-em-santuario-frances-de-protecao-animal\/","title":{"rendered":"Dois raros le\u00f5es brancos nascem em santu\u00e1rio franc\u00eas de prote\u00e7\u00e3o animal"},"content":{"rendered":"<div class=\"row content-head non-featured \">\n<div class=\"medium-centered subtitle\">\n<h2 class=\"content-head__subtitle\" style=\"text-align: justify;\"><strong>Nala e Simba nasceram no final de julho, mas apenas neste domingo (11) a associa\u00e7\u00e3o &#8216;Caresse de tigre&#8217; divulgou as fotos dos filhotes. A esp\u00e9cie, end\u00eamica do sul da \u00c1frica, quase entrou em extin\u00e7\u00e3o.<\/strong><\/h2>\n<div class=\"mc-column content-text active-extra-styles \" data-block-type=\"unstyled\" data-block-weight=\"44\" data-block-id=\"2\">\n<p class=\"content-text__container \" style=\"text-align: justify;\" data-track-category=\"Link no Texto\" data-track-links=\"\">Dois raros le\u00f5es brancos nasceram em 28 de julho no santu\u00e1rio &#8220;Caresse de tigre&#8221;, no nordeste da\u00a0<a href=\"https:\/\/g1.globo.com\/tudo-sobre\/franca\/\">Fran\u00e7a<\/a>. A ag\u00eancia France Presse informou neste domingo (11) que essas fofuras foram batizadas em homenagem ao casal protagonista do filme\u00a0<a href=\"https:\/\/g1.globo.com\/pop-arte\/cinema\/noticia\/2019\/07\/11\/com-novo-o-rei-leao-disney-se-torna-otima-plagiadora-de-seus-proprios-classicos-g1-ja-viu.ghtml\">O Rei Le\u00e3o<\/a>, Nala e Simba.<\/p>\n<\/div>\n<div class=\"wall protected-content\">\n<div class=\"mc-column content-text active-extra-styles\" style=\"text-align: justify;\" data-block-type=\"raw\" data-block-weight=\"12\" data-block-id=\"3\">\n<ul class=\"content-unordered-list\">\n<li><a href=\"https:\/\/g1.globo.com\/natureza\/noticia\/2019\/08\/10\/animais-da-amazonia-sao-protagonistas-em-versao-brasileira-de-o-rei-leao.ghtml\">Animais da Amaz\u00f4nia s\u00e3o protagonistas em \u2018vers\u00e3o brasileira\u2019 de O Rei Le\u00e3o<\/a><\/li>\n<\/ul>\n<\/div>\n<div class=\"mc-column content-text active-extra-styles \" style=\"text-align: justify;\" data-block-type=\"unstyled\" data-block-weight=\"39\" data-block-id=\"4\">\n<p class=\"content-text__container \" data-track-category=\"Link no Texto\" data-track-links=\"\">O santu\u00e1rio ocupa 300 hectares da \u00e1rea de floresta da cidade de La Mailleraye-sur-Seine, e \u00e9 gerenciado por dois ex-artistas circenses. Atualmente, segundo o site da associa\u00e7\u00e3o, eles acolhem doze grandes felinos no espa\u00e7o que margeia o rio Sena.<\/p>\n<\/div>\n<div class=\"mc-column content-text active-extra-styles \" data-block-type=\"unstyled\" data-block-weight=\"25\" data-block-id=\"5\">\n<p class=\"content-text__container \" style=\"text-align: justify;\" data-track-category=\"Link no Texto\" data-track-links=\"\">Por enquanto, os animais vivem com os propriet\u00e1rios e j\u00e1 s\u00e3o amigos dos cachorros do casal.<\/p>\n<div class=\"mc-column content-text active-extra-styles\" style=\"text-align: justify;\" data-block-type=\"raw\" data-block-weight=\"3\" data-block-id=\"8\">\n<div class=\"content-intertitle\">\n<h2>Esp\u00e9cie em extin\u00e7\u00e3o<\/h2>\n<\/div>\n<\/div>\n<div class=\"mc-column content-text active-extra-styles \" style=\"text-align: justify;\" data-block-type=\"unstyled\" data-block-weight=\"40\" data-block-id=\"9\">\n<p class=\"content-text__container \" data-track-category=\"Link no Texto\" data-track-links=\"\">De acordo com a entidade Prote\u00e7\u00e3o Global do Le\u00e3o Branco, a maior parte destes animais vivem hoje em cativeiro. O grupo estima que h\u00e1 menos de treze indiv\u00edduos da esp\u00e9cie soltos na natureza, onde s\u00e3o valiosas presas para ca\u00e7adores.<\/p>\n<\/div>\n<div class=\"mc-column content-text active-extra-styles\" style=\"text-align: justify;\" data-block-type=\"raw\" data-block-weight=\"9\" data-block-id=\"10\">\n<ul class=\"content-unordered-list\">\n<li><a href=\"https:\/\/g1.globo.com\/natureza\/noticia\/zoologico-do-iraque-exibe-filhote-raro-de-leao-branco.ghtml\">Zool\u00f3gico do Iraque exibe filhote raro de le\u00e3o branco<\/a><\/li>\n<\/ul>\n<\/div>\n<div class=\"mc-column content-text active-extra-styles \" data-block-type=\"unstyled\" data-block-weight=\"37\" data-block-id=\"11\">\n<p class=\"content-text__container \" style=\"text-align: justify;\" data-track-category=\"Link no Texto\" data-track-links=\"\">Os le\u00f5es brancos s\u00e3o uma muta\u00e7\u00e3o gen\u00e9tica \u00fanica das \u00e1reas dos Parques Nacionais Timbavati e Kruger do sul da \u00c1frica, e estiveram tecnicamente extintos durante ao menos doze anos at\u00e9 serem reintroduzidos \u00e0 vida selvagem em 2004.<\/p>\n<p data-track-category=\"Link no Texto\" data-track-links=\"\"><img loading=\"lazy\" decoding=\"async\" class=\"alignnone size-full wp-image-3751\" src=\"https:\/\/jorgezanoni.com.br\/2019\/wp-content\/uploads\/2019\/08\/urso1.jpg\" alt=\"\" width=\"1600\" height=\"1066\" srcset=\"https:\/\/jorgezanoni.com.br\/2019\/wp-content\/uploads\/2019\/08\/urso1.jpg 1600w, https:\/\/jorgezanoni.com.br\/2019\/wp-content\/uploads\/2019\/08\/urso1-300x200.jpg 300w, https:\/\/jorgezanoni.com.br\/2019\/wp-content\/uploads\/2019\/08\/urso1-768x512.jpg 768w, https:\/\/jorgezanoni.com.br\/2019\/wp-content\/uploads\/2019\/08\/urso1-1024x682.jpg 1024w, https:\/\/jorgezanoni.com.br\/2019\/wp-content\/uploads\/2019\/08\/urso1-696x464.jpg 696w, https:\/\/jorgezanoni.com.br\/2019\/wp-content\/uploads\/2019\/08\/urso1-1068x712.jpg 1068w, https:\/\/jorgezanoni.com.br\/2019\/wp-content\/uploads\/2019\/08\/urso1-630x420.jpg 630w\" sizes=\"auto, (max-width: 1600px) 100vw, 1600px\" \/><\/p>\n<article>\n<div class=\"wall protected-content\">\n<div data-track-category=\"multicontent\" data-track-action=\"ultimo chunk conteudo\" data-track-noninteraction=\"false\" data-track-scroll=\"view\">\n<div class=\"row medium-uncollapsed content-media content-photo\" data-block-type=\"backstage-photo\" data-block-id=\"12\">\n<div class=\"column medium-22 large-20 medium-centered content-media__container\">\n<p class=\"content-media__description \" style=\"text-align: justify;\"><strong>Dois filhotes de le\u00e3o branco deitados em uma cesta na associa\u00e7\u00e3o &#8220;Caresse de tigre&#8221;, em La Mailleraye-sur-Seine, nordeste franc\u00eas. \u2014 Foto: Lou Benoist\/AFP<\/strong><\/p>\n<p>Fonte: G1<\/p>\n<\/div>\n<\/div>\n<\/div>\n<\/div>\n<\/article>\n<div class=\"mc-column entities\"><\/div>\n<\/div>\n<\/div>\n<\/div>\n<\/div>\n<\/div>\n<div class=\"content__signa-share\">\n<div class=\"content__signature\">\n<div class=\"content-publication-data\">\n<div class=\"content-publication-data__text\"><\/div>\n<\/div>\n<\/div>\n<\/div>\n","protected":false},"excerpt":{"rendered":"<p>Nala e Simba nasceram no final de julho, mas apenas neste domingo (11) a associa\u00e7\u00e3o &#8216;Caresse de tigre&#8217; divulgou as fotos dos filhotes. A esp\u00e9cie, end\u00eamica do sul da \u00c1frica, quase entrou em extin\u00e7\u00e3o. Dois raros le\u00f5es brancos nasceram em 28 de julho no santu\u00e1rio &#8220;Caresse de tigre&#8221;, no nordeste da\u00a0Fran\u00e7a. A ag\u00eancia France Presse [&hellip;]<\/p>\n","protected":false},"author":1,"featured_media":3752,"comment_status":"closed","ping_status":"open","sticky":false,"template":"","format":"standard","meta":{"footnotes":""},"categories":[114,110],"tags":[],"class_list":["post-3750","post","type-post","status-publish","format-standard","has-post-thumbnail","hentry","category-geralecomercio","category-noticiasdestaque"],"_links":{"self":[{"href":"https:\/\/jorgezanoni.com.br\/2019\/wp-json\/wp\/v2\/posts\/3750","targetHints":{"allow":["GET"]}}],"collection":[{"href":"https:\/\/jorgezanoni.com.br\/2019\/wp-json\/wp\/v2\/posts"}],"about":[{"href":"https:\/\/jorgezanoni.com.br\/2019\/wp-json\/wp\/v2\/types\/post"}],"author":[{"embeddable":true,"href":"https:\/\/jorgezanoni.com.br\/2019\/wp-json\/wp\/v2\/users\/1"}],"replies":[{"embeddable":true,"href":"https:\/\/jorgezanoni.com.br\/2019\/wp-json\/wp\/v2\/comments?post=3750"}],"version-history":[{"count":0,"href":"https:\/\/jorgezanoni.com.br\/2019\/wp-json\/wp\/v2\/posts\/3750\/revisions"}],"wp:featuredmedia":[{"embeddable":true,"href":"https:\/\/jorgezanoni.com.br\/2019\/wp-json\/wp\/v2\/media\/3752"}],"wp:attachment":[{"href":"https:\/\/jorgezanoni.com.br\/2019\/wp-json\/wp\/v2\/media?parent=3750"}],"wp:term":[{"taxonomy":"category","embeddable":true,"href":"https:\/\/jorgezanoni.com.br\/2019\/wp-json\/wp\/v2\/categories?post=3750"},{"taxonomy":"post_tag","embeddable":true,"href":"https:\/\/jorgezanoni.com.br\/2019\/wp-json\/wp\/v2\/tags?post=3750"}],"curies":[{"name":"wp","href":"https:\/\/api.w.org\/{rel}","templated":true}]}}