{"id":37490,"date":"2020-10-23T02:01:01","date_gmt":"2020-10-23T02:01:01","guid":{"rendered":"https:\/\/jorgezanoni.com.br\/2019\/?p=37490"},"modified":"2020-10-23T02:01:01","modified_gmt":"2020-10-23T02:01:01","slug":"quatro-pessoas-sao-flagradas-com-tarrafa-espingarda-e-animal-morto","status":"publish","type":"post","link":"https:\/\/jorgezanoni.com.br\/2019\/quatro-pessoas-sao-flagradas-com-tarrafa-espingarda-e-animal-morto\/","title":{"rendered":"Quatro pessoas s\u00e3o flagradas com tarrafa, espingarda e animal morto"},"content":{"rendered":"<p style=\"text-align: justify;\">Quatro indiv\u00edduos foram flagrados no Rio Aguape\u00ed e conduzidos para a Delegacia de Pol\u00edcia de Salmour\u00e3o pela Pol\u00edcia Ambiental na tarde de hoje (22), ap\u00f3s serem flagrados com petrechos de pesca irregulares, espingarda e um animal silvestre abatido.<\/p>\n<p style=\"text-align: justify;\"><a href=\"https:\/\/ifolharegional.com.br\/wp-content\/uploads\/2020\/10\/01-2.jpg\"><img loading=\"lazy\" decoding=\"async\" class=\"aligncenter wp-image-26976 lazy loaded\" src=\"https:\/\/ifolharegional.com.br\/wp-content\/uploads\/2020\/10\/01-2.jpg\" sizes=\"auto, (max-width: 599px) 100vw, 599px\" srcset=\"https:\/\/ifolharegional.com.br\/wp-content\/uploads\/2020\/10\/01-2.jpg 1032w, https:\/\/ifolharegional.com.br\/wp-content\/uploads\/2020\/10\/01-2-300x225.jpg 300w, https:\/\/ifolharegional.com.br\/wp-content\/uploads\/2020\/10\/01-2-1024x768.jpg 1024w, https:\/\/ifolharegional.com.br\/wp-content\/uploads\/2020\/10\/01-2-768x576.jpg 768w\" alt=\"\" width=\"599\" height=\"449\" data-attachment-id=\"26976\" data-permalink=\"https:\/\/ifolharegional.com.br\/2020\/10\/22\/ss2210202011\/01-301\/\" data-orig-file=\"https:\/\/ifolharegional.com.br\/wp-content\/uploads\/2020\/10\/01-2.jpg\" data-orig-size=\"1032,774\" data-comments-opened=\"0\" data-image-meta=\"{&quot;aperture&quot;:&quot;0&quot;,&quot;credit&quot;:&quot;&quot;,&quot;camera&quot;:&quot;&quot;,&quot;caption&quot;:&quot;&quot;,&quot;created_timestamp&quot;:&quot;0&quot;,&quot;copyright&quot;:&quot;&quot;,&quot;focal_length&quot;:&quot;0&quot;,&quot;iso&quot;:&quot;0&quot;,&quot;shutter_speed&quot;:&quot;0&quot;,&quot;title&quot;:&quot;&quot;,&quot;orientation&quot;:&quot;0&quot;}\" data-image-title=\"01\" data-image-description=\"\" data-medium-file=\"https:\/\/ifolharegional.com.br\/wp-content\/uploads\/2020\/10\/01-2-300x225.jpg\" data-large-file=\"https:\/\/ifolharegional.com.br\/wp-content\/uploads\/2020\/10\/01-2-1024x768.jpg\" data-src=\"https:\/\/ifolharegional.com.br\/wp-content\/uploads\/2020\/10\/01-2.jpg\" data-srcset=\"https:\/\/ifolharegional.com.br\/wp-content\/uploads\/2020\/10\/01-2.jpg 1032w, https:\/\/ifolharegional.com.br\/wp-content\/uploads\/2020\/10\/01-2-300x225.jpg 300w, https:\/\/ifolharegional.com.br\/wp-content\/uploads\/2020\/10\/01-2-1024x768.jpg 1024w, https:\/\/ifolharegional.com.br\/wp-content\/uploads\/2020\/10\/01-2-768x576.jpg 768w\" data-sizes=\"(max-width: 599px) 100vw, 599px\" data-was-processed=\"true\" \/><\/a><\/p>\n<p style=\"text-align: justify;\">Segundo informa\u00e7\u00f5es cedidas ao jornalismo do Grupo Folha Regional (Jornal Site e TV) pela Pol\u00edcia Ambiental \u2013 Base de Dracena, foram apreendidas nesta a\u00e7\u00e3o tr\u00eas varas de pesca com molinete, uma vara de pesca com carretilha, uma tarrafa, a espingarda de press\u00e3o e 1,120 kg de carne de animal silvestre nativo \u201cTei\u00fa\u201d.<\/p>\n<p style=\"text-align: justify;\">Ainda segundo a Pol\u00edcia Ambiental, todos os quatro envolvidos assumiram a autoria da a\u00e7\u00e3o delituosa e foram levados para a delegacia juntamente com os objetos apreendidos.<\/p>\n<p style=\"text-align: justify;\"><a href=\"https:\/\/ifolharegional.com.br\/wp-content\/uploads\/2020\/10\/02.jpg\"><img loading=\"lazy\" decoding=\"async\" class=\"aligncenter wp-image-26978 lazy loaded\" src=\"https:\/\/ifolharegional.com.br\/wp-content\/uploads\/2020\/10\/02.jpg\" sizes=\"auto, (max-width: 600px) 100vw, 600px\" srcset=\"https:\/\/ifolharegional.com.br\/wp-content\/uploads\/2020\/10\/02.jpg 1032w, https:\/\/ifolharegional.com.br\/wp-content\/uploads\/2020\/10\/02-300x225.jpg 300w, https:\/\/ifolharegional.com.br\/wp-content\/uploads\/2020\/10\/02-1024x768.jpg 1024w, https:\/\/ifolharegional.com.br\/wp-content\/uploads\/2020\/10\/02-768x576.jpg 768w\" alt=\"\" width=\"600\" height=\"450\" data-attachment-id=\"26978\" data-permalink=\"https:\/\/ifolharegional.com.br\/2020\/10\/22\/ss2210202011\/02-243\/\" data-orig-file=\"https:\/\/ifolharegional.com.br\/wp-content\/uploads\/2020\/10\/02.jpg\" data-orig-size=\"1032,774\" data-comments-opened=\"0\" data-image-meta=\"{&quot;aperture&quot;:&quot;0&quot;,&quot;credit&quot;:&quot;&quot;,&quot;camera&quot;:&quot;&quot;,&quot;caption&quot;:&quot;&quot;,&quot;created_timestamp&quot;:&quot;0&quot;,&quot;copyright&quot;:&quot;&quot;,&quot;focal_length&quot;:&quot;0&quot;,&quot;iso&quot;:&quot;0&quot;,&quot;shutter_speed&quot;:&quot;0&quot;,&quot;title&quot;:&quot;&quot;,&quot;orientation&quot;:&quot;0&quot;}\" data-image-title=\"02\" data-image-description=\"\" data-medium-file=\"https:\/\/ifolharegional.com.br\/wp-content\/uploads\/2020\/10\/02-300x225.jpg\" data-large-file=\"https:\/\/ifolharegional.com.br\/wp-content\/uploads\/2020\/10\/02-1024x768.jpg\" data-src=\"https:\/\/ifolharegional.com.br\/wp-content\/uploads\/2020\/10\/02.jpg\" data-srcset=\"https:\/\/ifolharegional.com.br\/wp-content\/uploads\/2020\/10\/02.jpg 1032w, https:\/\/ifolharegional.com.br\/wp-content\/uploads\/2020\/10\/02-300x225.jpg 300w, https:\/\/ifolharegional.com.br\/wp-content\/uploads\/2020\/10\/02-1024x768.jpg 1024w, https:\/\/ifolharegional.com.br\/wp-content\/uploads\/2020\/10\/02-768x576.jpg 768w\" data-sizes=\"(max-width: 600px) 100vw, 600px\" data-was-processed=\"true\" \/><\/a><\/p>\n<p style=\"text-align: justify;\">Foram lavrados quatro autos de infra\u00e7\u00e3o ambiental na modalidade de advert\u00eancia por pesca em local proibido e outros quatro no valor de R$ 560 cada pela posse de produto da fauna silvestre nativa, o lagarto Tei\u00fa.<\/p>\n<p style=\"text-align: justify;\">O total dos autos aplicados somado, chega aos R$ 2.240,00. Os autores ainda v\u00e3o responder ao inqu\u00e9rito policial podendo ser processados.<\/p>\n<p style=\"text-align: justify;\">Fonte: Folha Regional<\/p>\n","protected":false},"excerpt":{"rendered":"<p>Quatro indiv\u00edduos foram flagrados no Rio Aguape\u00ed e conduzidos para a Delegacia de Pol\u00edcia de Salmour\u00e3o pela Pol\u00edcia Ambiental na tarde de hoje (22), ap\u00f3s serem flagrados com petrechos de pesca irregulares, espingarda e um animal silvestre abatido. Segundo informa\u00e7\u00f5es cedidas ao jornalismo do Grupo Folha Regional (Jornal Site e TV) pela Pol\u00edcia Ambiental \u2013 [&hellip;]<\/p>\n","protected":false},"author":1,"featured_media":37491,"comment_status":"closed","ping_status":"open","sticky":false,"template":"","format":"standard","meta":{"footnotes":""},"categories":[110,2],"tags":[],"class_list":["post-37490","post","type-post","status-publish","format-standard","has-post-thumbnail","hentry","category-noticiasdestaque","category-policial"],"_links":{"self":[{"href":"https:\/\/jorgezanoni.com.br\/2019\/wp-json\/wp\/v2\/posts\/37490","targetHints":{"allow":["GET"]}}],"collection":[{"href":"https:\/\/jorgezanoni.com.br\/2019\/wp-json\/wp\/v2\/posts"}],"about":[{"href":"https:\/\/jorgezanoni.com.br\/2019\/wp-json\/wp\/v2\/types\/post"}],"author":[{"embeddable":true,"href":"https:\/\/jorgezanoni.com.br\/2019\/wp-json\/wp\/v2\/users\/1"}],"replies":[{"embeddable":true,"href":"https:\/\/jorgezanoni.com.br\/2019\/wp-json\/wp\/v2\/comments?post=37490"}],"version-history":[{"count":0,"href":"https:\/\/jorgezanoni.com.br\/2019\/wp-json\/wp\/v2\/posts\/37490\/revisions"}],"wp:featuredmedia":[{"embeddable":true,"href":"https:\/\/jorgezanoni.com.br\/2019\/wp-json\/wp\/v2\/media\/37491"}],"wp:attachment":[{"href":"https:\/\/jorgezanoni.com.br\/2019\/wp-json\/wp\/v2\/media?parent=37490"}],"wp:term":[{"taxonomy":"category","embeddable":true,"href":"https:\/\/jorgezanoni.com.br\/2019\/wp-json\/wp\/v2\/categories?post=37490"},{"taxonomy":"post_tag","embeddable":true,"href":"https:\/\/jorgezanoni.com.br\/2019\/wp-json\/wp\/v2\/tags?post=37490"}],"curies":[{"name":"wp","href":"https:\/\/api.w.org\/{rel}","templated":true}]}}