{"id":37473,"date":"2020-10-23T00:37:17","date_gmt":"2020-10-23T00:37:17","guid":{"rendered":"https:\/\/jorgezanoni.com.br\/2019\/?p=37473"},"modified":"2020-10-23T00:37:17","modified_gmt":"2020-10-23T00:37:17","slug":"com-mais-duas-mortes-registradas-dracena-contabiliza-27-obitos-causados-pelo-novo-coronavirus","status":"publish","type":"post","link":"https:\/\/jorgezanoni.com.br\/2019\/com-mais-duas-mortes-registradas-dracena-contabiliza-27-obitos-causados-pelo-novo-coronavirus\/","title":{"rendered":"Com mais duas mortes registradas, Dracena contabiliza 27 \u00f3bitos causados pelo novo coronav\u00edrus"},"content":{"rendered":"<h2 class=\"content-head__subtitle\" style=\"text-align: justify;\"><strong>V\u00edtimas fatais foram um homem e uma mulher que morreram nestas ter\u00e7a-feira (20) e quarta-feira (21), respectivamente. Cidade tem 1.010 casos positivos da doen\u00e7a.<\/strong><\/h2>\n<div class=\"mc-column content-text active-extra-styles \" data-block-type=\"unstyled\" data-block-weight=\"23\" data-block-id=\"2\">\n<p class=\"content-text__container \" style=\"text-align: justify;\" data-track-category=\"Link no Texto\" data-track-links=\"\">A Vigil\u00e2ncia Epidemiol\u00f3gica de\u00a0<a href=\"https:\/\/g1.globo.com\/sp\/presidente-prudente-regiao\/cidade\/dracena\/\">Dracena\u00a0<\/a>divulgou nesta quarta-feira (21) mais duas mortes por Covid-19. Com isso, a cidade contabiliza 27 \u00f3bitos pela doen\u00e7a.<\/p>\n<\/div>\n<div class=\"wall protected-content\">\n<div class=\"mc-column content-text active-extra-styles \" style=\"text-align: justify;\" data-block-type=\"unstyled\" data-block-weight=\"32\" data-block-id=\"3\">\n<p class=\"content-text__container \" data-track-category=\"Link no Texto\" data-track-links=\"\">Uma das v\u00edtimas foi uma mulher de 65 anos que morreu nesta quarta-feira. Ela estava internada na Santa Casa desde o dia 5 de outubro e j\u00e1 possu\u00eda confirma\u00e7\u00e3o do novo coronav\u00edrus.<\/p>\n<\/div>\n<div class=\"mc-column content-text active-extra-styles \" style=\"text-align: justify;\" data-block-type=\"unstyled\" data-block-weight=\"37\" data-block-id=\"4\">\n<p class=\"content-text__container \" data-track-category=\"Link no Texto\" data-track-links=\"\">A outra v\u00edtima fatal trata-se de um homem que deu entrada no Proto Atendimento Municipal (PAM) no in\u00edcio da noite desta ter\u00e7a-feira (20) e morreu. Durante o atendimento, foi feito exame de Covid-19 que apontou resultado positivo.<\/p>\n<\/div>\n<div class=\"mc-column content-text active-extra-styles \" style=\"text-align: justify;\" data-block-type=\"unstyled\" data-block-weight=\"11\" data-block-id=\"5\">\n<p class=\"content-text__container \" data-track-category=\"Link no Texto\" data-track-links=\"\">Segundo a Secretaria Municipal de Sa\u00fade, os dois pacientes possu\u00edam comorbidades.<\/p>\n<\/div>\n<div class=\"mc-column content-text active-extra-styles \" data-block-type=\"unstyled\" data-block-weight=\"12\" data-block-id=\"6\">\n<p class=\"content-text__container \" style=\"text-align: justify;\" data-track-category=\"Link no Texto\" data-track-links=\"\">O munic\u00edpio possui 1.010 casos positivos e 15 suspeitos do novo coronav\u00edrus.<\/p>\n<p style=\"text-align: justify;\" data-track-category=\"Link no Texto\" data-track-links=\"\">Fonte: G1<\/p>\n<\/div>\n<\/div>\n","protected":false},"excerpt":{"rendered":"<p>V\u00edtimas fatais foram um homem e uma mulher que morreram nestas ter\u00e7a-feira (20) e quarta-feira (21), respectivamente. Cidade tem 1.010 casos positivos da doen\u00e7a. A Vigil\u00e2ncia Epidemiol\u00f3gica de\u00a0Dracena\u00a0divulgou nesta quarta-feira (21) mais duas mortes por Covid-19. Com isso, a cidade contabiliza 27 \u00f3bitos pela doen\u00e7a. Uma das v\u00edtimas foi uma mulher de 65 anos que [&hellip;]<\/p>\n","protected":false},"author":1,"featured_media":37474,"comment_status":"closed","ping_status":"open","sticky":false,"template":"","format":"standard","meta":{"footnotes":""},"categories":[178,110],"tags":[],"class_list":["post-37473","post","type-post","status-publish","format-standard","has-post-thumbnail","hentry","category-notadefalecimento","category-noticiasdestaque"],"_links":{"self":[{"href":"https:\/\/jorgezanoni.com.br\/2019\/wp-json\/wp\/v2\/posts\/37473","targetHints":{"allow":["GET"]}}],"collection":[{"href":"https:\/\/jorgezanoni.com.br\/2019\/wp-json\/wp\/v2\/posts"}],"about":[{"href":"https:\/\/jorgezanoni.com.br\/2019\/wp-json\/wp\/v2\/types\/post"}],"author":[{"embeddable":true,"href":"https:\/\/jorgezanoni.com.br\/2019\/wp-json\/wp\/v2\/users\/1"}],"replies":[{"embeddable":true,"href":"https:\/\/jorgezanoni.com.br\/2019\/wp-json\/wp\/v2\/comments?post=37473"}],"version-history":[{"count":0,"href":"https:\/\/jorgezanoni.com.br\/2019\/wp-json\/wp\/v2\/posts\/37473\/revisions"}],"wp:featuredmedia":[{"embeddable":true,"href":"https:\/\/jorgezanoni.com.br\/2019\/wp-json\/wp\/v2\/media\/37474"}],"wp:attachment":[{"href":"https:\/\/jorgezanoni.com.br\/2019\/wp-json\/wp\/v2\/media?parent=37473"}],"wp:term":[{"taxonomy":"category","embeddable":true,"href":"https:\/\/jorgezanoni.com.br\/2019\/wp-json\/wp\/v2\/categories?post=37473"},{"taxonomy":"post_tag","embeddable":true,"href":"https:\/\/jorgezanoni.com.br\/2019\/wp-json\/wp\/v2\/tags?post=37473"}],"curies":[{"name":"wp","href":"https:\/\/api.w.org\/{rel}","templated":true}]}}