{"id":37470,"date":"2020-10-23T00:02:46","date_gmt":"2020-10-23T00:02:46","guid":{"rendered":"https:\/\/jorgezanoni.com.br\/2019\/?p=37470"},"modified":"2020-10-23T00:02:46","modified_gmt":"2020-10-23T00:02:46","slug":"justica-decreta-prisao-preventiva-de-4-suspeitos-de-matar-pm-achado-morto-em-carroca-na-cracolandia-centro-de-sp","status":"publish","type":"post","link":"https:\/\/jorgezanoni.com.br\/2019\/justica-decreta-prisao-preventiva-de-4-suspeitos-de-matar-pm-achado-morto-em-carroca-na-cracolandia-centro-de-sp\/","title":{"rendered":"Justi\u00e7a decreta pris\u00e3o preventiva de 4 suspeitos de matar PM achado morto em carro\u00e7a na Cracol\u00e2ndia, Centro de SP"},"content":{"rendered":"<h2 class=\"content-head__subtitle\" style=\"text-align: justify;\"><strong>Um cozinheiro e tr\u00eas desempregados tiveram as pris\u00f5es em flagrante convertidas em preventivas. Eles s\u00e3o investigados pelo assassinato do soldado Daniel Lima. O corpo foi achado com sinais de viol\u00eancia no \u00faltimo s\u00e1bado (17). Causa da morte e motivo do crime s\u00e3o apurados.<\/strong><\/h2>\n<div class=\"mc-column content-text active-extra-styles \" data-block-type=\"unstyled\" data-block-weight=\"62\" data-block-id=\"2\">\n<p class=\"content-text__container \" style=\"text-align: justify;\" data-track-category=\"Link no Texto\" data-track-links=\"\">A\u00a0<strong>Justi\u00e7a de S\u00e3o Paulo\u00a0<\/strong>decretou a pris\u00e3o preventiva dos quatro homens suspeitos de\u00a0<a href=\"https:\/\/g1.globo.com\/sp\/presidente-prudente-regiao\/noticia\/2020\/10\/19\/policial-militar-de-presidente-prudente-e-assassinado-em-sao-paulo.ghtml\">matar o policial militar<\/a>\u00a0<strong>Daniel Alves de Lima<\/strong>, que foi achado morto dentro de uma carro\u00e7a na Cracol\u00e2ndia, Centro de S\u00e3o Paulo, no \u00faltimo s\u00e1bado (17). O\u00a0<strong>soldado\u00a0<\/strong>de 32 anos estava desaparecido e foi encontrado\u00a0<a href=\"https:\/\/g1.globo.com\/sp\/sao-paulo\/noticia\/2020\/10\/19\/pm-desaparecido-e-achado-morto-nu-e-amarrado-dentro-de-carroca-no-centro-de-sp-4-foram-presos-por-suspeita-de-homicidio.ghtml\">nu, amarrado e com sinais de viol\u00eancia\u00a0<\/a>pela Pol\u00edcia Militar (PM).<\/p>\n<\/div>\n<div class=\"wall protected-content\">\n<div class=\"mc-column content-text active-extra-styles \" style=\"text-align: justify;\" data-block-type=\"unstyled\" data-block-weight=\"67\" data-block-id=\"3\">\n<p class=\"content-text__container \" data-track-category=\"Link no Texto\" data-track-links=\"\">Um cozinheiro de 35 anos e tr\u00eas desempregados, de 26, 32 e 37 anos, que empurravam a carro\u00e7a com o corpo do soldado,\u00a0<a href=\"https:\/\/g1.globo.com\/sp\/sao-paulo\/noticia\/2020\/10\/19\/pm-desaparecido-e-achado-morto-nu-e-amarrado-dentro-de-carroca-no-centro-de-sp-4-foram-presos-por-suspeita-de-homicidio.ghtml\">foram presos em flagrante pela PM<\/a>\u00a0quando estavam no\u00a0<strong>Viaduto Engenheiro Orlando Murgel<\/strong>, no bairro de Campos El\u00edseos, regi\u00e3o central da cidade. Eles negaram o crime e disseram \u00e0 Pol\u00edcia Civil que achavam estar transportando entulho, e n\u00e3o o cad\u00e1ver de um homem.<\/p>\n<\/div>\n<div class=\"mc-column content-text active-extra-styles \" style=\"text-align: justify;\" data-block-type=\"unstyled\" data-block-weight=\"42\" data-block-id=\"4\">\n<p class=\"content-text__container \" data-track-category=\"Link no Texto\" data-track-links=\"\">Apesar disso, os quatro foram indiciados por homic\u00eddio qualificado. Eles j\u00e1 tinham passagens anteriores por outros crimes, como\u00a0<strong>furto, roubo e tr\u00e1fico de drogas<\/strong>. At\u00e9 a \u00faltima atualiza\u00e7\u00e3o desta reportagem, as defesas dos investigados pelo assassinato de Daniel n\u00e3o haviam sido localizadas.<\/p>\n<\/div>\n<div class=\"mc-column content-text active-extra-styles \" data-block-type=\"unstyled\" data-block-weight=\"71\" data-block-id=\"5\">\n<p class=\"content-text__container \" style=\"text-align: justify;\" data-track-category=\"Link no Texto\" data-track-links=\"\">A identifica\u00e7\u00e3o do policial Daniel s\u00f3\u00a0<a href=\"https:\/\/g1.globo.com\/sp\/sao-paulo\/noticia\/2020\/10\/19\/pm-desaparecido-e-achado-morto-nu-e-amarrado-dentro-de-carroca-no-centro-de-sp-4-foram-presos-por-suspeita-de-homicidio.ghtml\">foi feita na segunda-feira (19), ap\u00f3s exames periciais<\/a>. A\u00a0<strong>Secretaria da Seguran\u00e7a P\u00fablica (SSP)<\/strong>\u00a0informou que a pris\u00e3o em flagrante dos quatro investigados foi convertida em preventiva a pedido dos investigadores do\u00a0<strong>2\u00ba Distrito Policial (DP)<\/strong>, no Bom Retiro, que apuram as causas da morte e motiva\u00e7\u00e3o do crime. A pris\u00e3o preventiva \u00e9 aquela que permita que um preso fique detido at\u00e9 um eventual julgamento.<\/p>\n<p class=\"content-text__container \" style=\"text-align: justify;\" data-track-category=\"Link no Texto\" data-track-links=\"\"><span style=\"font-style: italic; text-align: center;\">&#8220;Os quatro suspeitos tiveram a pris\u00e3o convertida em preventiva e os laudos ser\u00e3o analisados pela autoridade respons\u00e1vel assim que finalizados&#8221;, informou trecho do comunicado da pasta da Seguran\u00e7a, se referindo tamb\u00e9m ao laudo necrosc\u00f3pico do\u00a0<\/span><strong style=\"font-style: italic; text-align: center;\">Instituto M\u00e9dico Legal (IML),<\/strong><span style=\"font-style: italic; text-align: center;\">\u00a0que dever\u00e1 apontar como Daniel foi morto.<\/span><\/p>\n<div class=\"mc-column content-text active-extra-styles \" style=\"text-align: justify;\" data-block-type=\"unstyled\" data-block-weight=\"52\" data-block-id=\"10\">\n<p class=\"content-text__container \" data-track-category=\"Link no Texto\" data-track-links=\"\">Durante a pris\u00e3o dos suspeitos, a Pol\u00edcia Militar tamb\u00e9m apreendeu cordas e uma faca que estavam com o grupo. Ainda n\u00e3o se sabe se a v\u00edtima foi esfaqueada. O resultado do exame do IML ainda n\u00e3o ficou pronto, mas peritos informaram que \u201ca morte teria ocorrido recentemente\u201d, ainda no s\u00e1bado (17).<\/p>\n<\/div>\n<div class=\"mc-column content-text active-extra-styles \" style=\"text-align: justify;\" data-block-type=\"unstyled\" data-block-weight=\"15\" data-block-id=\"11\">\n<p class=\"content-text__container \" data-track-category=\"Link no Texto\" data-track-links=\"\">Segundo os peritos, Daniel tinha les\u00f5es pelo corpo, al\u00e9m de pesco\u00e7o, bra\u00e7os e pernas amarrados.<\/p>\n<\/div>\n<div class=\"mc-column content-text active-extra-styles \" style=\"text-align: justify;\" data-block-type=\"unstyled\" data-block-weight=\"59\" data-block-id=\"12\">\n<p class=\"content-text__container \" data-track-category=\"Link no Texto\" data-track-links=\"\">A v\u00edtima trabalhava, havia seis meses, como soldado da\u00a0<strong>1\u00aa Companhia do 18\u00ba Batalh\u00e3o<\/strong>\u00a0da Pol\u00edcia Militar em\u00a0<strong>Presidente Prudente<\/strong>, interior paulista, cidade onde morava, nasceu e foi\u00a0<a href=\"https:\/\/g1.globo.com\/sp\/presidente-prudente-regiao\/noticia\/2020\/10\/20\/familiares-e-amigos-se-despedem-em-presidente-prudente-de-policial-militar-assassinado-em-sao-paulo.ghtml\">enterrado<\/a>. Antes atuava pela corpora\u00e7\u00e3o na capital. Um pastor da igreja que Daniel frequentava no munic\u00edpio informou que ele havia dito na semana passada que iria\u00a0<a href=\"https:\/\/g1.globo.com\/sp\/sao-paulo\/noticia\/2020\/10\/20\/pm-achado-morto-nu-e-amarrado-em-carroca-disse-que-iria-fazer-evangelizacao-na-cracolandia-centro-de-sp-afirma-pastor.ghtml\">fazer evangeliza\u00e7\u00e3o na Cracol\u00e2ndia<\/a>.<\/p>\n<\/div>\n<div class=\"mc-column content-text active-extra-styles\" style=\"text-align: justify;\" data-block-type=\"raw\" data-block-weight=\"48\" data-block-id=\"13\">\n<blockquote class=\"content-blockquote theme-border-color-primary-before\"><p>&#8220;Na \u00faltima quarta feira [14] ele participou do culto, no final veio me cumprimentar, e ele tinha falado que estaria em S\u00e3o Paulo que recebeu um convite para estar evangelizando tamb\u00e9m na Cracol\u00e2ndia&#8221;, disse o pastor\u00a0<strong>Renato Filitto<\/strong>, da Assembleia de Deus, na \u00faltima ter\u00e7a-feira (20) .<\/p><\/blockquote>\n<\/div>\n<div class=\"row medium-uncollapsed content-media content-photo\" style=\"text-align: justify;\" data-block-type=\"backstage-photo\" data-block-id=\"15\">\n<div class=\"mc-column content-media__container\">\n<figure><img decoding=\"async\" class=\"i-amphtml-fill-content i-amphtml-replaced-content\" src=\"https:\/\/s2.glbimg.com\/4amuQuXaBwPe3c5GpgNLiTGG318=\/0x0:768x921\/984x0\/smart\/filters:strip_icc()\/i.s3.glbimg.com\/v1\/AUTH_59edd422c0c84a879bd37670ae4f538a\/internal_photos\/bs\/2020\/J\/w\/7fAI1dS66zXIMyP4PxsA\/carroca-4-presos.jpg\" sizes=\"(max-width: 1366px) 648px, 100vw\" srcset=\"https:\/\/s2.glbimg.com\/5iha7xnNF0ezyE_VfauLLUZV9gI=\/0x0:768x921\/1000x0\/smart\/filters:strip_icc()\/i.s3.glbimg.com\/v1\/AUTH_59edd422c0c84a879bd37670ae4f538a\/internal_photos\/bs\/2020\/J\/w\/7fAI1dS66zXIMyP4PxsA\/carroca-4-presos.jpg 1000w, https:\/\/s2.glbimg.com\/4amuQuXaBwPe3c5GpgNLiTGG318=\/0x0:768x921\/984x0\/smart\/filters:strip_icc()\/i.s3.glbimg.com\/v1\/AUTH_59edd422c0c84a879bd37670ae4f538a\/internal_photos\/bs\/2020\/J\/w\/7fAI1dS66zXIMyP4PxsA\/carroca-4-presos.jpg 984w, https:\/\/s2.glbimg.com\/t0117x_Qc-zqojDGLcMHGzgoVoM=\/0x0:768x921\/640x0\/smart\/filters:strip_icc()\/i.s3.glbimg.com\/v1\/AUTH_59edd422c0c84a879bd37670ae4f538a\/internal_photos\/bs\/2020\/J\/w\/7fAI1dS66zXIMyP4PxsA\/carroca-4-presos.jpg 640w, https:\/\/s2.glbimg.com\/Mhxw90PgI87Lz4ukEJnMRQaG6v8=\/0x0:768x921\/600x0\/smart\/filters:strip_icc()\/i.s3.glbimg.com\/v1\/AUTH_59edd422c0c84a879bd37670ae4f538a\/internal_photos\/bs\/2020\/J\/w\/7fAI1dS66zXIMyP4PxsA\/carroca-4-presos.jpg 600w\" alt=\"Quatro homens s\u00e3o presos por suspeita de participar do assassinato de policial militar que estava desaparecido em S\u00e3o Paulo \u2014 Foto: Reprodu\u00e7\u00e3o\/Redes sociais\" \/><\/figure>\n<p class=\"content-media__description \">Quatro homens s\u00e3o presos por suspeita de participar do assassinato de policial militar que estava desaparecido em S\u00e3o Paulo \u2014 Foto: Reprodu\u00e7\u00e3o\/Redes sociais<\/p>\n<\/div>\n<\/div>\n<div class=\"mc-column content-text active-extra-styles \" style=\"text-align: justify;\" data-block-type=\"unstyled\" data-block-weight=\"45\" data-block-id=\"16\">\n<p class=\"content-text__container \" data-track-category=\"Link no Texto\" data-track-links=\"\">A Cracol\u00e2ndia \u00e9 uma regi\u00e3o no Centro de SP conhecida pelo tr\u00e1fico e consumo de drogas ao ar livre, durante todo o dia. No local, traficantes e dependentes qu\u00edmicos se misturam nas ruas. &#8220;A vontade dele mesmo era resgatar essas pessoas&#8221;, disse o pastor.<\/p>\n<\/div>\n<div class=\"mc-column content-text active-extra-styles \" style=\"text-align: justify;\" data-block-type=\"unstyled\" data-block-weight=\"40\" data-block-id=\"17\">\n<p class=\"content-text__container \" data-track-category=\"Link no Texto\" data-track-links=\"\">Segundo Fillito, o soldado Daniel contou que tinha recebido um convite para evangelizar jovens em uma pra\u00e7a. O PM estava desaparecido desde sexta-feira (16), quando foi visto pela \u00faltima vez na Pra\u00e7a Rep\u00fablica, tamb\u00e9m no Centro da capital paulista.<\/p>\n<\/div>\n<div class=\"mc-column content-text active-extra-styles \" data-block-type=\"unstyled\" data-block-weight=\"37\" data-block-id=\"18\">\n<p class=\"content-text__container \" style=\"text-align: justify;\" data-track-category=\"Link no Texto\" data-track-links=\"\">De acordo com SSP, a Pol\u00edcia Civil realiza dilig\u00eancias &#8220;para identificar o caminho percorrido&#8221; pelos quatro suspeitos detidos. A pasta comunicou que &#8220;a equipe trabalha para esclarecer o crime e apurar se h\u00e1 outros envolvidos&#8221; no crime.<\/p>\n<p data-track-category=\"Link no Texto\" data-track-links=\"\">Fonte: G1<\/p>\n<\/div>\n<\/div>\n<\/div>\n","protected":false},"excerpt":{"rendered":"<p>Um cozinheiro e tr\u00eas desempregados tiveram as pris\u00f5es em flagrante convertidas em preventivas. Eles s\u00e3o investigados pelo assassinato do soldado Daniel Lima. O corpo foi achado com sinais de viol\u00eancia no \u00faltimo s\u00e1bado (17). Causa da morte e motivo do crime s\u00e3o apurados. A\u00a0Justi\u00e7a de S\u00e3o Paulo\u00a0decretou a pris\u00e3o preventiva dos quatro homens suspeitos de\u00a0matar [&hellip;]<\/p>\n","protected":false},"author":1,"featured_media":37471,"comment_status":"closed","ping_status":"open","sticky":false,"template":"","format":"standard","meta":{"footnotes":""},"categories":[110,2],"tags":[],"class_list":["post-37470","post","type-post","status-publish","format-standard","has-post-thumbnail","hentry","category-noticiasdestaque","category-policial"],"_links":{"self":[{"href":"https:\/\/jorgezanoni.com.br\/2019\/wp-json\/wp\/v2\/posts\/37470","targetHints":{"allow":["GET"]}}],"collection":[{"href":"https:\/\/jorgezanoni.com.br\/2019\/wp-json\/wp\/v2\/posts"}],"about":[{"href":"https:\/\/jorgezanoni.com.br\/2019\/wp-json\/wp\/v2\/types\/post"}],"author":[{"embeddable":true,"href":"https:\/\/jorgezanoni.com.br\/2019\/wp-json\/wp\/v2\/users\/1"}],"replies":[{"embeddable":true,"href":"https:\/\/jorgezanoni.com.br\/2019\/wp-json\/wp\/v2\/comments?post=37470"}],"version-history":[{"count":0,"href":"https:\/\/jorgezanoni.com.br\/2019\/wp-json\/wp\/v2\/posts\/37470\/revisions"}],"wp:featuredmedia":[{"embeddable":true,"href":"https:\/\/jorgezanoni.com.br\/2019\/wp-json\/wp\/v2\/media\/37471"}],"wp:attachment":[{"href":"https:\/\/jorgezanoni.com.br\/2019\/wp-json\/wp\/v2\/media?parent=37470"}],"wp:term":[{"taxonomy":"category","embeddable":true,"href":"https:\/\/jorgezanoni.com.br\/2019\/wp-json\/wp\/v2\/categories?post=37470"},{"taxonomy":"post_tag","embeddable":true,"href":"https:\/\/jorgezanoni.com.br\/2019\/wp-json\/wp\/v2\/tags?post=37470"}],"curies":[{"name":"wp","href":"https:\/\/api.w.org\/{rel}","templated":true}]}}