{"id":37467,"date":"2020-10-22T23:49:21","date_gmt":"2020-10-22T23:49:21","guid":{"rendered":"https:\/\/jorgezanoni.com.br\/2019\/?p=37467"},"modified":"2020-10-22T23:49:21","modified_gmt":"2020-10-22T23:49:21","slug":"prefeitura-confirma-morte-de-detento-pelo-novo-coronavirus-em-martinopolis","status":"publish","type":"post","link":"https:\/\/jorgezanoni.com.br\/2019\/prefeitura-confirma-morte-de-detento-pelo-novo-coronavirus-em-martinopolis\/","title":{"rendered":"Prefeitura confirma morte de detento pelo novo coronav\u00edrus em Martin\u00f3polis"},"content":{"rendered":"<h2 class=\"content-head__subtitle\" style=\"text-align: justify;\">Preso, de 43 anos, morreu na segunda-feira (19), mas resultado do exame saiu nesta quinta-feira (22). Cidade possui 289 casos positivos da doen\u00e7a.<\/h2>\n<div class=\"mc-column content-text active-extra-styles \" data-block-type=\"unstyled\" data-block-weight=\"44\" data-block-id=\"2\">\n<p class=\"content-text__container \" style=\"text-align: justify;\" data-track-category=\"Link no Texto\" data-track-links=\"\">A Prefeitura de\u00a0<a href=\"https:\/\/g1.globo.com\/sp\/presidente-prudente-regiao\/cidade\/martinopolis-sp\/\">Martin\u00f3polis\u00a0<\/a>confirmou nesta quinta-feira (22) a morte de um detento de 43 anos por Covid-19. Ele cumpria pena na Penitenci\u00e1ria da cidade e\u00a0<a href=\"https:\/\/g1.globo.com\/sp\/presidente-prudente-regiao\/noticia\/2020\/10\/19\/detento-da-penitenciaria-de-martinopolis-tem-morte-causada-pela-covid-19.ghtml\">morreu na \u00faltima segunda-feira (19), como foi noticiado pelo\u00a0<strong>G1<\/strong><\/a>. Agora, o munic\u00edpio contabiliza 16 mortes pela doen\u00e7a.<\/p>\n<\/div>\n<div class=\"wall protected-content\">\n<div class=\"mc-column content-text active-extra-styles \" style=\"text-align: justify;\" data-block-type=\"unstyled\" data-block-weight=\"19\" data-block-id=\"3\">\n<p class=\"content-text__container \" data-track-category=\"Link no Texto\" data-track-links=\"\">De acordo com a Prefeitura, o resultado do exame saiu nesta quinta-feira e apontou positivo para o novo coronav\u00edrus.<\/p>\n<\/div>\n<div class=\"mc-column content-text active-extra-styles \" style=\"text-align: justify;\" data-block-type=\"unstyled\" data-block-weight=\"47\" data-block-id=\"4\">\n<p class=\"content-text__container \" data-track-category=\"Link no Texto\" data-track-links=\"\">O preso estava internado no Hospital Regional de Presidente Prudente desde o dia 14 de setembro e apresentava desconforto respirat\u00f3rio e baixa satura\u00e7\u00e3o. Segundo a Prefeitura, o detento era portador do v\u00edrus HIV h\u00e1 muitos anos, tratava de tuberculose resistente, tinha doen\u00e7a hep\u00e1tica e investigava um c\u00e2ncer.<\/p>\n<\/div>\n<div class=\"mc-column content-text active-extra-styles \" data-block-type=\"unstyled\" data-block-weight=\"22\" data-block-id=\"5\">\n<p class=\"content-text__container \" style=\"text-align: justify;\" data-track-category=\"Link no Texto\" data-track-links=\"\">Martin\u00f3polis possui 289 casos positivos, 149 suspeitos e 1.075 j\u00e1 descartados de Covid-19. Ainda segundo a Prefeitura, 258 pacientes j\u00e1 foram curados.<\/p>\n<p style=\"text-align: justify;\" data-track-category=\"Link no Texto\" data-track-links=\"\">Fonte: G1<\/p>\n<\/div>\n<\/div>\n","protected":false},"excerpt":{"rendered":"<p>Preso, de 43 anos, morreu na segunda-feira (19), mas resultado do exame saiu nesta quinta-feira (22). Cidade possui 289 casos positivos da doen\u00e7a. A Prefeitura de\u00a0Martin\u00f3polis\u00a0confirmou nesta quinta-feira (22) a morte de um detento de 43 anos por Covid-19. Ele cumpria pena na Penitenci\u00e1ria da cidade e\u00a0morreu na \u00faltima segunda-feira (19), como foi noticiado pelo\u00a0G1. [&hellip;]<\/p>\n","protected":false},"author":1,"featured_media":37468,"comment_status":"closed","ping_status":"open","sticky":false,"template":"","format":"standard","meta":{"footnotes":""},"categories":[178,110],"tags":[],"class_list":["post-37467","post","type-post","status-publish","format-standard","has-post-thumbnail","hentry","category-notadefalecimento","category-noticiasdestaque"],"_links":{"self":[{"href":"https:\/\/jorgezanoni.com.br\/2019\/wp-json\/wp\/v2\/posts\/37467","targetHints":{"allow":["GET"]}}],"collection":[{"href":"https:\/\/jorgezanoni.com.br\/2019\/wp-json\/wp\/v2\/posts"}],"about":[{"href":"https:\/\/jorgezanoni.com.br\/2019\/wp-json\/wp\/v2\/types\/post"}],"author":[{"embeddable":true,"href":"https:\/\/jorgezanoni.com.br\/2019\/wp-json\/wp\/v2\/users\/1"}],"replies":[{"embeddable":true,"href":"https:\/\/jorgezanoni.com.br\/2019\/wp-json\/wp\/v2\/comments?post=37467"}],"version-history":[{"count":0,"href":"https:\/\/jorgezanoni.com.br\/2019\/wp-json\/wp\/v2\/posts\/37467\/revisions"}],"wp:featuredmedia":[{"embeddable":true,"href":"https:\/\/jorgezanoni.com.br\/2019\/wp-json\/wp\/v2\/media\/37468"}],"wp:attachment":[{"href":"https:\/\/jorgezanoni.com.br\/2019\/wp-json\/wp\/v2\/media?parent=37467"}],"wp:term":[{"taxonomy":"category","embeddable":true,"href":"https:\/\/jorgezanoni.com.br\/2019\/wp-json\/wp\/v2\/categories?post=37467"},{"taxonomy":"post_tag","embeddable":true,"href":"https:\/\/jorgezanoni.com.br\/2019\/wp-json\/wp\/v2\/tags?post=37467"}],"curies":[{"name":"wp","href":"https:\/\/api.w.org\/{rel}","templated":true}]}}