{"id":37464,"date":"2020-10-22T22:45:09","date_gmt":"2020-10-22T22:45:09","guid":{"rendered":"https:\/\/jorgezanoni.com.br\/2019\/?p=37464"},"modified":"2020-10-22T22:45:09","modified_gmt":"2020-10-22T22:45:09","slug":"homem-morre-apos-ser-atacado-por-enxame-de-abelhas-enquanto-pescava-no-rio-parana-em-pauliceia","status":"publish","type":"post","link":"https:\/\/jorgezanoni.com.br\/2019\/homem-morre-apos-ser-atacado-por-enxame-de-abelhas-enquanto-pescava-no-rio-parana-em-pauliceia\/","title":{"rendered":"Homem morre ap\u00f3s ser atacado por enxame de abelhas enquanto pescava no Rio Paran\u00e1, em Paulic\u00e9ia"},"content":{"rendered":"<h2 class=\"content-head__subtitle\" style=\"text-align: justify;\"><strong>Pescador, de 64 anos, morador de Presidente Prudente, chegou a nadar at\u00e9 uma ilha, mas foi encontrado no local pelo Corpo de Bombeiros j\u00e1 sem vida.<\/strong><\/h2>\n<div class=\"mc-column content-text active-extra-styles \" data-block-type=\"unstyled\" data-block-weight=\"26\" data-block-id=\"2\">\n<p class=\"content-text__container \" style=\"text-align: justify;\" data-track-category=\"Link no Texto\" data-track-links=\"\">Um homem, de 64 anos, morreu depois de ser atacado por um enxame de abelhas enquanto pescava no Rio Paran\u00e1, em\u00a0<a href=\"https:\/\/g1.globo.com\/sp\/presidente-prudente-regiao\/cidade\/pauliceia\/\">Paulic\u00e9ia (SP)<\/a>, nesta quinta-feira (22).<\/p>\n<\/div>\n<div class=\"wall protected-content\">\n<div class=\"mc-column content-text active-extra-styles \" style=\"text-align: justify;\" data-block-type=\"unstyled\" data-block-weight=\"21\" data-block-id=\"3\">\n<p class=\"content-text__container \" data-track-category=\"Link no Texto\" data-track-links=\"\">O corpo da v\u00edtima foi encontrado pelo Corpo de Bombeiros em uma parte rasa do Rio Paran\u00e1, pr\u00f3xima \u00e0 Ilha Tibiri\u00e7\u00e1.<\/p>\n<\/div>\n<div class=\"mc-column content-text active-extra-styles \" style=\"text-align: justify;\" data-block-type=\"unstyled\" data-block-weight=\"32\" data-block-id=\"4\">\n<p class=\"content-text__container \" data-track-category=\"Link no Texto\" data-track-links=\"\">Conforme a Pol\u00edcia Civil, o corpo ser\u00e1 encaminhado ao Instituto M\u00e9dico Legal (IML), onde ser\u00e1 submetido a exame necrosc\u00f3pico para determinar a causa da morte, que pode ter sido por afogamento.<\/p>\n<\/div>\n<div class=\"mc-column content-text active-extra-styles \" style=\"text-align: justify;\" data-block-type=\"unstyled\" data-block-weight=\"26\" data-block-id=\"5\">\n<p class=\"content-text__container \" data-track-category=\"Link no Texto\" data-track-links=\"\">De acordo com o Corpo de Bombeiros, dois homens estavam pescando em uma mesma embarca\u00e7\u00e3o quando passou uma &#8220;nuvem&#8221; de abelhas por eles e os atacou.<\/p>\n<\/div>\n<div class=\"row medium-uncollapsed content-media content-photo\" style=\"text-align: justify;\" data-block-type=\"backstage-photo\" data-block-id=\"6\">\n<div class=\"mc-column content-media__container\">\n<figure><img decoding=\"async\" class=\"i-amphtml-fill-content i-amphtml-replaced-content\" src=\"https:\/\/s2.glbimg.com\/kKUMmRa9IIHo01UYEhttpeC1spU=\/0x0:1280x960\/984x0\/smart\/filters:strip_icc()\/i.s3.glbimg.com\/v1\/AUTH_59edd422c0c84a879bd37670ae4f538a\/internal_photos\/bs\/2020\/U\/m\/IHNzbyTCawXGt74HoWMw\/bombeiros-1.jpg\" sizes=\"(max-width: 1366px) 648px, 100vw\" srcset=\"https:\/\/s2.glbimg.com\/zS_4oSzXWfBbVtQcTqDXc5mrkvA=\/0x0:1280x960\/1000x0\/smart\/filters:strip_icc()\/i.s3.glbimg.com\/v1\/AUTH_59edd422c0c84a879bd37670ae4f538a\/internal_photos\/bs\/2020\/U\/m\/IHNzbyTCawXGt74HoWMw\/bombeiros-1.jpg 1000w, https:\/\/s2.glbimg.com\/kKUMmRa9IIHo01UYEhttpeC1spU=\/0x0:1280x960\/984x0\/smart\/filters:strip_icc()\/i.s3.glbimg.com\/v1\/AUTH_59edd422c0c84a879bd37670ae4f538a\/internal_photos\/bs\/2020\/U\/m\/IHNzbyTCawXGt74HoWMw\/bombeiros-1.jpg 984w, https:\/\/s2.glbimg.com\/dLmqoT2hTH_lsDq7jzaaz2hTBsY=\/0x0:1280x960\/640x0\/smart\/filters:strip_icc()\/i.s3.glbimg.com\/v1\/AUTH_59edd422c0c84a879bd37670ae4f538a\/internal_photos\/bs\/2020\/U\/m\/IHNzbyTCawXGt74HoWMw\/bombeiros-1.jpg 640w, https:\/\/s2.glbimg.com\/kty0lE8vwpcRLY3W6s4-3FuUg3g=\/0x0:1280x960\/600x0\/smart\/filters:strip_icc()\/i.s3.glbimg.com\/v1\/AUTH_59edd422c0c84a879bd37670ae4f538a\/internal_photos\/bs\/2020\/U\/m\/IHNzbyTCawXGt74HoWMw\/bombeiros-1.jpg 600w\" alt=\"V\u00edtimas pescavam no Rio Paran\u00e1 quando sofreram ataque de abelhas \u2014 Foto: Corpo de Bombeiros\" \/><\/figure>\n<p class=\"content-media__description \">V\u00edtimas pescavam no Rio Paran\u00e1 quando sofreram ataque de abelhas \u2014 Foto: Corpo de Bombeiros<\/p>\n<\/div>\n<\/div>\n<div class=\"content-ads content-ads--reveal\" style=\"text-align: justify;\" data-block-type=\"ads\" data-block-id=\"7\">\n<div id=\"banner_materia2\" class=\"tag-manager-publicidade-container mc-has-reveal mc-has-ad-lazyload\" data-id=\"banner_materia2\"><\/div>\n<\/div>\n<div class=\"mc-column content-text active-extra-styles \" style=\"text-align: justify;\" data-block-type=\"unstyled\" data-block-weight=\"34\" data-block-id=\"8\">\n<p class=\"content-text__container \" data-track-category=\"Link no Texto\" data-track-links=\"\">A outra v\u00edtima, um homem, de 62 anos, que \u00e9 policial militar aposentado, est\u00e1 em observa\u00e7\u00e3o no Pronto-socorro de\u00a0<a href=\"https:\/\/g1.globo.com\/sp\/presidente-prudente-regiao\/cidade\/panorama\/\">Panorama (SP)<\/a>. Inicialmente, ele foi levado ao Pronto-socorro de Paulic\u00e9ia e depois transferido para Panorama.<\/p>\n<\/div>\n<div class=\"mc-column content-text active-extra-styles \" style=\"text-align: justify;\" data-block-type=\"unstyled\" data-block-weight=\"15\" data-block-id=\"9\">\n<p class=\"content-text__container \" data-track-category=\"Link no Texto\" data-track-links=\"\">Segundo a Pol\u00edcia Civil, ele foi resgatado por uma embarca\u00e7\u00e3o que tamb\u00e9m estava no rio.<\/p>\n<\/div>\n<div class=\"mc-column content-text active-extra-styles \" style=\"text-align: justify;\" data-block-type=\"unstyled\" data-block-weight=\"40\" data-block-id=\"10\">\n<p class=\"content-text__container \" data-track-category=\"Link no Texto\" data-track-links=\"\">Ainda de acordo com a Pol\u00edcia Civil, o corpo cl\u00ednico que atendeu o homem retirou mais de 100 ferr\u00f5es do corpo dele e informou que ele havia sido atacado pelas abelhas com mais intensidade do que a v\u00edtima fatal.<\/p>\n<\/div>\n<div class=\"mc-column content-text active-extra-styles \" style=\"text-align: justify;\" data-block-type=\"unstyled\" data-block-weight=\"7\" data-block-id=\"11\">\n<p class=\"content-text__container \" data-track-category=\"Link no Texto\" data-track-links=\"\">Ambos s\u00e3o moradores de\u00a0<a href=\"https:\/\/g1.globo.com\/sp\/presidente-prudente-regiao\/cidade\/presidente-prudente\/\">Presidente Prudente (SP)<\/a>.<\/p>\n<\/div>\n<div class=\"mc-column content-text active-extra-styles \" style=\"text-align: justify;\" data-block-type=\"unstyled\" data-block-weight=\"30\" data-block-id=\"12\">\n<p class=\"content-text__container \" data-track-category=\"Link no Texto\" data-track-links=\"\">Segundo a Pol\u00edcia Militar, outras duas pessoas que pescavam no Rio Paran\u00e1 tamb\u00e9m foram atacadas pelas abelhas, mas tiveram ferimentos leves e buscaram atendimento m\u00e9dico por conta pr\u00f3pria em Paulic\u00e9ia.<\/p>\n<\/div>\n<div class=\"row medium-uncollapsed content-media content-photo\" style=\"text-align: justify;\" data-block-type=\"backstage-photo\" data-block-id=\"13\">\n<div class=\"mc-column content-media__container\">\n<figure><img decoding=\"async\" class=\"i-amphtml-fill-content i-amphtml-replaced-content\" src=\"https:\/\/s2.glbimg.com\/OjB8348S2j3bTnJoEOisSsoXEI8=\/0x126:720x650\/984x0\/smart\/filters:strip_icc()\/i.s3.glbimg.com\/v1\/AUTH_59edd422c0c84a879bd37670ae4f538a\/internal_photos\/bs\/2020\/q\/q\/DOZuPEQ8SQO5tevszV9w\/whatsapp-image-2020-10-22-at-13.48.27.jpeg\" sizes=\"(max-width: 1366px) 648px, 100vw\" srcset=\"https:\/\/s2.glbimg.com\/MOxjZp97VAAfpoMQU4OpIsuwl34=\/0x126:720x650\/1000x0\/smart\/filters:strip_icc()\/i.s3.glbimg.com\/v1\/AUTH_59edd422c0c84a879bd37670ae4f538a\/internal_photos\/bs\/2020\/q\/q\/DOZuPEQ8SQO5tevszV9w\/whatsapp-image-2020-10-22-at-13.48.27.jpeg 1000w, https:\/\/s2.glbimg.com\/OjB8348S2j3bTnJoEOisSsoXEI8=\/0x126:720x650\/984x0\/smart\/filters:strip_icc()\/i.s3.glbimg.com\/v1\/AUTH_59edd422c0c84a879bd37670ae4f538a\/internal_photos\/bs\/2020\/q\/q\/DOZuPEQ8SQO5tevszV9w\/whatsapp-image-2020-10-22-at-13.48.27.jpeg 984w, https:\/\/s2.glbimg.com\/2-NwYaZvhimGy7PDjN1UnUwIhNk=\/0x126:720x650\/640x0\/smart\/filters:strip_icc()\/i.s3.glbimg.com\/v1\/AUTH_59edd422c0c84a879bd37670ae4f538a\/internal_photos\/bs\/2020\/q\/q\/DOZuPEQ8SQO5tevszV9w\/whatsapp-image-2020-10-22-at-13.48.27.jpeg 640w, https:\/\/s2.glbimg.com\/P1ss5akeu8ZLNJQz6VCzQ7hKHys=\/0x126:720x650\/600x0\/smart\/filters:strip_icc()\/i.s3.glbimg.com\/v1\/AUTH_59edd422c0c84a879bd37670ae4f538a\/internal_photos\/bs\/2020\/q\/q\/DOZuPEQ8SQO5tevszV9w\/whatsapp-image-2020-10-22-at-13.48.27.jpeg 600w\" alt=\"Pescador morreu ap\u00f3s ataque de enxame de abelhas no Rio Paran\u00e1 \u2014 Foto: Blog Panorama Not\u00edcias \" \/><\/figure>\n<p class=\"content-media__description \">Pescador morreu ap\u00f3s ataque de enxame de abelhas no Rio Paran\u00e1 \u2014 Foto: Blog Panorama Not\u00edcias<\/p>\n<\/div>\n<\/div>\n<div class=\"mc-column content-text active-extra-styles\" style=\"text-align: justify;\" data-block-type=\"raw\" data-block-weight=\"1\" data-block-id=\"14\">\n<div class=\"content-intertitle\">\n<h2>Socorro<\/h2>\n<\/div>\n<\/div>\n<div class=\"mc-column content-text active-extra-styles \" style=\"text-align: justify;\" data-block-type=\"unstyled\" data-block-weight=\"33\" data-block-id=\"15\">\n<p class=\"content-text__container \" data-track-category=\"Link no Texto\" data-track-links=\"\">De acordo com as informa\u00e7\u00f5es fornecidas pela Pol\u00edcia Militar, havia duas embarca\u00e7\u00f5es, cada uma com dois pescadores, que estavam pr\u00f3ximas em atividade de pesca no Rio Paran\u00e1, quando ocorreu o ataque de abelhas.<\/p>\n<\/div>\n<div class=\"mc-column content-text active-extra-styles \" style=\"text-align: justify;\" data-block-type=\"unstyled\" data-block-weight=\"25\" data-block-id=\"16\">\n<p class=\"content-text__container \" data-track-category=\"Link no Texto\" data-track-links=\"\">Em uma das embarca\u00e7\u00f5es, estavam os homens de 62 e 64 anos. O de 64 anos morreu e o de 62 foi socorrido com vida.<\/p>\n<\/div>\n<div class=\"mc-column content-text active-extra-styles \" style=\"text-align: justify;\" data-block-type=\"unstyled\" data-block-weight=\"38\" data-block-id=\"17\">\n<p class=\"content-text__container \" data-track-category=\"Link no Texto\" data-track-links=\"\">O Corpo de Bombeiros informou que o pescador de 64 anos nadou at\u00e9 uma ilha, que fica no meio do Rio Paran\u00e1. No entanto, quando os bombeiros chegaram ao local, j\u00e1 o encontraram morto na margem da ilha.<\/p>\n<\/div>\n<div class=\"content-ads content-ads--reveal\" style=\"text-align: justify;\" data-block-type=\"ads\" data-block-id=\"18\">\n<div id=\"banner_materia__92e29f14-9b6a-4009-83eb-af3a2551162e\" class=\"tag-manager-publicidade-container mc-has-reveal mc-has-ad-lazyload\" data-id=\"banner_materia__92e29f14-9b6a-4009-83eb-af3a2551162e\"><\/div>\n<\/div>\n<div class=\"row medium-uncollapsed content-media content-photo\" style=\"text-align: justify;\" data-block-type=\"backstage-photo\" data-block-id=\"19\">\n<div class=\"mc-column content-media__container\">\n<figure><img decoding=\"async\" class=\"i-amphtml-fill-content i-amphtml-replaced-content\" src=\"https:\/\/s2.glbimg.com\/KU-Pf2w8g9msB4bNssafV_7dBYE=\/0x0:960x1280\/984x0\/smart\/filters:strip_icc()\/i.s3.glbimg.com\/v1\/AUTH_59edd422c0c84a879bd37670ae4f538a\/internal_photos\/bs\/2020\/E\/1\/zkpVRWRJSktOEgAGFLjA\/bombeiros-2.jpg\" sizes=\"(max-width: 1366px) 648px, 100vw\" srcset=\"https:\/\/s2.glbimg.com\/_3FdBci5YI21ZxAk8Kg8ppwnzDw=\/0x0:960x1280\/1000x0\/smart\/filters:strip_icc()\/i.s3.glbimg.com\/v1\/AUTH_59edd422c0c84a879bd37670ae4f538a\/internal_photos\/bs\/2020\/E\/1\/zkpVRWRJSktOEgAGFLjA\/bombeiros-2.jpg 1000w, https:\/\/s2.glbimg.com\/KU-Pf2w8g9msB4bNssafV_7dBYE=\/0x0:960x1280\/984x0\/smart\/filters:strip_icc()\/i.s3.glbimg.com\/v1\/AUTH_59edd422c0c84a879bd37670ae4f538a\/internal_photos\/bs\/2020\/E\/1\/zkpVRWRJSktOEgAGFLjA\/bombeiros-2.jpg 984w, https:\/\/s2.glbimg.com\/xuD1IMYVB2YRj_3N4lw6QrWA3bM=\/0x0:960x1280\/640x0\/smart\/filters:strip_icc()\/i.s3.glbimg.com\/v1\/AUTH_59edd422c0c84a879bd37670ae4f538a\/internal_photos\/bs\/2020\/E\/1\/zkpVRWRJSktOEgAGFLjA\/bombeiros-2.jpg 640w, https:\/\/s2.glbimg.com\/HbgAM-6PLUcPPQJKjBRQF1zZXnc=\/0x0:960x1280\/600x0\/smart\/filters:strip_icc()\/i.s3.glbimg.com\/v1\/AUTH_59edd422c0c84a879bd37670ae4f538a\/internal_photos\/bs\/2020\/E\/1\/zkpVRWRJSktOEgAGFLjA\/bombeiros-2.jpg 600w\" alt=\"V\u00edtimas pescavam no Rio Paran\u00e1 quando sofreram ataque de abelhas \u2014 Foto: Corpo de Bombeiros\" \/><\/figure>\n<p class=\"content-media__description \">V\u00edtimas pescavam no Rio Paran\u00e1 quando sofreram ataque de abelhas \u2014 Foto: Corpo de Bombeiros<\/p>\n<\/div>\n<\/div>\n<div class=\"mc-column content-text active-extra-styles \" style=\"text-align: justify;\" data-block-type=\"unstyled\" data-block-weight=\"40\" data-block-id=\"20\">\n<p class=\"content-text__container \" data-track-category=\"Link no Texto\" data-track-links=\"\">Outras duas pessoas que pescavam no local \u2013 um casal de 72 e 79 anos \u2013 tamb\u00e9m foram picadas pelas abelhas e, assim como o homem de 62 anos, acabaram socorridas com vida e encaminhadas a atendimento m\u00e9dico em Paulic\u00e9ia.<\/p>\n<\/div>\n<div class=\"mc-column content-text active-extra-styles \" style=\"text-align: justify;\" data-block-type=\"unstyled\" data-block-weight=\"17\" data-block-id=\"21\">\n<p class=\"content-text__container \" data-track-category=\"Link no Texto\" data-track-links=\"\">Segundo o Corpo de Bombeiros, as tr\u00eas v\u00edtimas feridas j\u00e1 foram medicadas e encontram-se conscientes e est\u00e1veis.<\/p>\n<\/div>\n<div class=\"mc-column content-text active-extra-styles \" style=\"text-align: justify;\" data-block-type=\"unstyled\" data-block-weight=\"17\" data-block-id=\"22\">\n<p class=\"content-text__container \" data-track-category=\"Link no Texto\" data-track-links=\"\">Uma terceira embarca\u00e7\u00e3o que estava no local, segundo a PM, ajudou na presta\u00e7\u00e3o do socorro \u00e0s v\u00edtimas.<\/p>\n<\/div>\n<div class=\"row medium-uncollapsed content-media content-photo\" style=\"text-align: justify;\" data-block-type=\"backstage-photo\" data-block-id=\"23\">\n<div class=\"mc-column content-media__container\">\n<figure><img decoding=\"async\" class=\"i-amphtml-fill-content i-amphtml-replaced-content\" src=\"https:\/\/s2.glbimg.com\/72z7ibAF4nxWNfhVx0ueik4vNz4=\/0x286:720x757\/984x0\/smart\/filters:strip_icc()\/i.s3.glbimg.com\/v1\/AUTH_59edd422c0c84a879bd37670ae4f538a\/internal_photos\/bs\/2020\/y\/8\/TK1eesS6a8Wm73ZKqYHg\/whatsapp-image-2020-10-22-at-13.48.27-1-.jpeg\" sizes=\"(max-width: 1366px) 648px, 100vw\" srcset=\"https:\/\/s2.glbimg.com\/yM59nuhOnVVADw9m4wON8YiL5Tw=\/0x286:720x757\/1000x0\/smart\/filters:strip_icc()\/i.s3.glbimg.com\/v1\/AUTH_59edd422c0c84a879bd37670ae4f538a\/internal_photos\/bs\/2020\/y\/8\/TK1eesS6a8Wm73ZKqYHg\/whatsapp-image-2020-10-22-at-13.48.27-1-.jpeg 1000w, https:\/\/s2.glbimg.com\/72z7ibAF4nxWNfhVx0ueik4vNz4=\/0x286:720x757\/984x0\/smart\/filters:strip_icc()\/i.s3.glbimg.com\/v1\/AUTH_59edd422c0c84a879bd37670ae4f538a\/internal_photos\/bs\/2020\/y\/8\/TK1eesS6a8Wm73ZKqYHg\/whatsapp-image-2020-10-22-at-13.48.27-1-.jpeg 984w, https:\/\/s2.glbimg.com\/Hgjt3qq9vf5H41TVOC3p4e7qiks=\/0x286:720x757\/640x0\/smart\/filters:strip_icc()\/i.s3.glbimg.com\/v1\/AUTH_59edd422c0c84a879bd37670ae4f538a\/internal_photos\/bs\/2020\/y\/8\/TK1eesS6a8Wm73ZKqYHg\/whatsapp-image-2020-10-22-at-13.48.27-1-.jpeg 640w, https:\/\/s2.glbimg.com\/UdRULoT0H3Ngv7RWKIF9snGtm6E=\/0x286:720x757\/600x0\/smart\/filters:strip_icc()\/i.s3.glbimg.com\/v1\/AUTH_59edd422c0c84a879bd37670ae4f538a\/internal_photos\/bs\/2020\/y\/8\/TK1eesS6a8Wm73ZKqYHg\/whatsapp-image-2020-10-22-at-13.48.27-1-.jpeg 600w\" alt=\"Pescador morreu ap\u00f3s ataque de enxame de abelhas no Rio Paran\u00e1 \u2014 Foto: Blog Panorama Not\u00edcias \" \/><\/figure>\n<p class=\"content-media__description \">Pescador morreu ap\u00f3s ataque de enxame de abelhas no Rio Paran\u00e1 \u2014 Foto: Blog Panorama Not\u00edcias<\/p>\n<\/div>\n<\/div>\n<div class=\"row medium-uncollapsed content-media content-photo\" style=\"text-align: justify;\" data-block-type=\"backstage-photo\" data-block-id=\"24\">\n<div class=\"mc-column content-media__container\">\n<figure><img decoding=\"async\" class=\"i-amphtml-fill-content i-amphtml-replaced-content\" src=\"https:\/\/s2.glbimg.com\/Qd0gAC3BOPgSfHV0qMk6FuBNNeQ=\/50x0:1280x960\/984x0\/smart\/filters:strip_icc()\/i.s3.glbimg.com\/v1\/AUTH_59edd422c0c84a879bd37670ae4f538a\/internal_photos\/bs\/2020\/x\/Y\/BnfuW3S6e4hoYr0yeA8Q\/bombeiros-3.jpg\" sizes=\"(max-width: 1366px) 648px, 100vw\" srcset=\"https:\/\/s2.glbimg.com\/BtV7PkbtsneV-vf2j0fxiRIvnjk=\/50x0:1280x960\/1000x0\/smart\/filters:strip_icc()\/i.s3.glbimg.com\/v1\/AUTH_59edd422c0c84a879bd37670ae4f538a\/internal_photos\/bs\/2020\/x\/Y\/BnfuW3S6e4hoYr0yeA8Q\/bombeiros-3.jpg 1000w, https:\/\/s2.glbimg.com\/Qd0gAC3BOPgSfHV0qMk6FuBNNeQ=\/50x0:1280x960\/984x0\/smart\/filters:strip_icc()\/i.s3.glbimg.com\/v1\/AUTH_59edd422c0c84a879bd37670ae4f538a\/internal_photos\/bs\/2020\/x\/Y\/BnfuW3S6e4hoYr0yeA8Q\/bombeiros-3.jpg 984w, https:\/\/s2.glbimg.com\/VkkFlN1qPBk3YOevr45LXZYxLiU=\/50x0:1280x960\/640x0\/smart\/filters:strip_icc()\/i.s3.glbimg.com\/v1\/AUTH_59edd422c0c84a879bd37670ae4f538a\/internal_photos\/bs\/2020\/x\/Y\/BnfuW3S6e4hoYr0yeA8Q\/bombeiros-3.jpg 640w, https:\/\/s2.glbimg.com\/ariHDQeQxa_4J2MU8ym6GXBO0CA=\/50x0:1280x960\/600x0\/smart\/filters:strip_icc()\/i.s3.glbimg.com\/v1\/AUTH_59edd422c0c84a879bd37670ae4f538a\/internal_photos\/bs\/2020\/x\/Y\/BnfuW3S6e4hoYr0yeA8Q\/bombeiros-3.jpg 600w\" alt=\"V\u00edtimas pescavam no Rio Paran\u00e1 quando sofreram ataque de abelhas \u2014 Foto: Corpo de Bombeiros\" \/><\/figure>\n<p class=\"content-media__description \">V\u00edtimas pescavam no Rio Paran\u00e1 quando sofreram ataque de abelhas \u2014 Foto: Corpo de Bombeiros<\/p>\n<\/div>\n<\/div>\n<div class=\"content-ads content-ads--reveal\" style=\"text-align: justify;\" data-block-type=\"ads\" data-block-id=\"25\">\n<div id=\"banner_materia__aca82294-d00d-45cc-ae38-a7196889faf9\" class=\"tag-manager-publicidade-container mc-has-reveal mc-has-ad-lazyload\" data-id=\"banner_materia__aca82294-d00d-45cc-ae38-a7196889faf9\"><\/div>\n<\/div>\n<div class=\"row medium-uncollapsed content-media content-photo\" data-block-type=\"backstage-photo\" data-block-id=\"26\">\n<div class=\"mc-column content-media__container\">\n<figure style=\"text-align: justify;\"><img decoding=\"async\" class=\"i-amphtml-fill-content i-amphtml-replaced-content\" src=\"https:\/\/s2.glbimg.com\/N5vKh2U5fppjsd5WnST0Vtjw-0Y=\/0x0:1280x960\/984x0\/smart\/filters:strip_icc()\/i.s3.glbimg.com\/v1\/AUTH_59edd422c0c84a879bd37670ae4f538a\/internal_photos\/bs\/2020\/m\/Y\/Y2vf1qSFuvcBdztBYVPw\/bombeiros-4.jpg\" sizes=\"(max-width: 1366px) 648px, 100vw\" srcset=\"https:\/\/s2.glbimg.com\/ZmDviMFZ3xrmbKhpjzvVQOzi4uY=\/0x0:1280x960\/1000x0\/smart\/filters:strip_icc()\/i.s3.glbimg.com\/v1\/AUTH_59edd422c0c84a879bd37670ae4f538a\/internal_photos\/bs\/2020\/m\/Y\/Y2vf1qSFuvcBdztBYVPw\/bombeiros-4.jpg 1000w, https:\/\/s2.glbimg.com\/N5vKh2U5fppjsd5WnST0Vtjw-0Y=\/0x0:1280x960\/984x0\/smart\/filters:strip_icc()\/i.s3.glbimg.com\/v1\/AUTH_59edd422c0c84a879bd37670ae4f538a\/internal_photos\/bs\/2020\/m\/Y\/Y2vf1qSFuvcBdztBYVPw\/bombeiros-4.jpg 984w, https:\/\/s2.glbimg.com\/27E_SkKH7qIHvjyO2SCNerHTqe4=\/0x0:1280x960\/640x0\/smart\/filters:strip_icc()\/i.s3.glbimg.com\/v1\/AUTH_59edd422c0c84a879bd37670ae4f538a\/internal_photos\/bs\/2020\/m\/Y\/Y2vf1qSFuvcBdztBYVPw\/bombeiros-4.jpg 640w, https:\/\/s2.glbimg.com\/INwhrGyfxBHgKGOLYAuS0tdp7pI=\/0x0:1280x960\/600x0\/smart\/filters:strip_icc()\/i.s3.glbimg.com\/v1\/AUTH_59edd422c0c84a879bd37670ae4f538a\/internal_photos\/bs\/2020\/m\/Y\/Y2vf1qSFuvcBdztBYVPw\/bombeiros-4.jpg 600w\" alt=\"V\u00edtimas pescavam no Rio Paran\u00e1 quando sofreram ataque de abelhas \u2014 Foto: Corpo de Bombeiros\" \/><\/figure>\n<p class=\"content-media__description \" style=\"text-align: justify;\">V\u00edtimas pescavam no Rio Paran\u00e1 quando sofreram ataque de abelhas \u2014 Foto: Corpo de Bombeiros<\/p>\n<p>Fonte: G1<\/p>\n<\/div>\n<\/div>\n<\/div>\n","protected":false},"excerpt":{"rendered":"<p>Pescador, de 64 anos, morador de Presidente Prudente, chegou a nadar at\u00e9 uma ilha, mas foi encontrado no local pelo Corpo de Bombeiros j\u00e1 sem vida. Um homem, de 64 anos, morreu depois de ser atacado por um enxame de abelhas enquanto pescava no Rio Paran\u00e1, em\u00a0Paulic\u00e9ia (SP), nesta quinta-feira (22). O corpo da v\u00edtima [&hellip;]<\/p>\n","protected":false},"author":1,"featured_media":37465,"comment_status":"closed","ping_status":"open","sticky":false,"template":"","format":"standard","meta":{"footnotes":""},"categories":[110,2],"tags":[],"class_list":["post-37464","post","type-post","status-publish","format-standard","has-post-thumbnail","hentry","category-noticiasdestaque","category-policial"],"_links":{"self":[{"href":"https:\/\/jorgezanoni.com.br\/2019\/wp-json\/wp\/v2\/posts\/37464","targetHints":{"allow":["GET"]}}],"collection":[{"href":"https:\/\/jorgezanoni.com.br\/2019\/wp-json\/wp\/v2\/posts"}],"about":[{"href":"https:\/\/jorgezanoni.com.br\/2019\/wp-json\/wp\/v2\/types\/post"}],"author":[{"embeddable":true,"href":"https:\/\/jorgezanoni.com.br\/2019\/wp-json\/wp\/v2\/users\/1"}],"replies":[{"embeddable":true,"href":"https:\/\/jorgezanoni.com.br\/2019\/wp-json\/wp\/v2\/comments?post=37464"}],"version-history":[{"count":0,"href":"https:\/\/jorgezanoni.com.br\/2019\/wp-json\/wp\/v2\/posts\/37464\/revisions"}],"wp:featuredmedia":[{"embeddable":true,"href":"https:\/\/jorgezanoni.com.br\/2019\/wp-json\/wp\/v2\/media\/37465"}],"wp:attachment":[{"href":"https:\/\/jorgezanoni.com.br\/2019\/wp-json\/wp\/v2\/media?parent=37464"}],"wp:term":[{"taxonomy":"category","embeddable":true,"href":"https:\/\/jorgezanoni.com.br\/2019\/wp-json\/wp\/v2\/categories?post=37464"},{"taxonomy":"post_tag","embeddable":true,"href":"https:\/\/jorgezanoni.com.br\/2019\/wp-json\/wp\/v2\/tags?post=37464"}],"curies":[{"name":"wp","href":"https:\/\/api.w.org\/{rel}","templated":true}]}}