{"id":3745,"date":"2019-08-13T01:06:37","date_gmt":"2019-08-13T01:06:37","guid":{"rendered":"https:\/\/jorgezanoni.com.br\/2019\/?p=3745"},"modified":"2019-08-13T01:06:37","modified_gmt":"2019-08-13T01:06:37","slug":"ex-funcionario-usa-mascara-de-idoso-e-e-preso-em-tentativa-de-assalto-a-banco-em-jaragua-do-sul","status":"publish","type":"post","link":"https:\/\/jorgezanoni.com.br\/2019\/ex-funcionario-usa-mascara-de-idoso-e-e-preso-em-tentativa-de-assalto-a-banco-em-jaragua-do-sul\/","title":{"rendered":"Ex-funcion\u00e1rio usa m\u00e1scara de idoso e \u00e9 preso em tentativa de assalto a banco em Jaragu\u00e1 do Sul"},"content":{"rendered":"<h2 class=\"content-head__subtitle\" style=\"text-align: justify;\"><strong>Homem pulou de janela de ag\u00eancia na fuga e caiu em cima de carro na tarde desta segunda-feira. Ele quebrou a perna e foi detido.<\/strong><\/h2>\n<h2 class=\"content-head__subtitle\" style=\"text-align: justify;\"><strong><img loading=\"lazy\" decoding=\"async\" class=\"alignnone size-full wp-image-3746\" src=\"https:\/\/jorgezanoni.com.br\/2019\/wp-content\/uploads\/2019\/08\/mascara.jpg\" alt=\"\" width=\"1000\" height=\"1333\" srcset=\"https:\/\/jorgezanoni.com.br\/2019\/wp-content\/uploads\/2019\/08\/mascara.jpg 1000w, https:\/\/jorgezanoni.com.br\/2019\/wp-content\/uploads\/2019\/08\/mascara-225x300.jpg 225w, https:\/\/jorgezanoni.com.br\/2019\/wp-content\/uploads\/2019\/08\/mascara-768x1024.jpg 768w, https:\/\/jorgezanoni.com.br\/2019\/wp-content\/uploads\/2019\/08\/mascara-696x928.jpg 696w, https:\/\/jorgezanoni.com.br\/2019\/wp-content\/uploads\/2019\/08\/mascara-315x420.jpg 315w\" sizes=\"auto, (max-width: 1000px) 100vw, 1000px\" \/><\/strong><\/h2>\n<p style=\"text-align: justify;\"><strong>M\u00e1scara foi usada por ex-funcion\u00e1rio em assalto a banco \u2014 Foto: PM\/Divulga\u00e7\u00e3o<\/strong><\/p>\n<p style=\"text-align: justify;\">Um ex-funcion\u00e1rio foi preso em uma tentativa de assalto a uma ag\u00eancia banc\u00e1ria em<a href=\"https:\/\/g1.globo.com\/sc\/santa-catarina\/cidade\/jaragua-do-sul\/\">\u00a0Jaragu\u00e1 do Sul,\u00a0<\/a>no Norte catarinense, na tarde desta segunda-feira (12). Segundo a Pol\u00edcia Militar, ele usava uma m\u00e1scara de idoso quando tentou cometer o crime.<img loading=\"lazy\" decoding=\"async\" class=\"alignnone size-full wp-image-3747\" src=\"https:\/\/jorgezanoni.com.br\/2019\/wp-content\/uploads\/2019\/08\/mascara1.jpg\" alt=\"\" width=\"1000\" height=\"667\" srcset=\"https:\/\/jorgezanoni.com.br\/2019\/wp-content\/uploads\/2019\/08\/mascara1.jpg 1000w, https:\/\/jorgezanoni.com.br\/2019\/wp-content\/uploads\/2019\/08\/mascara1-300x200.jpg 300w, https:\/\/jorgezanoni.com.br\/2019\/wp-content\/uploads\/2019\/08\/mascara1-768x512.jpg 768w, https:\/\/jorgezanoni.com.br\/2019\/wp-content\/uploads\/2019\/08\/mascara1-696x464.jpg 696w, https:\/\/jorgezanoni.com.br\/2019\/wp-content\/uploads\/2019\/08\/mascara1-630x420.jpg 630w\" sizes=\"auto, (max-width: 1000px) 100vw, 1000px\" \/><\/p>\n<div class=\"row medium-uncollapsed content-media content-photo\" data-block-type=\"backstage-photo\" data-block-id=\"3\">\n<div class=\"mc-column content-media__container\">\n<p class=\"content-media__description \"><strong>PM apreende m\u00e1scara usada em tentativa de roubo a banco em Jaragu\u00e1 do Sul \u2014 Foto: Pol\u00edcia Militar\/Divulga\u00e7\u00e3o<\/strong><\/p>\n<\/div>\n<\/div>\n<div class=\"mc-column content-text active-extra-styles \" data-block-type=\"unstyled\" data-block-weight=\"45\" data-block-id=\"4\">\n<p class=\"content-text__container \" data-track-category=\"Link no Texto\" data-track-links=\"\">A Pol\u00edcia Militar foi acionada \u00e0s 12h40 no Centro da cidade. Os policias fizeram cerco \u00e0 ag\u00eancia e o suspeito tentou fugir por uma janela. Na fuga, ele caiu em cima de um carro e fraturou a perna, de acordo com a PM.<\/p>\n<p data-track-category=\"Link no Texto\" data-track-links=\"\"><img loading=\"lazy\" decoding=\"async\" class=\"alignnone size-full wp-image-3748\" src=\"https:\/\/jorgezanoni.com.br\/2019\/wp-content\/uploads\/2019\/08\/mascara2.jpg\" alt=\"\" width=\"1000\" height=\"1333\" srcset=\"https:\/\/jorgezanoni.com.br\/2019\/wp-content\/uploads\/2019\/08\/mascara2.jpg 1000w, https:\/\/jorgezanoni.com.br\/2019\/wp-content\/uploads\/2019\/08\/mascara2-225x300.jpg 225w, https:\/\/jorgezanoni.com.br\/2019\/wp-content\/uploads\/2019\/08\/mascara2-768x1024.jpg 768w, https:\/\/jorgezanoni.com.br\/2019\/wp-content\/uploads\/2019\/08\/mascara2-696x928.jpg 696w, https:\/\/jorgezanoni.com.br\/2019\/wp-content\/uploads\/2019\/08\/mascara2-315x420.jpg 315w\" sizes=\"auto, (max-width: 1000px) 100vw, 1000px\" \/><\/p>\n<div class=\"row medium-uncollapsed content-media content-photo\" data-block-type=\"backstage-photo\" data-block-id=\"5\">\n<div class=\"mc-column content-media__container\">\n<p class=\"content-media__description \" style=\"text-align: justify;\"><strong>Homem caiu em fuga de ocorr\u00eancia em Jaragu\u00e1 do Sul \u2014 Foto: PM\/Divulga\u00e7\u00e3o<\/strong><\/p>\n<\/div>\n<\/div>\n<div class=\"content-ads content-ads--reveal\" data-block-type=\"ads\" data-block-id=\"6\">\n<div id=\"banner_materia2\" class=\"tag-manager-publicidade-container mc-has-reveal mc-has-ad-lazyload tag-manager-publicidade-banner_materia2 tag-manager-publicidade-container--carregado tag-manager-publicidade-container--visivel\" data-id=\"banner_materia2\" data-google-query-id=\"CLqakPHS_uMCFQ9VwQodooIFYA\" data-cid=\"138280847736\" data-lid=\"5140700579\">\n<div class=\"mc-column content-text active-extra-styles \" style=\"text-align: justify;\" data-block-type=\"unstyled\" data-block-weight=\"35\" data-block-id=\"7\">\n<p class=\"content-text__container \" data-track-category=\"Link no Texto\" data-track-links=\"\">Ainda segundo a PM, foram encontrados um simulacro de arma e uma arma de fogo, que ser\u00e3o periciadas. O homem estava com uma m\u00e1scara de borracha, \u00f3culos escuros, boina e terno, que foram apreendidos.<\/p>\n<\/div>\n<div class=\"mc-column content-text active-extra-styles \" data-block-type=\"unstyled\" data-block-weight=\"38\" data-block-id=\"8\">\n<p class=\"content-text__container \" style=\"text-align: justify;\" data-track-category=\"Link no Texto\" data-track-links=\"\">A pol\u00edcia ainda investiga se houve a participa\u00e7\u00e3o de mais pessoas na tentativa de assalto. Pelas informa\u00e7\u00f5es preliminares, ningu\u00e9m que estava no banco ficou ferido. A reportagem tentou contato com a Pol\u00edcia Civil, sem sucesso at\u00e9 esta publica\u00e7\u00e3o.<\/p>\n<p data-track-category=\"Link no Texto\" data-track-links=\"\">Fonte: G1<\/p>\n<\/div>\n<\/div>\n<\/div>\n<\/div>\n<p>&nbsp;<\/p>\n","protected":false},"excerpt":{"rendered":"<p>Homem pulou de janela de ag\u00eancia na fuga e caiu em cima de carro na tarde desta segunda-feira. Ele quebrou a perna e foi detido. M\u00e1scara foi usada por ex-funcion\u00e1rio em assalto a banco \u2014 Foto: PM\/Divulga\u00e7\u00e3o Um ex-funcion\u00e1rio foi preso em uma tentativa de assalto a uma ag\u00eancia banc\u00e1ria em\u00a0Jaragu\u00e1 do Sul,\u00a0no Norte catarinense, [&hellip;]<\/p>\n","protected":false},"author":1,"featured_media":3746,"comment_status":"closed","ping_status":"open","sticky":false,"template":"","format":"standard","meta":{"footnotes":""},"categories":[110,2],"tags":[],"class_list":["post-3745","post","type-post","status-publish","format-standard","has-post-thumbnail","hentry","category-noticiasdestaque","category-policial"],"_links":{"self":[{"href":"https:\/\/jorgezanoni.com.br\/2019\/wp-json\/wp\/v2\/posts\/3745","targetHints":{"allow":["GET"]}}],"collection":[{"href":"https:\/\/jorgezanoni.com.br\/2019\/wp-json\/wp\/v2\/posts"}],"about":[{"href":"https:\/\/jorgezanoni.com.br\/2019\/wp-json\/wp\/v2\/types\/post"}],"author":[{"embeddable":true,"href":"https:\/\/jorgezanoni.com.br\/2019\/wp-json\/wp\/v2\/users\/1"}],"replies":[{"embeddable":true,"href":"https:\/\/jorgezanoni.com.br\/2019\/wp-json\/wp\/v2\/comments?post=3745"}],"version-history":[{"count":0,"href":"https:\/\/jorgezanoni.com.br\/2019\/wp-json\/wp\/v2\/posts\/3745\/revisions"}],"wp:featuredmedia":[{"embeddable":true,"href":"https:\/\/jorgezanoni.com.br\/2019\/wp-json\/wp\/v2\/media\/3746"}],"wp:attachment":[{"href":"https:\/\/jorgezanoni.com.br\/2019\/wp-json\/wp\/v2\/media?parent=3745"}],"wp:term":[{"taxonomy":"category","embeddable":true,"href":"https:\/\/jorgezanoni.com.br\/2019\/wp-json\/wp\/v2\/categories?post=3745"},{"taxonomy":"post_tag","embeddable":true,"href":"https:\/\/jorgezanoni.com.br\/2019\/wp-json\/wp\/v2\/tags?post=3745"}],"curies":[{"name":"wp","href":"https:\/\/api.w.org\/{rel}","templated":true}]}}