{"id":37428,"date":"2020-10-21T12:41:29","date_gmt":"2020-10-21T12:41:29","guid":{"rendered":"https:\/\/jorgezanoni.com.br\/2019\/?p=37428"},"modified":"2020-10-22T13:10:43","modified_gmt":"2020-10-22T13:10:43","slug":"morre-atsushi-kato-esposo-da-luciana-moveis-progresso","status":"publish","type":"post","link":"https:\/\/jorgezanoni.com.br\/2019\/morre-atsushi-kato-esposo-da-luciana-moveis-progresso\/","title":{"rendered":"Morre Atsushi Kato, esposo da Luciana M\u00f3veis Progresso"},"content":{"rendered":"<div class=\"kvgmc6g5 cxmmr5t8 oygrvhab hcukyx3x c1et5uql ii04i59q\">\n<div dir=\"auto\" style=\"text-align: justify;\">Faleceu no final da noite de ontem, Atsushi Kato aos 55 anos. Ele estava internado no Hospital HR em presidente Prudente em tratamento. Diversas pessoas de Dracena fizeram doa\u00e7\u00e3o de Sangue.<\/div>\n<\/div>\n<div dir=\"auto\" style=\"text-align: justify;\">Deixa a esposa Luciana Mendes propriet\u00e1ria do M\u00f3veis Progresso.<\/div>\n<div dir=\"auto\" style=\"text-align: justify;\">O Vel\u00f3rio est\u00e1 ocorrendo no Memorial Vida Prev, e o Sepultamento ser\u00e1 hoje (21) \u00e0s 15h30, no Cemit\u00e9rio Municipal de Dracena.<\/div>\n<div dir=\"auto\"><\/div>\n<div dir=\"auto\">O Site Jorge Zanoni se solidariza com a fam\u00edlia neste dif\u00edcil momento.<\/div>\n<div class=\"kvgmc6g5 cxmmr5t8 oygrvhab hcukyx3x c1et5uql ii04i59q\" style=\"text-align: justify;\"><\/div>\n<div class=\"o9v6fnle cxmmr5t8 oygrvhab hcukyx3x c1et5uql ii04i59q\">\n<div dir=\"auto\" style=\"text-align: justify;\"><img loading=\"lazy\" decoding=\"async\" class=\"alignnone size-full wp-image-37455\" src=\"https:\/\/jorgezanoni.com.br\/2019\/wp-content\/uploads\/2020\/10\/Atsugi.jpg\" alt=\"\" width=\"1280\" height=\"720\" srcset=\"https:\/\/jorgezanoni.com.br\/2019\/wp-content\/uploads\/2020\/10\/Atsugi.jpg 1280w, https:\/\/jorgezanoni.com.br\/2019\/wp-content\/uploads\/2020\/10\/Atsugi-300x169.jpg 300w, https:\/\/jorgezanoni.com.br\/2019\/wp-content\/uploads\/2020\/10\/Atsugi-1024x576.jpg 1024w, https:\/\/jorgezanoni.com.br\/2019\/wp-content\/uploads\/2020\/10\/Atsugi-768x432.jpg 768w, https:\/\/jorgezanoni.com.br\/2019\/wp-content\/uploads\/2020\/10\/Atsugi-696x392.jpg 696w, https:\/\/jorgezanoni.com.br\/2019\/wp-content\/uploads\/2020\/10\/Atsugi-1068x601.jpg 1068w, https:\/\/jorgezanoni.com.br\/2019\/wp-content\/uploads\/2020\/10\/Atsugi-747x420.jpg 747w\" sizes=\"auto, (max-width: 1280px) 100vw, 1280px\" \/><\/div>\n<div dir=\"auto\"><\/div>\n<\/div>\n","protected":false},"excerpt":{"rendered":"<p>Faleceu no final da noite de ontem, Atsushi Kato aos 55 anos. Ele estava internado no Hospital HR em presidente Prudente em tratamento. Diversas pessoas de Dracena fizeram doa\u00e7\u00e3o de Sangue. Deixa a esposa Luciana Mendes propriet\u00e1ria do M\u00f3veis Progresso. O Vel\u00f3rio est\u00e1 ocorrendo no Memorial Vida Prev, e o Sepultamento ser\u00e1 hoje (21) \u00e0s [&hellip;]<\/p>\n","protected":false},"author":1,"featured_media":37429,"comment_status":"closed","ping_status":"open","sticky":false,"template":"","format":"standard","meta":{"footnotes":""},"categories":[178,110],"tags":[],"class_list":["post-37428","post","type-post","status-publish","format-standard","has-post-thumbnail","hentry","category-notadefalecimento","category-noticiasdestaque"],"_links":{"self":[{"href":"https:\/\/jorgezanoni.com.br\/2019\/wp-json\/wp\/v2\/posts\/37428","targetHints":{"allow":["GET"]}}],"collection":[{"href":"https:\/\/jorgezanoni.com.br\/2019\/wp-json\/wp\/v2\/posts"}],"about":[{"href":"https:\/\/jorgezanoni.com.br\/2019\/wp-json\/wp\/v2\/types\/post"}],"author":[{"embeddable":true,"href":"https:\/\/jorgezanoni.com.br\/2019\/wp-json\/wp\/v2\/users\/1"}],"replies":[{"embeddable":true,"href":"https:\/\/jorgezanoni.com.br\/2019\/wp-json\/wp\/v2\/comments?post=37428"}],"version-history":[{"count":0,"href":"https:\/\/jorgezanoni.com.br\/2019\/wp-json\/wp\/v2\/posts\/37428\/revisions"}],"wp:featuredmedia":[{"embeddable":true,"href":"https:\/\/jorgezanoni.com.br\/2019\/wp-json\/wp\/v2\/media\/37429"}],"wp:attachment":[{"href":"https:\/\/jorgezanoni.com.br\/2019\/wp-json\/wp\/v2\/media?parent=37428"}],"wp:term":[{"taxonomy":"category","embeddable":true,"href":"https:\/\/jorgezanoni.com.br\/2019\/wp-json\/wp\/v2\/categories?post=37428"},{"taxonomy":"post_tag","embeddable":true,"href":"https:\/\/jorgezanoni.com.br\/2019\/wp-json\/wp\/v2\/tags?post=37428"}],"curies":[{"name":"wp","href":"https:\/\/api.w.org\/{rel}","templated":true}]}}