{"id":37374,"date":"2020-10-20T12:38:42","date_gmt":"2020-10-20T12:38:42","guid":{"rendered":"https:\/\/jorgezanoni.com.br\/2019\/?p=37374"},"modified":"2020-10-20T12:38:42","modified_gmt":"2020-10-20T12:38:42","slug":"fundec-realizara-a-feira-das-profissoes-on-line","status":"publish","type":"post","link":"https:\/\/jorgezanoni.com.br\/2019\/fundec-realizara-a-feira-das-profissoes-on-line\/","title":{"rendered":"Fundec realizar\u00e1 a Feira das Profiss\u00f5es on-line"},"content":{"rendered":"<p dir=\"ltr\" style=\"text-align: justify;\"><strong>O evento ajuda os vestibulandos a escolherem suas profiss\u00f5es. Neste ano, contar\u00e1 tamb\u00e9m com sorteio de bolsas de estudos.<\/strong><\/p>\n<p>Escolher a profiss\u00e3o ainda no ensino m\u00e9dio \u00e9 uma grande responsabilidade. Escolher a profiss\u00e3o, passar em um vestibular e fazer o curso dos sonhos \u00e9 uma grande alegria! Pensando nisso, a Fundec realiza anualmente a sua Feira das Profiss\u00f5es, que apresenta aos jovens estudantes o ambiente dos cursos t\u00e9cnicos e da faculdade.<br \/>\nA Unifadra (cursos superiores) e o CEP\/UME (cursos t\u00e9cnicos), unidades mantidas pela Fundec, prepararam uma programa\u00e7\u00e3o especial para a Feira deste ano, que ser\u00e1 realizada nos dias 20 e 21 de outubro. O evento \u00e9 aberto e totalmente gratuito.<br \/>\nEm meio a uma pandemia, tivemos que reinventar nossa Feira das Profiss\u00f5es. Um formato novo e on-line que vai permitir que todos participem de casa.<\/p>\n<p dir=\"ltr\" style=\"text-align: justify;\">Com o tema &#8220;E agora? Qual profiss\u00e3o seguir p\u00f3s-pandemia?&#8221;, o evento contar\u00e1 com rodas de conversas e palestras curtas, que v\u00e3o mostrar um pouco mais o ambiente da Faculdade Unifadra e dos cursos t\u00e9cnicos do CEP\/UME, bem como o mercado de trabalho e as informa\u00e7\u00f5es sobre cada curso.<br \/>\nNeste ano, haver\u00e1 sorteio de bolsas de 50% de desconto da Unifadra (exceto Medicina &#8211; verifique o edital). Para concorrer, \u00e9 necess\u00e1rio se inscrever e participar da Feira pelo site \u00a0\u00a0<a href=\"http:\/\/www.fundec.edu.br\/feira\" target=\"_blank\" rel=\"noopener noreferrer\">www.fundec.edu.br\/feira<\/a> .<br \/>\nA diretora do CEP\/UME Julia Portari enfatiza que a Feira das Profiss\u00f5es mostra v\u00e1rias possibilidades de cursos t\u00e9cnicos que conduzir\u00e3o os jovens para o exerc\u00edcio de uma profiss\u00e3o com sucesso.<br \/>\nO diretor acad\u00eamico da Unifadra Enio Garbelini destaca que a Feira das Profiss\u00f5es \u00e9 uma grande oportunidade para a escolha de um futuro profissional de sucesso e possibilita que os interessados conhe\u00e7am os cursos que s\u00e3o ofertados pela Unifadra.<\/p>\n<p>Mais informa\u00e7\u00f5es da Feira das Profiss\u00f5es: (18) 3821-9004 ou pelo Whatsapp (18) 99802-1<\/p>\n<div class=\"gmail_signature\" dir=\"ltr\">\n<div dir=\"ltr\" style=\"text-align: justify;\"><b>Carolina Colnago<br \/>\nAssistente de Comunica\u00e7\u00e3o\u00a0<\/b><br \/>\n<b>Funda\u00e7\u00e3o Dracenense de Educa\u00e7\u00e3o e Cultura<\/b><\/div>\n<\/div>\n","protected":false},"excerpt":{"rendered":"<p>O evento ajuda os vestibulandos a escolherem suas profiss\u00f5es. Neste ano, contar\u00e1 tamb\u00e9m com sorteio de bolsas de estudos. Escolher a profiss\u00e3o ainda no ensino m\u00e9dio \u00e9 uma grande responsabilidade. Escolher a profiss\u00e3o, passar em um vestibular e fazer o curso dos sonhos \u00e9 uma grande alegria! Pensando nisso, a Fundec realiza anualmente a sua [&hellip;]<\/p>\n","protected":false},"author":1,"featured_media":37375,"comment_status":"closed","ping_status":"open","sticky":false,"template":"","format":"standard","meta":{"footnotes":""},"categories":[122],"tags":[],"class_list":["post-37374","post","type-post","status-publish","format-standard","has-post-thumbnail","hentry","category-saudeeducacaoeconcurso"],"_links":{"self":[{"href":"https:\/\/jorgezanoni.com.br\/2019\/wp-json\/wp\/v2\/posts\/37374","targetHints":{"allow":["GET"]}}],"collection":[{"href":"https:\/\/jorgezanoni.com.br\/2019\/wp-json\/wp\/v2\/posts"}],"about":[{"href":"https:\/\/jorgezanoni.com.br\/2019\/wp-json\/wp\/v2\/types\/post"}],"author":[{"embeddable":true,"href":"https:\/\/jorgezanoni.com.br\/2019\/wp-json\/wp\/v2\/users\/1"}],"replies":[{"embeddable":true,"href":"https:\/\/jorgezanoni.com.br\/2019\/wp-json\/wp\/v2\/comments?post=37374"}],"version-history":[{"count":0,"href":"https:\/\/jorgezanoni.com.br\/2019\/wp-json\/wp\/v2\/posts\/37374\/revisions"}],"wp:featuredmedia":[{"embeddable":true,"href":"https:\/\/jorgezanoni.com.br\/2019\/wp-json\/wp\/v2\/media\/37375"}],"wp:attachment":[{"href":"https:\/\/jorgezanoni.com.br\/2019\/wp-json\/wp\/v2\/media?parent=37374"}],"wp:term":[{"taxonomy":"category","embeddable":true,"href":"https:\/\/jorgezanoni.com.br\/2019\/wp-json\/wp\/v2\/categories?post=37374"},{"taxonomy":"post_tag","embeddable":true,"href":"https:\/\/jorgezanoni.com.br\/2019\/wp-json\/wp\/v2\/tags?post=37374"}],"curies":[{"name":"wp","href":"https:\/\/api.w.org\/{rel}","templated":true}]}}