{"id":37328,"date":"2020-10-20T01:52:20","date_gmt":"2020-10-20T01:52:20","guid":{"rendered":"https:\/\/jorgezanoni.com.br\/2019\/?p=37328"},"modified":"2020-10-20T01:52:20","modified_gmt":"2020-10-20T01:52:20","slug":"temporal-causa-estragos-em-adamantina","status":"publish","type":"post","link":"https:\/\/jorgezanoni.com.br\/2019\/temporal-causa-estragos-em-adamantina\/","title":{"rendered":"Temporal causa estragos em Adamantina"},"content":{"rendered":"<div class=\"col-md-2 text-center\"><img decoding=\"async\" class=\"img-thumbnail img-responsive dvg-cand-foto ng-scope\" src=\"http:\/\/divulgacandcontas.tse.jus.br\/candidaturas\/oficial\/2020\/SP\/63894\/426\/candidatos\/458655\/foto.jpg\" alt=\"\" data-ng-if=\"!resultData.st_SUBSTITUIDO\" \/><\/p>\n<h2 class=\"subtitulo\" style=\"text-align: justify;\"><strong>H\u00e1 registros de queda de \u00e1rvores, destelhamentos e queda de muros, mobilizando equipes de apoio.<\/strong><\/h2>\n<p>Um forte temporal na tarde desta segunda-feira (19), iniciado por volta das 15h30, fez estragos em diversos pontos de Adamantina. Chuvas e fortes ventos provocaram danos materiais. H\u00e1 inclusive relato de chuva de granizo. N\u00e3o \u00e9 poss\u00edvel, ainda, avaliar os preju\u00edzos. Grande parte da cidade ficou sem energia el\u00e9trica. Assista:<\/p>\n<div style=\"width: 640px;\" class=\"wp-video\"><video class=\"wp-video-shortcode\" id=\"video-37328-1\" width=\"640\" height=\"352\" preload=\"metadata\" controls=\"controls\"><source type=\"video\/mp4\" src=\"https:\/\/jorgezanoni.com.br\/2019\/wp-content\/uploads\/2020\/10\/WhatsApp-Video-2020-10-19-at-19.24.43.mp4?_=1\" \/><a href=\"https:\/\/jorgezanoni.com.br\/2019\/wp-content\/uploads\/2020\/10\/WhatsApp-Video-2020-10-19-at-19.24.43.mp4\">https:\/\/jorgezanoni.com.br\/2019\/wp-content\/uploads\/2020\/10\/WhatsApp-Video-2020-10-19-at-19.24.43.mp4<\/a><\/video><\/div>\n<p style=\"text-align: justify;\">Na Avenida Rio Branco, entre as ruas Rui Barbosa e Tsunekishi Sakai houve queda de \u00e1rvore, atingindo um ve\u00edculo que estava estacionado pelo local.<\/p>\n<p style=\"text-align: justify;\"><img loading=\"lazy\" decoding=\"async\" class=\"alignnone size-full wp-image-37331\" src=\"https:\/\/jorgezanoni.com.br\/2019\/wp-content\/uploads\/2020\/10\/veiculo-1.jpg\" alt=\"\" width=\"800\" height=\"600\" srcset=\"https:\/\/jorgezanoni.com.br\/2019\/wp-content\/uploads\/2020\/10\/veiculo-1.jpg 800w, https:\/\/jorgezanoni.com.br\/2019\/wp-content\/uploads\/2020\/10\/veiculo-1-300x225.jpg 300w, https:\/\/jorgezanoni.com.br\/2019\/wp-content\/uploads\/2020\/10\/veiculo-1-768x576.jpg 768w, https:\/\/jorgezanoni.com.br\/2019\/wp-content\/uploads\/2020\/10\/veiculo-1-80x60.jpg 80w, https:\/\/jorgezanoni.com.br\/2019\/wp-content\/uploads\/2020\/10\/veiculo-1-265x198.jpg 265w, https:\/\/jorgezanoni.com.br\/2019\/wp-content\/uploads\/2020\/10\/veiculo-1-696x522.jpg 696w, https:\/\/jorgezanoni.com.br\/2019\/wp-content\/uploads\/2020\/10\/veiculo-1-560x420.jpg 560w\" sizes=\"auto, (max-width: 800px) 100vw, 800px\" \/><em>Avenida Rio Branco, entre as ruas Rui Barbosa e Tsunekishi Sakai (Foto: Siga Mais).<\/em><\/p>\n<p style=\"font-weight: 400; text-align: justify;\">No Residencial Portugal II os fortes ventos derrubaram duas sequencias do muro do condom\u00ednio fechado. Os detritos foram lan\u00e7ados no passeio p\u00fablico.<\/p>\n<p><img loading=\"lazy\" decoding=\"async\" class=\"alignnone size-full wp-image-37332\" src=\"https:\/\/jorgezanoni.com.br\/2019\/wp-content\/uploads\/2020\/10\/uma.jpg\" alt=\"\" width=\"800\" height=\"600\" srcset=\"https:\/\/jorgezanoni.com.br\/2019\/wp-content\/uploads\/2020\/10\/uma.jpg 800w, https:\/\/jorgezanoni.com.br\/2019\/wp-content\/uploads\/2020\/10\/uma-300x225.jpg 300w, https:\/\/jorgezanoni.com.br\/2019\/wp-content\/uploads\/2020\/10\/uma-768x576.jpg 768w, https:\/\/jorgezanoni.com.br\/2019\/wp-content\/uploads\/2020\/10\/uma-80x60.jpg 80w, https:\/\/jorgezanoni.com.br\/2019\/wp-content\/uploads\/2020\/10\/uma-265x198.jpg 265w, https:\/\/jorgezanoni.com.br\/2019\/wp-content\/uploads\/2020\/10\/uma-696x522.jpg 696w, https:\/\/jorgezanoni.com.br\/2019\/wp-content\/uploads\/2020\/10\/uma-560x420.jpg 560w\" sizes=\"auto, (max-width: 800px) 100vw, 800px\" \/><em>Residencial Portugal II (Foto: Siga Mais).<\/em><\/p>\n<p style=\"text-align: justify;\"><img loading=\"lazy\" decoding=\"async\" class=\"alignnone size-full wp-image-37337\" src=\"https:\/\/jorgezanoni.com.br\/2019\/wp-content\/uploads\/2020\/10\/uma1-1.jpg\" alt=\"\" width=\"800\" height=\"600\" srcset=\"https:\/\/jorgezanoni.com.br\/2019\/wp-content\/uploads\/2020\/10\/uma1-1.jpg 800w, https:\/\/jorgezanoni.com.br\/2019\/wp-content\/uploads\/2020\/10\/uma1-1-300x225.jpg 300w, https:\/\/jorgezanoni.com.br\/2019\/wp-content\/uploads\/2020\/10\/uma1-1-768x576.jpg 768w, https:\/\/jorgezanoni.com.br\/2019\/wp-content\/uploads\/2020\/10\/uma1-1-80x60.jpg 80w, https:\/\/jorgezanoni.com.br\/2019\/wp-content\/uploads\/2020\/10\/uma1-1-265x198.jpg 265w, https:\/\/jorgezanoni.com.br\/2019\/wp-content\/uploads\/2020\/10\/uma1-1-696x522.jpg 696w, https:\/\/jorgezanoni.com.br\/2019\/wp-content\/uploads\/2020\/10\/uma1-1-560x420.jpg 560w\" sizes=\"auto, (max-width: 800px) 100vw, 800px\" \/><em>Residencial Portugal II (Foto: Siga Mais).<\/em><\/p>\n<p style=\"font-weight: 400; text-align: justify;\">Na rua Arno Kieffer, no im\u00f3vel onde funcionava a Ciretran, o vento arrancou a cobertura met\u00e1lica do im\u00f3vel. Partes da cobertura atingiram um poste residencial, fia\u00e7\u00e3o da rede p\u00fablica e ca\u00edram sobre um ve\u00edculo.<\/p>\n<p><img loading=\"lazy\" decoding=\"async\" class=\"alignnone size-full wp-image-37334\" src=\"https:\/\/jorgezanoni.com.br\/2019\/wp-content\/uploads\/2020\/10\/uma2.jpg\" alt=\"\" width=\"800\" height=\"600\" srcset=\"https:\/\/jorgezanoni.com.br\/2019\/wp-content\/uploads\/2020\/10\/uma2.jpg 800w, https:\/\/jorgezanoni.com.br\/2019\/wp-content\/uploads\/2020\/10\/uma2-300x225.jpg 300w, https:\/\/jorgezanoni.com.br\/2019\/wp-content\/uploads\/2020\/10\/uma2-768x576.jpg 768w, https:\/\/jorgezanoni.com.br\/2019\/wp-content\/uploads\/2020\/10\/uma2-80x60.jpg 80w, https:\/\/jorgezanoni.com.br\/2019\/wp-content\/uploads\/2020\/10\/uma2-265x198.jpg 265w, https:\/\/jorgezanoni.com.br\/2019\/wp-content\/uploads\/2020\/10\/uma2-696x522.jpg 696w, https:\/\/jorgezanoni.com.br\/2019\/wp-content\/uploads\/2020\/10\/uma2-560x420.jpg 560w\" sizes=\"auto, (max-width: 800px) 100vw, 800px\" \/><em>Rua Arno Kieffer, local onde funcionava a Ciretran (Foto: Siga Mais).<\/em><\/p>\n<p style=\"text-align: justify;\"><img loading=\"lazy\" decoding=\"async\" class=\"alignnone size-full wp-image-37338\" src=\"https:\/\/jorgezanoni.com.br\/2019\/wp-content\/uploads\/2020\/10\/uma3-1.jpg\" alt=\"\" width=\"800\" height=\"600\" srcset=\"https:\/\/jorgezanoni.com.br\/2019\/wp-content\/uploads\/2020\/10\/uma3-1.jpg 800w, https:\/\/jorgezanoni.com.br\/2019\/wp-content\/uploads\/2020\/10\/uma3-1-300x225.jpg 300w, https:\/\/jorgezanoni.com.br\/2019\/wp-content\/uploads\/2020\/10\/uma3-1-768x576.jpg 768w, https:\/\/jorgezanoni.com.br\/2019\/wp-content\/uploads\/2020\/10\/uma3-1-80x60.jpg 80w, https:\/\/jorgezanoni.com.br\/2019\/wp-content\/uploads\/2020\/10\/uma3-1-265x198.jpg 265w, https:\/\/jorgezanoni.com.br\/2019\/wp-content\/uploads\/2020\/10\/uma3-1-696x522.jpg 696w, https:\/\/jorgezanoni.com.br\/2019\/wp-content\/uploads\/2020\/10\/uma3-1-560x420.jpg 560w\" sizes=\"auto, (max-width: 800px) 100vw, 800px\" \/><em>Rua Arno Kieffer, local onde funcionava a Ciretran (Foto: Siga Mais).<\/em><\/p>\n<p style=\"font-weight: 400; text-align: justify;\">Um trecho do pavimento asf\u00e1ltico nas ruas Santa Catarina e Ernesto Silvestrin, no Residencial San Miguel I, foi atingido pelas \u00e1guas, com afundamento e remo\u00e7\u00e3o do pavimento.<\/p>\n<p style=\"text-align: justify;\"><img loading=\"lazy\" decoding=\"async\" class=\"alignnone size-full wp-image-37336\" src=\"https:\/\/jorgezanoni.com.br\/2019\/wp-content\/uploads\/2020\/10\/uma4.jpg\" alt=\"\" width=\"800\" height=\"600\" srcset=\"https:\/\/jorgezanoni.com.br\/2019\/wp-content\/uploads\/2020\/10\/uma4.jpg 800w, https:\/\/jorgezanoni.com.br\/2019\/wp-content\/uploads\/2020\/10\/uma4-300x225.jpg 300w, https:\/\/jorgezanoni.com.br\/2019\/wp-content\/uploads\/2020\/10\/uma4-768x576.jpg 768w, https:\/\/jorgezanoni.com.br\/2019\/wp-content\/uploads\/2020\/10\/uma4-80x60.jpg 80w, https:\/\/jorgezanoni.com.br\/2019\/wp-content\/uploads\/2020\/10\/uma4-265x198.jpg 265w, https:\/\/jorgezanoni.com.br\/2019\/wp-content\/uploads\/2020\/10\/uma4-696x522.jpg 696w, https:\/\/jorgezanoni.com.br\/2019\/wp-content\/uploads\/2020\/10\/uma4-560x420.jpg 560w\" sizes=\"auto, (max-width: 800px) 100vw, 800px\" \/><em>Rua Ernesto Silvestrin, no Residencial San Miguel 1 (Foto: Siga Mais).<\/em><\/p>\n<p style=\"font-weight: 400; text-align: justify;\">Foram registradas tamb\u00e9m destelhamento de outros im\u00f3veis, queda de \u00e1rvores e outros danos.<\/p>\n<p style=\"font-weight: 400; text-align: justify;\">As ocorr\u00eancias mobilizaram equipes do Corpo de Bombeiros, da Prefeitura de Adamantina (em especial do Departamento de Tr\u00e2nsito, Secretaria de Obras e Secretaria de Agricultura, Abastecimento e Meio Ambiente) e da concession\u00e1ria Energisa.<\/p>\n<p style=\"font-weight: 400; text-align: justify;\"><b><strong>Energisa mobiliza equipes<\/strong><\/b><\/p>\n<p style=\"font-weight: 400; text-align: justify;\">Em nota ao SIGA MAIS, enviada no final da tarde, a Energisa informa que est\u00e1 atuando de forma intensa para regularizar o fornecimento de energia para os clientes afetados pelo forte temporal que atingiu a cidade. A frente fria veio acompanhada com fortes ventos que lan\u00e7aram objetos e queda de galhos e \u00e1rvores sobre as redes de energia, ocasionando rompimento de cabos e quebra de postes.<\/p>\n<p style=\"font-weight: 400; text-align: justify;\">Segundo a nota, desde o in\u00edcio da ocorr\u00eancia a empresa acionou seu plano de conting\u00eancia e dezenas de equipes pr\u00f3prias e terceirizadas atuam em campo para normalizar o fornecimento de energia em pontos espec\u00edficos da cidade.<\/p>\n<p style=\"font-weight: 400; text-align: justify;\">A empresa orienta aos clientes que encontrarem fios ca\u00eddos, que mantenham dist\u00e2ncia e avisem imediatamente a concession\u00e1ria pelo telefone 0800 7010 326 (liga\u00e7\u00e3o gratuita). Al\u00e9m do contato via 0800, os clientes tamb\u00e9m podem acionar a distribuidora pelo aplicativo Energisa On ou pela Gisa (assistente virtual pelo WhatsApp) pelo n\u00famero: (18) 99120-3365. Em caso de falta de energia, o contato pode ser realizado pelos mesmos canais citados.<\/p>\n<p style=\"font-weight: 400; text-align: justify;\">\u201cA empresa conta com a compreens\u00e3o de todos e reafirma o seu compromisso de atuar com seguran\u00e7a e rapidez na regulariza\u00e7\u00e3o do fornecimento para os clientes atingidos\u201d, destaca o comunicado.<\/p>\n<p style=\"text-align: justify;\">Fonte: sigamais.com<\/p>\n<\/div>\n<div class=\"col-md-10 dvg-candidato-header text-left\">\n<div class=\"dvg-candidato-header-box\">\n<div class=\"dvg-tag-box\">\n<div class=\"dvg-tag-update\"><\/div>\n<\/div>\n<\/div>\n<\/div>\n","protected":false},"excerpt":{"rendered":"<p>H\u00e1 registros de queda de \u00e1rvores, destelhamentos e queda de muros, mobilizando equipes de apoio. Um forte temporal na tarde desta segunda-feira (19), iniciado por volta das 15h30, fez estragos em diversos pontos de Adamantina. Chuvas e fortes ventos provocaram danos materiais. H\u00e1 inclusive relato de chuva de granizo. N\u00e3o \u00e9 poss\u00edvel, ainda, avaliar os [&hellip;]<\/p>\n","protected":false},"author":1,"featured_media":37339,"comment_status":"closed","ping_status":"open","sticky":false,"template":"","format":"video","meta":{"footnotes":""},"categories":[195,179,110,169],"tags":[],"class_list":["post-37328","post","type-post","status-publish","format-video","has-post-thumbnail","hentry","category-adamantina","category-cidadeseregiao","category-noticiasdestaque","category-videos","post_format-post-format-video"],"_links":{"self":[{"href":"https:\/\/jorgezanoni.com.br\/2019\/wp-json\/wp\/v2\/posts\/37328","targetHints":{"allow":["GET"]}}],"collection":[{"href":"https:\/\/jorgezanoni.com.br\/2019\/wp-json\/wp\/v2\/posts"}],"about":[{"href":"https:\/\/jorgezanoni.com.br\/2019\/wp-json\/wp\/v2\/types\/post"}],"author":[{"embeddable":true,"href":"https:\/\/jorgezanoni.com.br\/2019\/wp-json\/wp\/v2\/users\/1"}],"replies":[{"embeddable":true,"href":"https:\/\/jorgezanoni.com.br\/2019\/wp-json\/wp\/v2\/comments?post=37328"}],"version-history":[{"count":0,"href":"https:\/\/jorgezanoni.com.br\/2019\/wp-json\/wp\/v2\/posts\/37328\/revisions"}],"wp:featuredmedia":[{"embeddable":true,"href":"https:\/\/jorgezanoni.com.br\/2019\/wp-json\/wp\/v2\/media\/37339"}],"wp:attachment":[{"href":"https:\/\/jorgezanoni.com.br\/2019\/wp-json\/wp\/v2\/media?parent=37328"}],"wp:term":[{"taxonomy":"category","embeddable":true,"href":"https:\/\/jorgezanoni.com.br\/2019\/wp-json\/wp\/v2\/categories?post=37328"},{"taxonomy":"post_tag","embeddable":true,"href":"https:\/\/jorgezanoni.com.br\/2019\/wp-json\/wp\/v2\/tags?post=37328"}],"curies":[{"name":"wp","href":"https:\/\/api.w.org\/{rel}","templated":true}]}}